{"id":262644,"date":"2025-11-29T21:22:12","date_gmt":"2025-11-29T21:22:12","guid":{"rendered":"https:\/\/www.europesays.com\/es\/262644\/"},"modified":"2025-11-29T21:22:12","modified_gmt":"2025-11-29T21:22:12","slug":"el-papa-preside-su-primera-misa-en-turquia-tras-visitar-la-mezquita-azul","status":"publish","type":"post","link":"https:\/\/www.europesays.com\/es\/262644\/","title":{"rendered":"El papa preside su primera misa en Turqu\u00eda tras visitar la Mezquita Azul"},"content":{"rendered":"<p>    <img src=\"https:\/\/www.europesays.com\/es\/wp-content\/uploads\/2025\/11\/2025-11-29T093A133A37Z-90552487.jpg\" width=\"1024\" height=\"682\" alt=\"\" loading=\"eager\" decoding=\"sync\" fetchpriority=\"high\"\/><\/p>\n<p>            afp_tickers        <\/p>\n<p>        Este contenido fue publicado en    <\/p>\n<p>        29 noviembre 2025 &#8211; 16:55\n<\/p>\n<p>El papa Le\u00f3n XIV ofici\u00f3 el s\u00e1bado en Estambul su primera misa en Turqu\u00eda ante miles de fieles y visit\u00f3 por la ma\u00f1ana la famosa Mezquita Azul, primer lugar de culto musulm\u00e1n al que acude como pont\u00edfice.<\/p>\n<p>En su \u00faltimo d\u00eda completo en Turqu\u00eda antes de partir hacia L\u00edbano, el papa estadounidense y peruano tambi\u00e9n se reuni\u00f3 con l\u00edderes eclesi\u00e1sticos locales y con el patriarca de Constantinopla, Bartolomeo I.<\/p>\n<p>Unos 4.000 fieles de la peque\u00f1a comunidad cat\u00f3lica turca pudieron finalmente acercarse al papa, rodeado de un gran dispositivo de seguridad desde su llegada el jueves a este pa\u00eds de mayor\u00eda musulmana.<\/p>\n<p>Los asistentes lo acogieron con c\u00e1nticos y aplausos en el Volkswagen Arena, sala de espect\u00e1culos habilitada en la tarde del s\u00e1bado para la misa.<\/p>\n<p>\u00abEs una visita significativa y espero que contribuya a sensibilizar\u00bb, dijo Cigdem Asinanyan, una habitante de Estambul que esper\u00f3 largo rato bajo la lluvia para acceder.<\/p>\n<p>Los cristianos solo representan 0,1% de la poblaci\u00f3n turca, de 86 millones de habitantes. Aunque se registraron avances en sus derechos, muchos denuncian desigualdad y cierta exclusi\u00f3n.<\/p>\n<p>Kasra Esfandiyari, refugiada cristiana iran\u00ed de 27 a\u00f1os, viaj\u00f3 seis horas en coche desde Esmirna (oeste) con su madre para vivir \u00abun momento hist\u00f3rico\u00bb. \u00abNo me lo pod\u00eda perder\u00bb, dijo a AFP.<\/p>\n<p>Antes del oficio, el papa de 70 a\u00f1os firm\u00f3 con Bartolomeo I una declaraci\u00f3n sobre la necesidad de mantener el di\u00e1logo interreligioso y de \u00abrechazar todo uso de la religi\u00f3n\u00bb para justificar la violencia.<\/p>\n<p>Reunidos en el palacio del patriarca ecum\u00e9nico en el Cuerno de Oro de Estambul, los dos dirigentes se comprometieron a continuar su esfuerzo para pactar una fecha com\u00fan para las Pascuas, que se celebran separadamente por cat\u00f3licos y ortodoxos.<\/p>\n<p>\u2013 \u00abProfundo respeto\u00bb \u2013<\/p>\n<p>El tercer d\u00eda del viaje papal a Turqu\u00eda empez\u00f3 con la visita a la Mezquita Azul, una de las mayores atracciones tur\u00edsticas de Estambul y uno de los templos m\u00e1s emblem\u00e1ticos de la ciudad.<\/p>\n<p>El pont\u00edfice se quit\u00f3 los zapatos antes de entrar y camin\u00f3 con calcetines blancos dentro de este imponente edificio otomano del siglo XVII, recubierto en su interior de cer\u00e1mica de Iznik.<\/p>\n<p>Rodeado de dignatarios musulmanes que le explicaron la historia del lugar, el papa visit\u00f3 el templo en un silencio interrumpido apenas por el ruido de las c\u00e1maras de foto y los graznidos de un cuervo que revoloteaba bajo las c\u00fapulas.<\/p>\n<p>A diferencia de su predecesor Francisco, no se detuvo a rezar.<\/p>\n<p>\u00abEl papa vivi\u00f3 la visita a la mezquita en silencio, en esp\u00edritu de recogimiento y escucha, con profundo respeto por el lugar y la fe de quienes se re\u00fanen all\u00ed para rezar\u00bb, indic\u00f3 el servicio de prensa del Vaticano.<\/p>\n<p>Contrariamente a sus predecesores, Le\u00f3n XIV no visit\u00f3 Santa Sof\u00eda, la antigua bas\u00edlica bizantina situada a apenas 300 metros.<\/p>\n<p>El templo fue convertido en mezquita por los otomanos tras la toma de Constantinopla en 1453 y se transform\u00f3 en museo tras el advenimiento de la Rep\u00fablica turca en 1923.<\/p>\n<p>Sin embargo, por iniciativa del actual presidente Recep Tayyip Erdogan, se reconvirti\u00f3 nuevamente en mezquita en 2020. El papa Francisco dijo en su momento que se sent\u00eda \u00abmuy entristecido\u00bb por esta decisi\u00f3n.<\/p>\n<p>\u2013 \u00abDemasiadas barreras\u00bb \u2013<\/p>\n<p>Pese al fr\u00edo y el cielo gris, decenas de personas recibieron en la Mezquita Azul al convoy papal con v\u00edtores. Sin embargo, como en otras etapas del viaje a Turqu\u00eda, el fuerte protocolo de seguridad provoc\u00f3 quejas de la poblaci\u00f3n local.<\/p>\n<p>Sedat Kezer, un vendedor de ma\u00edz tostado, dijo apreciar \u00abel encuentro entre personas de culturas diferentes\u00bb. \u00abNo obstante, el papa parecer\u00eda m\u00e1s sincero si se mezclara con el p\u00fablico. Nadie puede verlo ni interactuar con \u00e9l\u00bb, lament\u00f3.<\/p>\n<p>El viernes, el papa llam\u00f3 a la unidad entre los cristianos de distintas confesiones durante la celebraci\u00f3n en Isnik de los 1.700 a\u00f1os del Concilio de Nicea, acontecimiento fundador del cristianismo.\u00a0<\/p>\n<p>Divididos desde el gran cisma de 1054 entre las Iglesias de Oriente y Occidente, cat\u00f3licos y ortodoxos mantienen un di\u00e1logo y celebraciones comunes, a pesar de las divergencias doctrinales.<\/p>\n<p>Antes de su partida hacia L\u00edbano, donde estar\u00e1 hasta el martes, el Airbus A320 del papa fue reparado por un programa de control de vuelo vulnerable que afect\u00f3 a miles de aviones de este modelo, indic\u00f3 el Vaticano.<\/p>\n<p>cmk-rba\/avl\/sag\/dbh\/mab<\/p>\n","protected":false},"excerpt":{"rendered":"afp_tickers Este contenido fue publicado en 29 noviembre 2025 &#8211; 16:55 El papa Le\u00f3n XIV ofici\u00f3 el s\u00e1bado&hellip;\n","protected":false},"author":2,"featured_media":262645,"comment_status":"","ping_status":"","sticky":false,"template":"","format":"standard","meta":{"footnotes":""},"categories":[42],"tags":[12354,17,18,83,13,14,11,61,62,63,86,64,387,19,20,9,10,15,16,88,12356,5603,12357,90,12,21,22,65,66,67],"class_list":{"0":"post-262644","1":"post","2":"type-post","3":"status-publish","4":"format-standard","5":"has-post-thumbnail","7":"category-internacional","8":"tag-belief-faith","9":"tag-breaking-news","10":"tag-breakingnews","11":"tag-diplomacy","12":"tag-featured-news","13":"tag-featurednews","14":"tag-headlines","15":"tag-internacional","16":"tag-international","17":"tag-international-news","18":"tag-international-relations","19":"tag-internationalnews","20":"tag-islam","21":"tag-latest-news","22":"tag-latestnews","23":"tag-news","24":"tag-noticias","25":"tag-noticias-destacadas","26":"tag-noticiasdestacadas","27":"tag-politics","28":"tag-pope","29":"tag-religion","30":"tag-religious-leader","31":"tag-ticker","32":"tag-titulares","33":"tag-ultimas-noticias","34":"tag-ultimasnoticias","35":"tag-world","36":"tag-world-news","37":"tag-worldnews"},"share_on_mastodon":{"url":"https:\/\/pubeurope.com\/@es\/115635090523383289","error":""},"_links":{"self":[{"href":"https:\/\/www.europesays.com\/es\/wp-json\/wp\/v2\/posts\/262644","targetHints":{"allow":["GET"]}}],"collection":[{"href":"https:\/\/www.europesays.com\/es\/wp-json\/wp\/v2\/posts"}],"about":[{"href":"https:\/\/www.europesays.com\/es\/wp-json\/wp\/v2\/types\/post"}],"author":[{"embeddable":true,"href":"https:\/\/www.europesays.com\/es\/wp-json\/wp\/v2\/users\/2"}],"replies":[{"embeddable":true,"href":"https:\/\/www.europesays.com\/es\/wp-json\/wp\/v2\/comments?post=262644"}],"version-history":[{"count":0,"href":"https:\/\/www.europesays.com\/es\/wp-json\/wp\/v2\/posts\/262644\/revisions"}],"wp:featuredmedia":[{"embeddable":true,"href":"https:\/\/www.europesays.com\/es\/wp-json\/wp\/v2\/media\/262645"}],"wp:attachment":[{"href":"https:\/\/www.europesays.com\/es\/wp-json\/wp\/v2\/media?parent=262644"}],"wp:term":[{"taxonomy":"category","embeddable":true,"href":"https:\/\/www.europesays.com\/es\/wp-json\/wp\/v2\/categories?post=262644"},{"taxonomy":"post_tag","embeddable":true,"href":"https:\/\/www.europesays.com\/es\/wp-json\/wp\/v2\/tags?post=262644"}],"curies":[{"name":"wp","href":"https:\/\/api.w.org\/{rel}","templated":true}]}}