{"id":262646,"date":"2025-11-29T21:23:12","date_gmt":"2025-11-29T21:23:12","guid":{"rendered":"https:\/\/www.europesays.com\/es\/262646\/"},"modified":"2025-11-29T21:23:12","modified_gmt":"2025-11-29T21:23:12","slug":"asi-hemos-contado-el-encendido-de-las-luces-de-navidad-2025-en-zaragoza","status":"publish","type":"post","link":"https:\/\/www.europesays.com\/es\/262646\/","title":{"rendered":"As\u00ed hemos contado el encendido de las luces de Navidad 2025 en Zaragoza"},"content":{"rendered":"<p class=\"paragraph\">El <b>esp\u00edritu navide\u00f1o ha invadido Zaragoza este s\u00e1bado y cientos de personas han llenado el centro de la capital aragonesa<\/b> para dar la bienvenida a la Navidad. El tradicional encendido de luces a cargo de la alcaldesa, Natalia Chueca, y el cantante, Juanjo Bona, ha dado el pistoletazo de salida a un amplio programa con m\u00e1s de<a href=\"https:\/\/www.heraldo.es\/noticias\/aragon\/zaragoza\/2025\/11\/29\/guia-navidad-zaragoza-todo-debes-saber-epoca-mas-magica-ano-2025-2026-1874435.html\" title=\"Gu\u00eda de la Navidad en Zaragoza: todo lo que debes saber de la \u00e9poca m\u00e1s m\u00e1gica del a\u00f1o\" rel=\"nofollow noopener\" target=\"_blank\"> 600 actos desarrollados entre el 29 de noviembre y el 6 de enero.\u00a0<\/a><\/p>\n<p class=\"paragraph\">El epicentro de la fiesta este a\u00f1o ha sido la plaza de Espa\u00f1a, donde se han dado cita miembros de la corporaci\u00f3n municipal, el vicario general Rub\u00e9n Ruiz y cientos de zaragozanos. Desde el Consistorio han apostado por cambiar la ubicaci\u00f3n este a\u00f1o -tradicionalmente se hac\u00eda en la plaza del Pilar- <b>para dar importancia al cambio de iluminaci\u00f3n.<\/b> Las estrellas fragmentadas que engalanaban el paseo desde 2022, cuando se dise\u00f1aron en homenaje a las v\u00edctimas del coronavirus, han sido sustituidas por un techo de luces led.\u00a0<\/p>\n<p class=\"paragraph\">El coste del alumbrado de este a\u00f1o se ha elevado a 1.176.000 euros, una cifra similar a la destinada los \u00faltimos a\u00f1os. <b>En cuanto a la log\u00edstica del encendido, que tendr\u00e1 una hora de duraci\u00f3n, costar\u00e1 7.139 euros<\/b>. En la plaza de Espa\u00f1a se ha montado un escenario para las actuaciones previstas y, adem\u00e1s, hay un sistema de sonido para la sonorizaci\u00f3n por medio de un dispositivo electr\u00f3nico port\u00e1til con micr\u00f3fonos inal\u00e1mbricos.<\/p>\n<p>    <a name=\"1874416\"\/><\/p>\n<p>Placeholder mam module<\/p>\n<p>Encendido de las luces de Navidad 2025 en Zaragoza, en directo<\/p>\n<p class=\"paragraph\">El Ayuntamiento de la capital aragonesa ha preparado un amplio programa que recoge m\u00e1s de 600 actos que se desarrollar\u00e1n entre el 29 de noviembre y el 6 de enero para que tanto mayores como peque\u00f1os disfruten al m\u00e1ximo de esta m\u00e1gica \u00e9poca en la capital aragonesa.<\/p>\n<p class=\"paragraph\">El alumbrado se traslada a toda la ciudad<b>. El Ayuntamiento aparece envuelto con un lazo navide\u00f1o,<\/b> las casetas del mercado han llenado de luz y la avenida de Catalu\u00f1a y el parque Grande Jos\u00e9 Antonio Labordeta quedaron conectados por la impresionante Ruta de la luz de casi cuatro kil\u00f3metros. El \u00c1rbol de la Navidad de la plaza Para\u00edso y la calle de Alfonso I lucieron tambi\u00e9n radiantes, casi tanto como las caras de los m\u00e1s peque\u00f1os, que observaban at\u00f3nitos el espect\u00e1culo<\/p>\n","protected":false},"excerpt":{"rendered":"El esp\u00edritu navide\u00f1o ha invadido Zaragoza este s\u00e1bado y cientos de personas han llenado el centro de la&hellip;\n","protected":false},"author":2,"featured_media":262647,"comment_status":"","ping_status":"","sticky":false,"template":"","format":"standard","meta":{"footnotes":""},"categories":[8],"tags":[17,18,2125,63384,25,24,13,14,11,19,20,10539,2951,9,10,15,16,23,12,21,22,491],"class_list":{"0":"post-262646","1":"post","2":"type-post","3":"status-publish","4":"format-standard","5":"has-post-thumbnail","7":"category-espana","8":"tag-breaking-news","9":"tag-breakingnews","10":"tag-directo","11":"tag-encendido","12":"tag-es","13":"tag-espana","14":"tag-featured-news","15":"tag-featurednews","16":"tag-headlines","17":"tag-latest-news","18":"tag-latestnews","19":"tag-luces","20":"tag-navidad","21":"tag-news","22":"tag-noticias","23":"tag-noticias-destacadas","24":"tag-noticiasdestacadas","25":"tag-spain","26":"tag-titulares","27":"tag-ultimas-noticias","28":"tag-ultimasnoticias","29":"tag-zaragoza"},"share_on_mastodon":{"url":"https:\/\/pubeurope.com\/@es\/115635093655048787","error":""},"_links":{"self":[{"href":"https:\/\/www.europesays.com\/es\/wp-json\/wp\/v2\/posts\/262646","targetHints":{"allow":["GET"]}}],"collection":[{"href":"https:\/\/www.europesays.com\/es\/wp-json\/wp\/v2\/posts"}],"about":[{"href":"https:\/\/www.europesays.com\/es\/wp-json\/wp\/v2\/types\/post"}],"author":[{"embeddable":true,"href":"https:\/\/www.europesays.com\/es\/wp-json\/wp\/v2\/users\/2"}],"replies":[{"embeddable":true,"href":"https:\/\/www.europesays.com\/es\/wp-json\/wp\/v2\/comments?post=262646"}],"version-history":[{"count":0,"href":"https:\/\/www.europesays.com\/es\/wp-json\/wp\/v2\/posts\/262646\/revisions"}],"wp:featuredmedia":[{"embeddable":true,"href":"https:\/\/www.europesays.com\/es\/wp-json\/wp\/v2\/media\/262647"}],"wp:attachment":[{"href":"https:\/\/www.europesays.com\/es\/wp-json\/wp\/v2\/media?parent=262646"}],"wp:term":[{"taxonomy":"category","embeddable":true,"href":"https:\/\/www.europesays.com\/es\/wp-json\/wp\/v2\/categories?post=262646"},{"taxonomy":"post_tag","embeddable":true,"href":"https:\/\/www.europesays.com\/es\/wp-json\/wp\/v2\/tags?post=262646"}],"curies":[{"name":"wp","href":"https:\/\/api.w.org\/{rel}","templated":true}]}}