{"id":262650,"date":"2025-11-29T21:32:08","date_gmt":"2025-11-29T21:32:08","guid":{"rendered":"https:\/\/www.europesays.com\/es\/262650\/"},"modified":"2025-11-29T21:32:08","modified_gmt":"2025-11-29T21:32:08","slug":"zeljko-obradovic-mantiene-su-dimision-y-deja-el-partizan-de-belgrado-baloncesto-deportes","status":"publish","type":"post","link":"https:\/\/www.europesays.com\/es\/262650\/","title":{"rendered":"Zeljko Obradovic mantiene su dimisi\u00f3n y deja el Partiz\u00e1n de Belgrado | Baloncesto | Deportes"},"content":{"rendered":"<p class=\"\">No hay marcha atr\u00e1s. Zeljko Obradovic deja el Partiz\u00e1n de Belgrado. Ni <a href=\"https:\/\/elpais.com\/deportes\/baloncesto\/2025-11-27\/el-partizan-de-belgrado-no-acepta-la-dimision-de-zeljko-obradovic.html\" target=\"_blank\" rel=\"noreferrer nofollow noopener\" title=\"https:\/\/elpais.com\/deportes\/baloncesto\/2025-11-27\/el-partizan-de-belgrado-no-acepta-la-dimision-de-zeljko-obradovic.html\">las manifestaciones p\u00fablicas de apoyo por parte de una afici\u00f3n entregada<\/a> ni la insistencia de la junta directiva del club para que reconsiderara su decisi\u00f3n de dimitir han surtido efecto. Fiel al valor de su palabra, como siempre en su carrera, el campe\u00f3n de campeones, el entrenador m\u00e1s laureado de Europa con nueve t\u00edtulos de la Euroliga, se va del club de su vida por los malos resultados deportivos y por su distanciamiento de un vestuario que siente que ya no le sigue. En el Partiz\u00e1n de Belgrado comenz\u00f3 una carrera \u00fanica en los banquillos, cuando de la noche a la ma\u00f1ana pas\u00f3 de jugador a entrenador en 1991 para ganar ya en su primera temporada la Copa de Europa, y en el calor del hogar puede haber puesto punto final a su trayectoria. A los 65 a\u00f1os, despu\u00e9s de 34 en la pizarra, el c\u00edrculo se ha cerrado.<\/p>\n<p class=\"\">\u201cObradovic recibi\u00f3 el apoyo total e inequ\u00edvoco para continuar su trabajo y tomar todas las medidas necesarias para que el equipo blanquinegro supere la actual crisis de juego y de resultados\u201d, explic\u00f3 el Partiz\u00e1n este s\u00e1bado; \u201cla reuni\u00f3n dur\u00f3 m\u00e1s de dos horas, con un debate abierto sobre todos los problemas y las posibles soluciones. A pesar de una serie de propuestas constructivas que inclu\u00edan posibles recortes en el equipo, Zeljko Obradovic, aunque agradeci\u00f3 a todos sus palabras de apoyo, no cambi\u00f3 su decisi\u00f3n y ya no ejercer\u00e1 la funci\u00f3n de primer entrenador del equipo blanquinegro. El anterior t\u00e9cnico blanquinegro se mantuvo comprometido con su decisi\u00f3n de no retirar su dimisi\u00f3n debido a que no se ve trabajando con el actual equipo, as\u00ed como por el impacto que tiene en su salud el trabajo diario a este nivel\u201d.<\/p>\n<p class=\"\">El Partiz\u00e1n y su afici\u00f3n han contenido la respiraci\u00f3n en las \u00faltimas horas por el terremoto acerca del futuro de Obradovic. El Partiz\u00e1n cay\u00f3 el martes en la Euroliga en la pista del Panathinaikos por 91-69, la novena derrota en 13 jornadas de la competici\u00f3n y la s\u00e9ptima en las ocho \u00faltimas citas. Fue la gota que colm\u00f3 el vaso y que<a href=\"https:\/\/elpais.com\/deportes\/baloncesto\/2025-11-26\/zeljko-obradovic-nueve-veces-ganador-de-la-copa-de-europa-dimite-como-entrenador-del-partizan-de-belgrado.html\" target=\"_blank\" rel=\"noreferrer nofollow noopener\" title=\"https:\/\/elpais.com\/deportes\/baloncesto\/2025-11-26\/zeljko-obradovic-nueve-veces-ganador-de-la-copa-de-europa-dimite-como-entrenador-del-partizan-de-belgrado.html\"> condujo al veterano entrenador serbio a presentar su \u201crenuncia irrevocable\u201d,<\/a> como \u00e9l mismo expres\u00f3 en una carta dirigida a los aficionados el mi\u00e9rcoles y publicada en la web del club junto a v\u00eddeo de homenaje a su trayectoria. <\/p>\n<p class=\"\">El clamor fue de tal magnitud entre la hinchada para evitar la marcha del \u00eddolo que la junta directiva, reunida el jueves por la ma\u00f1ana, decidi\u00f3 rechazar la dimisi\u00f3n y solicitar al t\u00e9cnico que siguiera en el banquillo reforzando su poder. Pocas horas despu\u00e9s, el aeropuerto Nikola Tesla se convirti\u00f3 en el centro de una manifestaci\u00f3n en la que unos 2.000 seguidores esperaron la llegada de Obradovic desde Atenas y le aclamaron como al dios que es para ellos. Zeljko abandon\u00f3 el lugar escoltado por los agentes de seguridad y visiblemente emocionado por esa exhibici\u00f3n de cari\u00f1o. Seguramente no haya ninguna figura en el mundo del baloncesto capaz de generar tal movilizaci\u00f3n.<\/p>\n<p class=\"\">\u201cIrse es una decisi\u00f3n muy meditada, pero cuando una afici\u00f3n toma el aeropuerto de una ciudad como Belgrado para pedirte que no te vayas\u2026\u201d, comentaba a este peri\u00f3dico una persona muy cercana a Obradovic sobre las dudas que ese gesto hab\u00eda generado en el viejo sabio. La cabeza le ped\u00eda mantenerse firme en su decisi\u00f3n, como tantas veces hab\u00eda hecho a lo largo de su carrera, pero el coraz\u00f3n le hab\u00eda dado un vuelco. El viernes por la ma\u00f1ana se reuni\u00f3 durante dos horas con los directivos del Partiz\u00e1n, pero finalmente se ha mantenido firme en su renuncia.<\/p>\n<p class=\"\">Su adi\u00f3s viene acompa\u00f1ado de la marcha de Zoran Savic como director deportivo, tambi\u00e9n en la entidad desde ese 2021 en el que Zeljko regres\u00f3 al origen 30 a\u00f1os despu\u00e9s. Entonces firm\u00f3 un contrato por tres temporadas que en 2024 ampli\u00f3 a dos m\u00e1s, <a href=\"https:\/\/elpais.com\/deportes\/2023-05-08\/la-conexion-espanola-de-zeljko-obradovic.html\" target=\"_blank\" rel=\"noreferrer nofollow noopener\" title=\"https:\/\/elpais.com\/deportes\/2023-05-08\/la-conexion-espanola-de-zeljko-obradovic.html\">siempre de la mano del catal\u00e1n Josep Maria Izquierdo como su ayudante.<\/a> Los cuartos de final de la Euroliga de 2023 en los que cay\u00f3 ante el Real Madrid tras dominar la serie por 2-0 fueron el punto m\u00e1s cercano a luchar por una Euroliga que conquist\u00f3 nueve veces: Partiz\u00e1n 1992, Joventut 94, Madrid 95, Panathinaikos 2000, 2002, 2007, 2009 y 2011, y Fenerbah\u00e7e 2017. La d\u00e9cima se le ha resistido pero la diferencia con quienes le persiguen es abismal: cuatro t\u00edtulos suman Aleksander Gomelsky, Pedro Ferr\u00e1ndiz, Bozidar Maljkovic y Ettore Messina. El Partiz\u00e1n le despidi\u00f3 con honores: \u201cEl vac\u00edo que deja dif\u00edcilmente podr\u00e1 llenarse. Las puertas del Partiz\u00e1n est\u00e1n abiertas para siempre para Zeljko Obradovic y el Partiz\u00e1n siempre ser\u00e1 su hogar\u201d.<\/p>\n","protected":false},"excerpt":{"rendered":"No hay marcha atr\u00e1s. Zeljko Obradovic deja el Partiz\u00e1n de Belgrado. Ni las manifestaciones p\u00fablicas de apoyo por&hellip;\n","protected":false},"author":2,"featured_media":262651,"comment_status":"","ping_status":"","sticky":false,"template":"","format":"standard","meta":{"footnotes":""},"categories":[269],"tags":[299,298,1540,168,1539,25,24,833,8283,23,167,51075],"class_list":{"0":"post-262650","1":"post","2":"type-post","3":"status-publish","4":"format-standard","5":"has-post-thumbnail","7":"category-baloncesto","8":"tag-baloncesto","9":"tag-basketball","10":"tag-competiciones","11":"tag-deportes","12":"tag-entrenadores","13":"tag-es","14":"tag-espana","15":"tag-euroliga","16":"tag-jugadores-baloncesto","17":"tag-spain","18":"tag-sports","19":"tag-zeljko-obradovic"},"share_on_mastodon":{"url":"https:\/\/pubeurope.com\/@es\/115635129345804848","error":""},"_links":{"self":[{"href":"https:\/\/www.europesays.com\/es\/wp-json\/wp\/v2\/posts\/262650","targetHints":{"allow":["GET"]}}],"collection":[{"href":"https:\/\/www.europesays.com\/es\/wp-json\/wp\/v2\/posts"}],"about":[{"href":"https:\/\/www.europesays.com\/es\/wp-json\/wp\/v2\/types\/post"}],"author":[{"embeddable":true,"href":"https:\/\/www.europesays.com\/es\/wp-json\/wp\/v2\/users\/2"}],"replies":[{"embeddable":true,"href":"https:\/\/www.europesays.com\/es\/wp-json\/wp\/v2\/comments?post=262650"}],"version-history":[{"count":0,"href":"https:\/\/www.europesays.com\/es\/wp-json\/wp\/v2\/posts\/262650\/revisions"}],"wp:featuredmedia":[{"embeddable":true,"href":"https:\/\/www.europesays.com\/es\/wp-json\/wp\/v2\/media\/262651"}],"wp:attachment":[{"href":"https:\/\/www.europesays.com\/es\/wp-json\/wp\/v2\/media?parent=262650"}],"wp:term":[{"taxonomy":"category","embeddable":true,"href":"https:\/\/www.europesays.com\/es\/wp-json\/wp\/v2\/categories?post=262650"},{"taxonomy":"post_tag","embeddable":true,"href":"https:\/\/www.europesays.com\/es\/wp-json\/wp\/v2\/tags?post=262650"}],"curies":[{"name":"wp","href":"https:\/\/api.w.org\/{rel}","templated":true}]}}