{"id":262654,"date":"2025-11-29T21:34:18","date_gmt":"2025-11-29T21:34:18","guid":{"rendered":"https:\/\/www.europesays.com\/es\/262654\/"},"modified":"2025-11-29T21:34:18","modified_gmt":"2025-11-29T21:34:18","slug":"tiene-el-deseo-de-no-repetir-ninguna-guerra-mediatica","status":"publish","type":"post","link":"https:\/\/www.europesays.com\/es\/262654\/","title":{"rendered":"Tiene el deseo de no repetir ninguna guerra medi\u00e1tica"},"content":{"rendered":"<p><strong>Anabel Pantoja<\/strong> (39 a\u00f1os) regresaba a la televisi\u00f3n <a href=\"https:\/\/www.lecturas.com\/television\/anabel-pantoja-responde-criticas-antes-final-bailando-estrellas_184906\" target=\"_self\" rel=\"nofollow noopener\">con &#8216;Bailando con las estrellas&#8217;<\/a>. Este formato difiere mucho de otros en los que hemos visto a la sobrin\u00edsima, la misma que ha pasado tardes y tardes en el plat\u00f3 de &#8216;S\u00e1lvame&#8217; entre gritos, reproches y meriendas. Volv\u00eda a un medio que conoce mucho en un momento dif\u00edcil. La influencer ha estado en el foco medi\u00e1tico desde el\u00a023 de noviembre de 2024, d\u00eda en el que naci\u00f3 su hija Alma. Tanto Anabel como su pareja, David Rodr\u00edguez (26 a\u00f1os), fueron investigados por un presunto delito de malos tratos despu\u00e9s de que la peque\u00f1a fuese ingresada el pasado mes de enero.\u00a0Despu\u00e9s de muchas pesquisas, la pareja\u00a0quedaba eximida de juicio oral.\u00a0<\/p>\n<p>La colaboradora parece haber superado el complicado momento tras haber <a href=\"https:\/\/www.lecturas.com\/actualidad\/tension-empana-primer-cumpleanos-hija-anabel-pantoja_184853\" target=\"_self\" rel=\"nofollow noopener\">celebrado el primer cumplea\u00f1os de Alma<\/a> y con la final de &#8216;Bailando con las estrellas&#8217; a la vuelta de la esquina. Analizamos el estado de la influencer junto a la psic\u00f3loga Lara Ferreiro. \u00abNormalmente se tarda un a\u00f1o en procesar un suceso traum\u00e1tico\u00bb, expone.<\/p>\n<p>Las secuelas de un a\u00f1o muy dif\u00edcil<\/p>\n<p>\u00abAhora siente un alivio tremendo\u00a0porque Alma ya est\u00e1 sana, pero esto seguramente <strong>le haya dejado muchas secuelas <\/strong>que se traducen en miedo a que le pase algo. Habr\u00e1 sobreprotecci\u00f3n, m\u00e1s control y menos exposici\u00f3n p\u00fablica\u00bb, vaticina.\u00a0Lara Ferreiro cree que Anabel Pantoja tambi\u00e9n puede tener\u00a0rabia contenida \u00abpor todas las barbaridades que se dijeron sobre ella y su hija\u00bb. Tambi\u00e9n podr\u00eda tener un\u00a0sentimiento de estigma.<\/p>\n<p>Puede que tambi\u00e9n tenga\u00a0sentimiento de injusticia por lo que ha pasado con Alma y una culpa difusa: \u00abEsa que nace del &#8216;yo podr\u00eda h\u00e1ber hecho algo m\u00e1s'\u00bb. Tambi\u00e9n puede sacar el orgullo de madre. \u00abDe decir: &#8216;ha sido un a\u00f1o horrible, pero estamos bien'\u00bb, apunta la psic\u00f3loga. Anabel Pantoja tendr\u00eda\u00a0miedo a juicios medi\u00e1ticos y mayor sensibilidad a las cr\u00edticas.<\/p>\n<p><img loading=\"lazy\" decoding=\"async\"   src=\"https:\/\/www.europesays.com\/es\/wp-content\/uploads\/2025\/11\/bailando-con-las-estrellas_3bcd89e9_251128081905_1200x800.webp.webp\" alt=\"Bailando con las estrellas\" class=\"lazyload\" width=\"1200\" height=\"800\" data-aspectratio=\"1200\/800\"\/><\/p>\n<p>Anabel Pantoja se ha enfrentado a diferentes perfiles de compa\u00f1eros en &#8216;Bailando con las estrellas&#8217;, pero ninguno tiene su bagaje como personaje televisivo<\/p>\n<p>&#13;Mediaset Espa\u00f1a<br \/>\n<img loading=\"lazy\" decoding=\"async\"   src=\"https:\/\/www.europesays.com\/es\/wp-content\/uploads\/2025\/11\/bailando-con-las-estrellas_8198bc47_251128081955_1200x800.webp.webp\" alt=\"Bailando con las estrellas\" class=\"lazyload\" width=\"1200\" height=\"800\" data-aspectratio=\"1200\/800\"\/><\/p>\n<p>Los espectadores han cuestionado sus destrezas como bailarina. Pese a eso, ha seguido trabajando semana tras semana para avanzar en la competici\u00f3n\u00a0<\/p>\n<p>&#13;<\/p>\n<p>Eso no le ha impedido regresar a la televisi\u00f3n para competir en &#8216;Bailando con las estrellas&#8217;. \u00abVa a demostrarse a s\u00ed misma su valor en la televisi\u00f3n. Ahora aparece con el baile, el esfuerzo, el reto f\u00edsico&#8230; <strong>no lo hace como tertuliana<\/strong>\u00ab, apunta. Este cambio, para Lara Ferreiro, podr\u00eda deberse a un cambio de prioridades: \u00abCreo que ya no quiere meterse m\u00e1s en el mundo de la tertulia. <strong>Quiere ir m\u00e1s a programas familiares<\/strong>\u00ab. Con todo esto en mente, la psic\u00f3loga asegura que\u00a0Anabel \u00abtiene mucha necesidad de normalidad\u00bb.\u00a0<\/p>\n<p><img loading=\"lazy\" decoding=\"async\"   src=\"https:\/\/www.europesays.com\/es\/wp-content\/uploads\/2025\/11\/alvaro-cuenca-y-anabel-pantoja_7c47c2ee_251128082040_1200x800.webp.webp\" alt=\"\u00c1lvaro Cuenca y Anabel Pantoja\" class=\"lazyload\" width=\"1200\" height=\"800\" data-aspectratio=\"1200\/800\"\/><\/p>\n<p>El bailar\u00edn \u00c1lvaro Cuenca ha sido un gran apoyo para la influencer durante su paso por el concurso<\/p>\n<p>&#13;<br \/>\n<img loading=\"lazy\" decoding=\"async\"   src=\"https:\/\/www.europesays.com\/es\/wp-content\/uploads\/2025\/11\/alvaro-cuenca-y-anabel-pantoja_8d10e68e_251128082111_1200x800.webp.webp\" alt=\"\u00c1lvaro Cuenca y Anabel Pantoja\" class=\"lazyload\" width=\"1200\" height=\"800\" data-aspectratio=\"1200\/800\"\/><\/p>\n<p>El bailar\u00edn y la influencer han forjado un v\u00ednculo que va m\u00e1s all\u00e1 del programa. Se les ha visto juntos en eventos y alfombras rojas<\/p>\n<p>&#13;<br \/>\nRefugiada en sus amigos<\/p>\n<p>Anabel Pantoja se ha volcado mucho en sus amigos, \u00aben la familia escogida\u00bb: \u00abSe refugia selectivamente en sus amistades\u00bb. A su lado tambi\u00e9n estuvo su pareja, David Rodr\u00edguez.\u00a0Llevan juntos desde marzo de 2023: \u00abAunque ha habido rumores de crisis, ellos siguen tratando de proyectar. Hay dos tipos de padres: o bien se unen en las crisis o bien se matan. <strong>Se han unido probablemente m\u00e1s tras la presi\u00f3n externa y las opiniones<\/strong>\u00ab, apunta la autora del libro &#8216;\u00a1Ni un capullo m\u00e1s!&#8217;.<\/p>\n<p><img loading=\"lazy\" decoding=\"async\"   src=\"https:\/\/www.europesays.com\/es\/wp-content\/uploads\/2025\/11\/anabel-pantoja_93dba92f_251128084950_1200x801.webp.webp\" alt=\"Anabel Pantoja\" class=\"lazyload\" width=\"1200\" height=\"801\" data-aspectratio=\"1200\/801\"\/><\/p>\n<p>Anabel Pantoja y David Rodr\u00edguez han tenido que hacer frente a rumores de crisis en la pareja<\/p>\n<p>&#13;Gtres<\/p>\n<p>\u00a0<\/p>\n<p><img loading=\"lazy\" decoding=\"async\"   src=\"https:\/\/www.europesays.com\/es\/wp-content\/uploads\/2025\/11\/anabel-pantoja_e6c040e6_251128085046_1200x801.webp.webp\" alt=\"Anabel Pantoja\" class=\"lazyload\" width=\"1200\" height=\"801\" data-aspectratio=\"1200\/801\"\/><\/p>\n<p>Seg\u00fan la psic\u00f3loga Lara Ferreiro, enfrentarse a algo tan complejo o provoca la ruptura de la pareja o los une a\u00fan m\u00e1s<\/p>\n<p>&#13;Gtres<\/p>\n<p>Esto no quiere decir que no haya habido\u00a0roces familiares: \u00abPueden tener desacuerdos sobre la exposici\u00f3n\u00bb. Tambi\u00e9n puede haber un <strong>choque de ritmos (de vida)<\/strong>. Ella tiene 39 a\u00f1os y una larga carrera en la televisi\u00f3n y \u00e9l tiene 26 a\u00f1os. \u00abTienen una hija en com\u00fan, pero es una relaci\u00f3n condicionada por la distancia. No pasan todo el tiempo juntos. Est\u00e1n muy unidos, pero si se reabren procesos judiciales puede que ocasione crisis de pareja\u00bb, comenta sobre ellos.\u00a0<\/p>\n<p>La familia tambi\u00e9n ha sido un pilar importante para Anabel. \u00abIsabel Pantoja fue una de las primeras que lleg\u00f3 al hospital. Fue ese apoyo silencioso tanto de ella como de su madre\u00bb, expone. Sin embargo, con\u00a0la \u00fanica que mantiene del clan que mantiene contacto continuo es con Isa Pantoja: \u00abEs la \u00fanica que ha ido al primer cumplea\u00f1os de Alma. Es su prima del alma\u00bb. \u00abCon Kiko, sin embargo, es mucho m\u00e1s prudente\u00bb, expone.<\/p>\n<p>Para Lara Ferreiro, Anabel Pantoja es la persona ancla que se intenta llevar bien con todo el mundo. \u00abA nivel psicol\u00f3gico, ella podr\u00eda tener conflictos de lealtades. Anabel es la sobrina de la Pantoja, la prima de Isa y Kiko y la amiga de Irene desde hace a\u00f1os. Cualquier apoyo o comentario que pueda ver que se ha puesto de un lado le puede generar mucha carga mental\u00bb, expone. \u00ab<strong>Tiene el deseo de no repetir ninguna guerra medi\u00e1tica<\/strong>. Esa parte de su vida pasada televisiva la quiere dejar atr\u00e1s. Su marca ha sido la Pantoja cercana, bailonga que apaga fuegos y sonr\u00ede\u00bb, a\u00f1ade.<\/p>\n<p>Un cambio de paradigma<\/p>\n<p>Anabel Pantoja tiene la \u00abnecesidad de simplificar su vida emocional\u00bb: \u00abHija en la UCI, caso judicial, mudanza, concurso, rumores de crisis&#8230; Creo que ya necesita vida normal\u00bb, expone la autora de &#8216;\u00a1Ni un capullo m\u00e1s!&#8217;. \u00abEsto ha reordenado sus prioridades. El beb\u00e9 es lo m\u00e1s importante para ella y su papel como madre, no la televisi\u00f3n\u00bb, insiste.\u00a0<\/p>\n<p><img loading=\"lazy\" decoding=\"async\"   src=\"https:\/\/www.europesays.com\/es\/wp-content\/uploads\/2025\/11\/anabel-pantoja_575d7664_251128085131_1200x800.webp.webp\" alt=\"Anabel Pantoja\" class=\"lazyload\" width=\"1200\" height=\"800\" data-aspectratio=\"1200\/800\"\/><\/p>\n<p>Anabel Pantoja est\u00e1 haciendo todo lo posible por volver a la normalidad<\/p>\n<p>&#13;Gtres<\/p>\n<p>Su imagen de marca ha cambiado. \u00abLa gente la quiere, es una madre resiliente. En &#8216;Bailando por las estrellas&#8217;, intenta hacer un esfuerzo f\u00edsico. Mostrar su disciplina, su superaci\u00f3n&#8230; Una mujer con curvas, con un cuerpo real, que poco a poco se est\u00e1 empoderando.\u00a0Creo que tambi\u00e9n <strong>se ha vuelto m\u00e1s celosa de su intimidad<\/strong>. Est\u00e1 marcando m\u00e1s l\u00edmites a la prensa\u00bb, enumera. Con todo esto presente, Anabel se ha centrado en su papel como influencer, \u00abcolaborando con grandes marcas y a lo mejor har\u00e1 cosas de este tipo familiar\u00bb.\u00a0<\/p>\n<p>\u00abAntes era la sobrina divertida de la Pantoja y ahora ya se est\u00e1 recolocando como madre resiliente. Si sigue en la televisi\u00f3n ser\u00e1 participando en talent show, programas de viajes&#8230; En la prensa del coraz\u00f3n va a hacer apariciones contadas y cuidadas. Su imagen de marca est\u00e1 remontando\u00bb, concluye.<\/p>\n","protected":false},"excerpt":{"rendered":"Anabel Pantoja (39 a\u00f1os) regresaba a la televisi\u00f3n con &#8216;Bailando con las estrellas&#8217;. Este formato difiere mucho de&hellip;\n","protected":false},"author":2,"featured_media":262655,"comment_status":"","ping_status":"","sticky":false,"template":"","format":"standard","meta":{"footnotes":""},"categories":[174],"tags":[255,146,147,25,24,256,23],"class_list":{"0":"post-262654","1":"post","2":"type-post","3":"status-publish","4":"format-standard","5":"has-post-thumbnail","7":"category-famosos","8":"tag-celebrities","9":"tag-entertainment","10":"tag-entretenimiento","11":"tag-es","12":"tag-espana","13":"tag-famosos","14":"tag-spain"},"share_on_mastodon":{"url":"https:\/\/pubeurope.com\/@es\/115635137860028645","error":""},"_links":{"self":[{"href":"https:\/\/www.europesays.com\/es\/wp-json\/wp\/v2\/posts\/262654","targetHints":{"allow":["GET"]}}],"collection":[{"href":"https:\/\/www.europesays.com\/es\/wp-json\/wp\/v2\/posts"}],"about":[{"href":"https:\/\/www.europesays.com\/es\/wp-json\/wp\/v2\/types\/post"}],"author":[{"embeddable":true,"href":"https:\/\/www.europesays.com\/es\/wp-json\/wp\/v2\/users\/2"}],"replies":[{"embeddable":true,"href":"https:\/\/www.europesays.com\/es\/wp-json\/wp\/v2\/comments?post=262654"}],"version-history":[{"count":0,"href":"https:\/\/www.europesays.com\/es\/wp-json\/wp\/v2\/posts\/262654\/revisions"}],"wp:featuredmedia":[{"embeddable":true,"href":"https:\/\/www.europesays.com\/es\/wp-json\/wp\/v2\/media\/262655"}],"wp:attachment":[{"href":"https:\/\/www.europesays.com\/es\/wp-json\/wp\/v2\/media?parent=262654"}],"wp:term":[{"taxonomy":"category","embeddable":true,"href":"https:\/\/www.europesays.com\/es\/wp-json\/wp\/v2\/categories?post=262654"},{"taxonomy":"post_tag","embeddable":true,"href":"https:\/\/www.europesays.com\/es\/wp-json\/wp\/v2\/tags?post=262654"}],"curies":[{"name":"wp","href":"https:\/\/api.w.org\/{rel}","templated":true}]}}