{"id":262656,"date":"2025-11-29T21:35:08","date_gmt":"2025-11-29T21:35:08","guid":{"rendered":"https:\/\/www.europesays.com\/es\/262656\/"},"modified":"2025-11-29T21:35:08","modified_gmt":"2025-11-29T21:35:08","slug":"el-fotografo-benaventano-juanjo-nominado-a-los-premios-lux-2025-en-la-categoria-paisaje-y-naturaleza-noticias-de-benavente-y-comarca-24-horas","status":"publish","type":"post","link":"https:\/\/www.europesays.com\/es\/262656\/","title":{"rendered":"El fot\u00f3grafo benaventano Juanjo nominado a los premios LUX 2025 en la categor\u00eda Paisaje y Naturaleza | Noticias de Benavente y Comarca 24 horas"},"content":{"rendered":"<p>A un paso est\u00e1 de conseguir un nuevo premio LUX el <b>fot\u00f3grafo benaventano Juan Jos\u00e9 Gonz\u00e1lez Vega. Nominado en la categor\u00eda de Paisaje y Naturaleza,<\/b> Juanjo opta al premio con su obra \u201cAlba Corax\u201d.<\/p>\n<p>\u00a0<\/p>\n<p>\u00a0<\/p>\n<p>No es la primera nominaci\u00f3n de este fot\u00f3grafo benaventano ni el primer premio LUX que consigue, en 2015 obtuvo el <b>LUX de bronce con una fotograf\u00eda retrato<\/b>, en 2016 el de<b> plata con una fotograf\u00eda de reportaje social<\/b>, en 2019 obtuvo el <b>LUX de bronce <\/b>con una imagen de proyecto personal y en 2019 el LUX de oro con una instant\u00e1nea de reportaje documental.<\/p>\n<p>\u00a0<\/p>\n<p>\u00a0<\/p>\n<p>La <b>Asociaci\u00f3n de Fot\u00f3grafos Profesionales de Espa\u00f1a cre\u00f3 en 1993 los Premios LUX<\/b> que se han posicionado como el referente de la fotograf\u00eda profesional en Espa\u00f1a. Su prop\u00f3sito es dar <b>visibilidad, reconocimiento y prestigio a este arte, y mantener viva la ilusi\u00f3n de los fot\u00f3grafos<\/b> y las fot\u00f3grafas profesionales que se presentan cada a\u00f1o.<\/p>\n<p>\u00a0<\/p>\n<p>\u00a0<\/p>\n<p>Los ganadores ser\u00e1n desvelados el 4 de diciembre de 2025 en la Gala de Entrega de Premios LUX 2025, en el Disseny Hub Barcelona.<\/p>\n","protected":false},"excerpt":{"rendered":"A un paso est\u00e1 de conseguir un nuevo premio LUX el fot\u00f3grafo benaventano Juan Jos\u00e9 Gonz\u00e1lez Vega. Nominado&hellip;\n","protected":false},"author":2,"featured_media":262657,"comment_status":"","ping_status":"","sticky":false,"template":"","format":"standard","meta":{"footnotes":""},"categories":[173],"tags":[4071,229,233,231,230,4075,4066,4068,232,1819,1639,234,4076,2308,4072,146,147,25,24,43,244,4070,4074,4077,10,1925,4069,23,807,913,4067,4073,2338,2946],"class_list":{"0":"post-262656","1":"post","2":"type-post","3":"status-publish","4":"format-standard","5":"has-post-thumbnail","7":"category-arte-y-diseno","8":"tag-agenda","9":"tag-arte","10":"tag-arte-y-diseno","11":"tag-arts","12":"tag-arts-and-design","13":"tag-autobus","14":"tag-benavente","15":"tag-comarca","16":"tag-design","17":"tag-diario","18":"tag-digital","19":"tag-diseno","20":"tag-diseno-web","21":"tag-empresas","22":"tag-enmaromado","23":"tag-entertainment","24":"tag-entretenimiento","25":"tag-es","26":"tag-espana","27":"tag-fiestas","28":"tag-fotografia","29":"tag-guia","30":"tag-horarios","31":"tag-lopd","32":"tag-noticias","33":"tag-opinion","34":"tag-periodico","35":"tag-spain","36":"tag-television","37":"tag-toro","38":"tag-ultimas","39":"tag-veguilla","40":"tag-video","41":"tag-zamora"},"share_on_mastodon":{"url":"https:\/\/pubeurope.com\/@es\/115635140850768702","error":""},"_links":{"self":[{"href":"https:\/\/www.europesays.com\/es\/wp-json\/wp\/v2\/posts\/262656","targetHints":{"allow":["GET"]}}],"collection":[{"href":"https:\/\/www.europesays.com\/es\/wp-json\/wp\/v2\/posts"}],"about":[{"href":"https:\/\/www.europesays.com\/es\/wp-json\/wp\/v2\/types\/post"}],"author":[{"embeddable":true,"href":"https:\/\/www.europesays.com\/es\/wp-json\/wp\/v2\/users\/2"}],"replies":[{"embeddable":true,"href":"https:\/\/www.europesays.com\/es\/wp-json\/wp\/v2\/comments?post=262656"}],"version-history":[{"count":0,"href":"https:\/\/www.europesays.com\/es\/wp-json\/wp\/v2\/posts\/262656\/revisions"}],"wp:featuredmedia":[{"embeddable":true,"href":"https:\/\/www.europesays.com\/es\/wp-json\/wp\/v2\/media\/262657"}],"wp:attachment":[{"href":"https:\/\/www.europesays.com\/es\/wp-json\/wp\/v2\/media?parent=262656"}],"wp:term":[{"taxonomy":"category","embeddable":true,"href":"https:\/\/www.europesays.com\/es\/wp-json\/wp\/v2\/categories?post=262656"},{"taxonomy":"post_tag","embeddable":true,"href":"https:\/\/www.europesays.com\/es\/wp-json\/wp\/v2\/tags?post=262656"}],"curies":[{"name":"wp","href":"https:\/\/api.w.org\/{rel}","templated":true}]}}