{"id":262658,"date":"2025-11-29T21:37:11","date_gmt":"2025-11-29T21:37:11","guid":{"rendered":"https:\/\/www.europesays.com\/es\/262658\/"},"modified":"2025-11-29T21:37:11","modified_gmt":"2025-11-29T21:37:11","slug":"el-thriller-perfecto-para-ver-en-una-sola-tarde","status":"publish","type":"post","link":"https:\/\/www.europesays.com\/es\/262658\/","title":{"rendered":"el &#8216;thriller&#8217; perfecto para ver en una sola tarde"},"content":{"rendered":"<p data-gtm-element-container=\"modulo-texto-link\" class=\"paragraph\"><strong>Movistar Plus+<\/strong> estren\u00f3 el mes pasado una de las series m\u00e1s exitosa de su cat\u00e1logo. Todos los usuarios de esta plataforma de &#8216;streaming&#8217; pueden disfrutar de una miniserie de tan solo seis cap\u00edtulos y que es <strong>el nuevo &#8216;thriller&#8217; perfecto.<\/strong> Esta miniserie de acci\u00f3n, espionaje y drama ya est\u00e1 disponible en la plataforma bajo suscripci\u00f3n.<\/p>\n<p data-gtm-element-container=\"modulo-texto-link\" class=\"paragraph\">&#8216;<strong>El<\/strong> <strong>Centro<\/strong>&#8216; cuenta con un elenco coral: Juan Diego Botto, Elena Mart\u00edn Gimeno, Israel Elejalde, <strong>Elisabet Casanovas<\/strong>, Clara Segura, David Lorente, Nacho S\u00e1nchez y Trist\u00e1n Ulloa. Este &#8216;thriller&#8217; espa\u00f1ol est\u00e1 creado por\u00a0<strong>David Moreno <\/strong>y dirigido por <strong>David Ulloa.<\/strong> &#8216;El Centro&#8217; es una serie original Movistar Plus+ en colaboraci\u00f3n con Fonte Films.\u00a0<\/p>\n<p>                <img loading=\"lazy\" decoding=\"async\" data-full-src=\"https:\/\/www.mundodeportivo.com\/uploads\/2025\/11\/29\/692b5f06c1fd8.jpeg\" alt=\"'El Centro'\" width=\"449\" height=\"253\" src=\"https:\/\/www.europesays.com\/es\/wp-content\/uploads\/2025\/11\/692b5f06c1fd8.jpeg\" class=\"lazy\"\/><\/p>\n<p class=\"caption-title \">&#8216;El Centro&#8217;<\/p>\n<p>                    Movistar Plus+<\/p>\n<p>Sinopsis &#8216;El Centro&#8217;<\/p>\n<p data-gtm-element-container=\"modulo-texto-link\" class=\"paragraph\">Ambientada en la actualidad, pero con ecos de la <strong>Guerra Fr\u00eda<\/strong>, &#8216;El Centro&#8217; es un &#8216;thriller&#8217; de espionaje que se adentra en el desconocido universo del<strong> Centro Nacional de Inteligencia (CNI)<\/strong>. La trama arranca con un asesinato que destapa una operaci\u00f3n internacional de los servicios de Inteligencia rusos y lleva a los miembros del CNI a una carrera contrarreloj para desmantelarla, al mismo tiempo que intentan descubrir a un traidor entre sus filas.<\/p>\n<p>                <img loading=\"lazy\" decoding=\"async\" data-full-src=\"https:\/\/www.mundodeportivo.com\/uploads\/2025\/11\/29\/692b5d78318fb.jpeg\" alt=\"'El Centro'\" width=\"449\" height=\"300\" src=\"https:\/\/www.europesays.com\/es\/wp-content\/uploads\/2025\/11\/692b5d78318fb.jpeg\" class=\"lazy\"\/><\/p>\n<p class=\"caption-title \">&#8216;El Centro&#8217;<\/p>\n<p>                    Movistar Plus+<\/p>\n<p data-gtm-element-container=\"modulo-texto-link\" class=\"paragraph\">La serie es<strong> una mirada \u00edntima y coral<\/strong> a los desaf\u00edos que enfrentan los integrantes del servicio de inteligencia espa\u00f1ol, mientras navegan entre la lealtad, la traici\u00f3n y el deber.<\/p>\n<p>                <img loading=\"lazy\" decoding=\"async\" data-full-src=\"https:\/\/www.mundodeportivo.com\/uploads\/2025\/11\/29\/692b5d7c5eb0f.jpeg\" alt=\"'El Centro'\" width=\"449\" height=\"299\" src=\"https:\/\/www.europesays.com\/es\/wp-content\/uploads\/2025\/11\/692b5d7c5eb0f.jpeg\" class=\"lazy\"\/><\/p>\n<p class=\"caption-title \">&#8216;El Centro&#8217;<\/p>\n<p>                    Movistar Plus+<\/p>\n<p>    Lee tambi\u00e9n<\/p>\n<p><a href=\"https:\/\/clk.tradedoubler.com\/click?p=357743&amp;a=3290363&amp;url=https:\/\/www.movistarplus.es\/\" target=\"_blank\" rel=\"nofollow noreferrer noopener\">DISFRUTA DE &#8216;EL CENTRO&#8217; AL COMPLETO EN MOVISTAR PLUS+<\/a><\/p>\n<p>Sobre Movistar Plus+<\/p>\n<p data-gtm-element-container=\"modulo-texto-link\" class=\"paragraph\"><strong>Movistar Plus+ <\/strong>es la \u00fanica plataforma de TV en la que podr\u00e1s disfrutar de lo mejor del deporte, f\u00fatbol, cine, series internacionales, todas las series originales de producci\u00f3n propia de Movistar Plus+, documentales, programas propios de entretenimiento, programas de deporte y m\u00e1s de 80 canales. <strong>El precio de la suscripci\u00f3n es de 9,99\u20ac mes, impuestos incluidos. <\/strong>No tiene permanencia y la suscripci\u00f3n incluye dos reproducciones simult\u00e1neas, desde smartphone, TV, PC o Tablet. Ambas reproducciones puedes estar en la misma o diferente ubicaci\u00f3n.<\/p>\n","protected":false},"excerpt":{"rendered":"Movistar Plus+ estren\u00f3 el mes pasado una de las series m\u00e1s exitosa de su cat\u00e1logo. Todos los usuarios&hellip;\n","protected":false},"author":2,"featured_media":262659,"comment_status":"","ping_status":"","sticky":false,"template":"","format":"standard","meta":{"footnotes":""},"categories":[171],"tags":[146,147,25,24,23,214],"class_list":{"0":"post-262658","1":"post","2":"type-post","3":"status-publish","4":"format-standard","5":"has-post-thumbnail","7":"category-tv","8":"tag-entertainment","9":"tag-entretenimiento","10":"tag-es","11":"tag-espana","12":"tag-spain","13":"tag-tv"},"share_on_mastodon":{"url":"https:\/\/pubeurope.com\/@es\/115635149540432299","error":""},"_links":{"self":[{"href":"https:\/\/www.europesays.com\/es\/wp-json\/wp\/v2\/posts\/262658","targetHints":{"allow":["GET"]}}],"collection":[{"href":"https:\/\/www.europesays.com\/es\/wp-json\/wp\/v2\/posts"}],"about":[{"href":"https:\/\/www.europesays.com\/es\/wp-json\/wp\/v2\/types\/post"}],"author":[{"embeddable":true,"href":"https:\/\/www.europesays.com\/es\/wp-json\/wp\/v2\/users\/2"}],"replies":[{"embeddable":true,"href":"https:\/\/www.europesays.com\/es\/wp-json\/wp\/v2\/comments?post=262658"}],"version-history":[{"count":0,"href":"https:\/\/www.europesays.com\/es\/wp-json\/wp\/v2\/posts\/262658\/revisions"}],"wp:featuredmedia":[{"embeddable":true,"href":"https:\/\/www.europesays.com\/es\/wp-json\/wp\/v2\/media\/262659"}],"wp:attachment":[{"href":"https:\/\/www.europesays.com\/es\/wp-json\/wp\/v2\/media?parent=262658"}],"wp:term":[{"taxonomy":"category","embeddable":true,"href":"https:\/\/www.europesays.com\/es\/wp-json\/wp\/v2\/categories?post=262658"},{"taxonomy":"post_tag","embeddable":true,"href":"https:\/\/www.europesays.com\/es\/wp-json\/wp\/v2\/tags?post=262658"}],"curies":[{"name":"wp","href":"https:\/\/api.w.org\/{rel}","templated":true}]}}