{"id":262660,"date":"2025-11-29T21:38:10","date_gmt":"2025-11-29T21:38:10","guid":{"rendered":"https:\/\/www.europesays.com\/es\/262660\/"},"modified":"2025-11-29T21:38:10","modified_gmt":"2025-11-29T21:38:10","slug":"red-bull-batalla-nueva-historia-horarios-donde-verlo-en-directo-participantes-los40-urban","status":"publish","type":"post","link":"https:\/\/www.europesays.com\/es\/262660\/","title":{"rendered":"Red Bull Batalla Nueva Historia: horarios, d\u00f3nde verlo en directo, participantes&#8230; | LOS40 Urban"},"content":{"rendered":"<p>La cuenta atr\u00e1s ha comenzado. <a href=\"https:\/\/los40.com\/tag\/batalla_gallos\/a\/\" target=\"_blank\" rel=\"nofollow noopener\" title=\"https:\/\/los40.com\/tag\/batalla_gallos\/a\/\">Red Bull Batalla<\/a> est\u00e1 a punto de escribir un nuevo cap\u00edtulo en la historia del freestyle en espa\u00f1ol con un evento que promete ser inolvidable. Bajo el nombre <b>Nueva Historia<\/b>, la competici\u00f3n conmemora<b> dos d\u00e9cadas de rimas, talento y momentos que han marcado a generaciones enteras<\/b>. Y lo har\u00e1 reuniendo a los nombres m\u00e1s influyentes de la disciplina en un escenario \u00fanico.<\/p>\n<p>Fecha y hora de Red Bull Batalla Nueva Historia<\/p>\n<p>Es este <b>29 de noviembre<\/b> en el recinto <b>Tecn\u00f3polis de Buenos Aires (Argentina). Los horarios son los siguientes:<\/b><\/p>\n<ul>\n<li>Espa\u00f1a peninsular: 22:00 horas<\/li>\n<li>Argentina: 18:00 horas<\/li>\n<li>M\u00e9xico y Costa Rica: 15:00 horas<\/li>\n<li>Ecuador: 16:00 horas<\/li>\n<li>Colombia y Per\u00fa: 16:00 horas<\/li>\n<li>Chile y Uruguay: 18:00 horas<\/li>\n<li>Rep\u00fablica Dominicana: 17:00 horas<\/li>\n<\/ul>\n<p>Participantes<\/p>\n<p>En Argentina se dar\u00e1n cita <b>16 MCs<\/b> que representan el pasado, el presente y el futuro de esta cultura. Campeones hist\u00f3ricos, referentes actuales y nuevas promesas se enfrentar\u00e1n en un formato dise\u00f1ado para rendir homenaje a la evoluci\u00f3n de la competici\u00f3n desde sus inicios en 2005.<\/p>\n<p><img decoding=\"async\" src=\"https:\/\/los40.com\/pf\/resources\/img\/logo-40-v-c.svg?d=914\" alt=\"LOS40 Urban\" class=\"i-pro\" width=\"68\" height=\"68\" loading=\"lazy\"\/><\/p>\n<p>La estructura del evento divide a los participantes en cuatro grupos. Tres de ellos estar\u00e1n formados por campeones de distintas etapas de Red Bull Batalla:<\/p>\n<ul>\n<li><b>2005-2009<\/b>: Noult, Frescolate, Link One y Hadrian.<\/li>\n<li><b>2014-2017<\/b>: <a href=\"https:\/\/los40.com\/2025\/05\/20\/aczino-dice-lo-mas-fuerte-de-maradona-en-su-batalla-con-chilli-parker-en-argentina-es-para-ponerle-una-estatua\/\" target=\"_blank\" rel=\"nofollow noopener\" title=\"https:\/\/los40.com\/2025\/05\/20\/aczino-dice-lo-mas-fuerte-de-maradona-en-su-batalla-con-chilli-parker-en-argentina-es-para-ponerle-una-estatua\/\">Aczino<\/a>, Skone, Invert y Arkano.<\/li>\n<li><b>2019-2024<\/b>: <a href=\"https:\/\/los40.com\/2025\/06\/03\/bnet-tambien-representara-a-espana-en-la-red-bull-batalla-nueva-historia\/\" target=\"_blank\" rel=\"nofollow noopener\" title=\"https:\/\/los40.com\/2025\/06\/03\/bnet-tambien-representara-a-espana-en-la-red-bull-batalla-nueva-historia\/\">Bnet<\/a>, <a href=\"https:\/\/los40.com\/2024\/12\/02\/gazir-rechaza-el-titulo-de-campeon-de-la-final-internacional-red-bull-batalla-no-puedo-cumplirlo-de-esta-manera\/\" target=\"_blank\" rel=\"nofollow noopener\" title=\"https:\/\/los40.com\/2024\/12\/02\/gazir-rechaza-el-titulo-de-campeon-de-la-final-internacional-red-bull-batalla-no-puedo-cumplirlo-de-esta-manera\/\">Gazir<\/a>, Rapder y <a href=\"https:\/\/los40.com\/2024\/11\/26\/entrevista-a-chuty-si-pierdo-la-internacional-supongo-que-sera-mi-cierre-de-etapa-en-red-bull\/\" target=\"_blank\" rel=\"nofollow noopener\" title=\"https:\/\/los40.com\/2024\/11\/26\/entrevista-a-chuty-si-pierdo-la-internacional-supongo-que-sera-mi-cierre-de-etapa-en-red-bull\/\">Chuty<\/a>.<\/li>\n<\/ul>\n<p>El cuarto grupo reunir\u00e1 a las nuevas caras que est\u00e1n revolucionando la escena: <b>Fat N, Azuky, Exe y Sophia<\/b>. Cada bloque se enfrentar\u00e1 en una primera ronda interna para definir qui\u00e9n representar\u00e1 a su generaci\u00f3n. Despu\u00e9s, los ganadores se cruzar\u00e1n en un <b>cara a cara hist\u00f3rico<\/b>, donde solo una voz se alzar\u00e1 para celebrar los 20 a\u00f1os de freestyle en espa\u00f1ol.<\/p>\n<p>D\u00f3nde ver Red Bull Batalla Nueva Historia en directo<\/p>\n<p>A partir de las 21:00 horas en Espa\u00f1a se podr\u00e1 seguir la previa a trav\u00e9s de Twitch. A las <b>22:00 horas, dar\u00e1 comienzo en el canal de Red Bull en Youtube.<\/b><\/p>\n<p><img loading=\"lazy\" decoding=\"async\" src=\"https:\/\/www.europesays.com\/es\/wp-content\/uploads\/2025\/11\/1764452290_149_maxresdefault.jpg\" width=\"16\" height=\"9\"\/>Hosts, jurado, DJ&#8230;<\/p>\n<p>Adem\u00e1s de los participantes, el equipo que har\u00e1 posible este evento tambi\u00e9n forma parte de la historia de las batallas de gallos. <b>Los presentadores ser\u00e1n SEO2, Queen Mary y Serko Fu<\/b>. En cuanto los <b>DJs, estar\u00e1n al cargo Atenea, Stuart, Sonicko, Verse y Zone.<\/b> Por \u00faltimo, <b>los encargados de medir la improvisaci\u00f3n de los MCs ser\u00e1n Dtoke, El B, Kim, Jayco y Blazzt.<\/b><\/p>\n<p>Red Bull Batalla no solo celebra dos d\u00e9cadas de competici\u00f3n; celebra la cultura que ha unido a miles de seguidores en todo el mundo. Nueva Historia ser\u00e1 mucho m\u00e1s que un torneo: ser\u00e1 un homenaje a las rimas que han marcado el camino y a los artistas que han convertido el freestyle en un fen\u00f3meno global.<\/p>\n","protected":false},"excerpt":{"rendered":"La cuenta atr\u00e1s ha comenzado. Red Bull Batalla est\u00e1 a punto de escribir un nuevo cap\u00edtulo en la&hellip;\n","protected":false},"author":2,"featured_media":262661,"comment_status":"","ping_status":"","sticky":false,"template":"","format":"standard","meta":{"footnotes":""},"categories":[170],"tags":[146,147,25,24,184,185,23],"class_list":{"0":"post-262660","1":"post","2":"type-post","3":"status-publish","4":"format-standard","5":"has-post-thumbnail","7":"category-musica","8":"tag-entertainment","9":"tag-entretenimiento","10":"tag-es","11":"tag-espana","12":"tag-music","13":"tag-musica","14":"tag-spain"},"share_on_mastodon":{"url":"https:\/\/pubeurope.com\/@es\/115635152850536930","error":""},"_links":{"self":[{"href":"https:\/\/www.europesays.com\/es\/wp-json\/wp\/v2\/posts\/262660","targetHints":{"allow":["GET"]}}],"collection":[{"href":"https:\/\/www.europesays.com\/es\/wp-json\/wp\/v2\/posts"}],"about":[{"href":"https:\/\/www.europesays.com\/es\/wp-json\/wp\/v2\/types\/post"}],"author":[{"embeddable":true,"href":"https:\/\/www.europesays.com\/es\/wp-json\/wp\/v2\/users\/2"}],"replies":[{"embeddable":true,"href":"https:\/\/www.europesays.com\/es\/wp-json\/wp\/v2\/comments?post=262660"}],"version-history":[{"count":0,"href":"https:\/\/www.europesays.com\/es\/wp-json\/wp\/v2\/posts\/262660\/revisions"}],"wp:featuredmedia":[{"embeddable":true,"href":"https:\/\/www.europesays.com\/es\/wp-json\/wp\/v2\/media\/262661"}],"wp:attachment":[{"href":"https:\/\/www.europesays.com\/es\/wp-json\/wp\/v2\/media?parent=262660"}],"wp:term":[{"taxonomy":"category","embeddable":true,"href":"https:\/\/www.europesays.com\/es\/wp-json\/wp\/v2\/categories?post=262660"},{"taxonomy":"post_tag","embeddable":true,"href":"https:\/\/www.europesays.com\/es\/wp-json\/wp\/v2\/tags?post=262660"}],"curies":[{"name":"wp","href":"https:\/\/api.w.org\/{rel}","templated":true}]}}