{"id":262670,"date":"2025-11-29T21:45:13","date_gmt":"2025-11-29T21:45:13","guid":{"rendered":"https:\/\/www.europesays.com\/es\/262670\/"},"modified":"2025-11-29T21:45:13","modified_gmt":"2025-11-29T21:45:13","slug":"maduro-y-trump-hablaron-la-semana-pasada-para-abordar-una-posible-reunion-bilateral-en-medio-de-la-escalada-de-lasexta","status":"publish","type":"post","link":"https:\/\/www.europesays.com\/es\/262670\/","title":{"rendered":"Maduro y Trump hablaron la semana pasada para abordar una posible reuni\u00f3n bilateral en medio de la escalada de &#8211; LaSexta"},"content":{"rendered":"<ol>\n<li><a href=\"https:\/\/news.google.com\/rss\/articles\/CBMi_AFBVV95cUxObmE4VjdHaWVzRWxlaS0zQTZoYi1SdVZnTUI3NWxuOFJBaVpURlhpVTZIWERFal9PN3FXNGhqQ25iVTE2ZUVKd1ZoXzFmWVRTeUE2QzR4Z0x6dU9jUmFFNTdkcl9OeC1qQldvVTFwaS1MWGxvcnRZXzJjRk1qOW1HeVJzdGp4MFQ5a0Q1S2JuaFVCNHkwQlNwZVJUdFVqVFd1dnpSb1pDa1hpSUgxaDVObm4wc3d3ZWc0ZUJpeEVsVFFJaGRRNEtsODVDeXFQWVBKVWpHeTZ0M2tpOWVGX2h6WG5WNnB3VG5MVmE4ZWtJcDNjaGxyV3pYczh2THbSAfwBQVVfeXFMTkJiT2RtRXlLQkZLbXlTSXhNQlQ1V0l4NzZCaU44TTlHbzF1YTIyLWh4bzhQdlpmVllWNFBxOWZPcEpWaHZVWFhpay1GZ2VEWUxQaGtjbTNfdUpkdFRzbXNiSTZlQzdEcVJhSWRCaUpKMDhWcTJhc3dpRkxpOVdZY1cwemZRamE5cWpGM3hwcmRCemtFUm56dk1ud0pDcHpyMl9NZmhQQjBmOVc1MF9HdkViNWRoeEVtZU1SY0I0UHZiOC0xbWhmRVFQS0R4bWJrVUpqVVRqWTRLOWRFeGtEZ2pMRVZ1Q2VTV3FtNzlBNmxONUUtOE9DZ25Ic09L?oc=5\" target=\"_blank\" rel=\"nofollow noopener\">Maduro y Trump hablaron la semana pasada para abordar una posible reuni\u00f3n bilateral en medio de la escalada de<\/a>&nbsp;&nbsp;LaSexta<\/li>\n<li><a href=\"https:\/\/news.google.com\/rss\/articles\/CBMitAFBVV95cUxNN21INmhCbk1Cc2NFYllpc3lsM3dEWnAwakVNcnRoUTlMQ29LS1BiUU9ac3ViX3NuYVUzeThMeXU4NERwNjVYd3ltU1UwTHluQ1pJNW9KUlhQOFNUcW1SdWxqTVBOenpLUlpjVEpsaGc5ejVZQnZLbUhENVNaTHM5VTlncWp2QklKSnpwc0dyYXN6VmtzNWlQb1Nrd1NoeUdLUkRrMl9zaGJqTlpVOENXbjNCMUc?oc=5\" target=\"_blank\" rel=\"nofollow noopener\">Maduro y Trump mantuvieron una conversaci\u00f3n en plena ofensiva de Estados Unidos para abrir una puerta al di\u00e1logo<\/a>&nbsp;&nbsp;EL PA\u00cdS<\/li>\n<li><a href=\"https:\/\/news.google.com\/rss\/articles\/CBMixAFBVV95cUxQVTNDQ0ptZjR6dzJnOXJMM0wwSGlNLTduNmtFZVF3dDRGcTRyeXRMdU5OWVQ5N3NFaTh5aTg1OFcwS3c5MzNIV2psYS1nNG1MVUxnczBxSzJHZzdRdExlTGNKUDJqVUpBN1oxNW5jYTlqVTM1T1A5UUktYmwyZldxQ0pTWF9sTTh0TmZmcEVRNnR5LXJXbVA2LXlRcS1CVmNsRnNEN3ZrMGQxUkItREh0bXFETjhZTjFYeFQ5eTFwVk5EcWVS?oc=5\" target=\"_blank\" rel=\"nofollow noopener\">Trump habl\u00f3 con Maduro pero mantiene la idea de atacar \u201cmuy pronto\u201d Venezuela<\/a>&nbsp;&nbsp;La Vanguardia<\/li>\n<li><a href=\"https:\/\/news.google.com\/rss\/articles\/CBMipgFBVV95cUxOc3JhNEFiN1dad1NneTd0eG8zTmlNa0hlcko3MmlNclR5MUJZaFhGcW51TGpHc1hLUU1zSzNTTVdaZDR6THJRZ3lDV1RVanBCUDNveUtrRlpXUlVMUDBrdmptcVcxaWIwUGpwZDJNRWMtSlN3Uk5YR0s1ZGlQY1U2NVlEd0F2WjJzNEREVTdBMFVZeVlpc19ES0I0SlZEaDhKcjB6dGhR?oc=5\" target=\"_blank\" rel=\"nofollow noopener\">Trump habl\u00f3 por tel\u00e9fono con Maduro la semana pasada, seg\u00fan &#8216;The New York Times&#8217;<\/a>&nbsp;&nbsp;ABC<\/li>\n<li><a href=\"https:\/\/news.google.com\/rss\/articles\/CBMigwFBVV95cUxQSmVCLUItY2IwclhiNHdnSWNFUXdoZ0tuT0xabGVuQURoU051NzVZM3BkMzNlZkxxbkRURTJoeGxrTmx5VThkNmFZZl9hRHhUaHVPOHVaNDB2YnZQd25nZWRvZ244WW1kTEo5Q2p4Z3JCZFA0WFVrUzFxUGZJUjU0M3NMY9IBgwFBVV95cUxQMm9qNkZjUU9Ld1VSd3UyVmxuUmJNZkdtRl9vNDl1a0UwZmgydlh2cWRTMjZGNzdDd1IxUTdGM0piSmJKbldLeUtUQTk5a1p1SWF4d2ZCcnR5eTMzZy1ZcmJUcVY1SF9ad1RLS2VZendKUDliMFkxOTRIN1BVcDZCbkNvWQ?oc=5\" target=\"_blank\" rel=\"nofollow noopener\">La primera conversaci\u00f3n entre Trump y Maduro, sin avances<\/a>&nbsp;&nbsp;El Mundo<\/li>\n<\/ol>\n","protected":false},"excerpt":{"rendered":"Maduro y Trump hablaron la semana pasada para abordar una posible reuni\u00f3n bilateral en medio de la escalada&hellip;\n","protected":false},"author":2,"featured_media":248356,"comment_status":"","ping_status":"","sticky":false,"template":"","format":"standard","meta":{"footnotes":""},"categories":[42],"tags":[17,18,13,14,11,61,62,63,64,19,20,9,10,15,16,12,21,22,65,66,67],"class_list":{"0":"post-262670","1":"post","2":"type-post","3":"status-publish","4":"format-standard","5":"has-post-thumbnail","7":"category-internacional","8":"tag-breaking-news","9":"tag-breakingnews","10":"tag-featured-news","11":"tag-featurednews","12":"tag-headlines","13":"tag-internacional","14":"tag-international","15":"tag-international-news","16":"tag-internationalnews","17":"tag-latest-news","18":"tag-latestnews","19":"tag-news","20":"tag-noticias","21":"tag-noticias-destacadas","22":"tag-noticiasdestacadas","23":"tag-titulares","24":"tag-ultimas-noticias","25":"tag-ultimasnoticias","26":"tag-world","27":"tag-world-news","28":"tag-worldnews"},"share_on_mastodon":{"url":"https:\/\/pubeurope.com\/@es\/115635180278344052","error":""},"_links":{"self":[{"href":"https:\/\/www.europesays.com\/es\/wp-json\/wp\/v2\/posts\/262670","targetHints":{"allow":["GET"]}}],"collection":[{"href":"https:\/\/www.europesays.com\/es\/wp-json\/wp\/v2\/posts"}],"about":[{"href":"https:\/\/www.europesays.com\/es\/wp-json\/wp\/v2\/types\/post"}],"author":[{"embeddable":true,"href":"https:\/\/www.europesays.com\/es\/wp-json\/wp\/v2\/users\/2"}],"replies":[{"embeddable":true,"href":"https:\/\/www.europesays.com\/es\/wp-json\/wp\/v2\/comments?post=262670"}],"version-history":[{"count":0,"href":"https:\/\/www.europesays.com\/es\/wp-json\/wp\/v2\/posts\/262670\/revisions"}],"wp:featuredmedia":[{"embeddable":true,"href":"https:\/\/www.europesays.com\/es\/wp-json\/wp\/v2\/media\/248356"}],"wp:attachment":[{"href":"https:\/\/www.europesays.com\/es\/wp-json\/wp\/v2\/media?parent=262670"}],"wp:term":[{"taxonomy":"category","embeddable":true,"href":"https:\/\/www.europesays.com\/es\/wp-json\/wp\/v2\/categories?post=262670"},{"taxonomy":"post_tag","embeddable":true,"href":"https:\/\/www.europesays.com\/es\/wp-json\/wp\/v2\/tags?post=262670"}],"curies":[{"name":"wp","href":"https:\/\/api.w.org\/{rel}","templated":true}]}}