{"id":262671,"date":"2025-11-29T21:46:12","date_gmt":"2025-11-29T21:46:12","guid":{"rendered":"https:\/\/www.europesays.com\/es\/262671\/"},"modified":"2025-11-29T21:46:12","modified_gmt":"2025-11-29T21:46:12","slug":"feijoo-entona-un-basta-ya-y-llama-a-concentrarse-contra-los-corruptos-porque-espana-merece-algo-mejor-que-ser-gobernada-por-una-banda","status":"publish","type":"post","link":"https:\/\/www.europesays.com\/es\/262671\/","title":{"rendered":"Feij\u00f3o entona un \u00a1basta ya! y llama a concentrarse contra los corruptos porque Espa\u00f1a \u201cmerece algo mejor que ser gobernada por una banda\u201d"},"content":{"rendered":"<p>En Burgos, en la clausura del II Foro de Alcaldes de Grandes Ciudades<\/p>\n<ul class=\"wp-block-list\">\n<li>El presidente del Partido Popular pide a todos \u201clos espa\u00f1oles hartos y que creen que Espa\u00f1a merece un Gobierno mejor\u201d ir <strong>ma\u00f1ana a las 12.00 de la ma\u00f1ana al Templo de Debod <\/strong>para decir no a los corruptos y pedir que devuelvan la palabra a los espa\u00f1oles. \u201c<strong>El Gobierno sale a la calle contra los jueces, nosotros contra los corruptos<\/strong>\u201d, a\u00f1ade<\/li>\n<li>Afirma que ma\u00f1ana <strong>la concentraci\u00f3n ser\u00e1 \u201csin siglas ni logos\u201d <\/strong>y expresa el hartazgo de la ciudadan\u00eda ante \u201cun presidente que tiene a todo su entorno en el banquillo o en la c\u00e1rcel, que ataca a la Justicia y los medios y que parece una pel\u00edcula de mafiosos\u201d. \u201c<strong>Espa\u00f1a merece algo mejor que estar gobernada por una banda<\/strong>\u201d, subraya<\/li>\n<li>Recuerda que el sanchismo se construy\u00f3 en un coche para una campa\u00f1a de primarias y del que tres de sus cuatro integrantes ya han pasado por la c\u00e1rcel, mientras el cuarto est\u00e1 en la Presidencia del Gobierno. \u201c<strong>No es posible que todo tu equipo est\u00e9 en la c\u00e1rcel y tu no tengas responsabilidad<\/strong>. <strong>S\u00e1nchez no est\u00e1 rodeado de manzanas podridas, es \u00e9l quien pudre todo en nuestro pa\u00eds<\/strong>\u201d, enfatiza<\/li>\n<li>Destaca que el PP ya ha explicado que una de sus primeras propuestas ser\u00e1 la bajada del IRPF a los espa\u00f1oles y se\u00f1ala que en <strong>la declaraci\u00f3n de Burgos <\/strong>los alcaldes han fijado <strong>los impuestos, la vivienda y la seguridad como prioridades del municipalismo, <\/strong>frente a un Gobierno que exprime a familias, trabajadores, aut\u00f3nomos y pymes<\/li>\n<li>En materia de impuestos, propone <strong>rebajas fiscales y bonificaciones sociales frente al tasazo de basuras, bajar hasta un 50% el IBI y el ICIO <\/strong>(Impuesto de Construcciones, Instalaciones y Obras) <strong>a los aut\u00f3nomos y un plan cuota cero municipal <\/strong>para bonificar tasas e impuestos municipales con el objetivo de facilitar el emprendimiento<\/li>\n<li>\u201cDespu\u00e9s de un Gobierno Guinness de los impuestos vendr\u00e1 el gran alivio fiscal a las familias espa\u00f1oles. <strong>Recaudar y contribuir s\u00ed, saquear a la gente no<\/strong>\u201d, sentencia<\/li>\n<\/ul>\n<ul class=\"wp-block-list\">\n<li>En materia de vivienda, explica que los alcaldes del PP acuerdan ir un paso m\u00e1s all\u00e1 y <strong>proponen licencias de obras expr\u00e9s \u2013fast track en menos de tres meses\u2013, menos burocracia con simplificaci\u00f3n de tr\u00e1mites y modificaciones puntuales de los planes generales <\/strong>y <strong>poder usar el super\u00e1vit municipal en la construcci\u00f3n y promoci\u00f3n de vivienda, <\/strong>por lo que piden al Gobierno modificar la regla de gasto<\/li>\n<li>Recuerda que cuando gobernaba el PP la vivienda era el problema 16 de las preocupaciones de los ciudadanos y, tras los a\u00f1os de S\u00e1nchez, es el n\u00famero 1. \u201cVamos a acabar con esta broma. <strong>Esto va de que haya m\u00e1s casas y m\u00e1s propietarios. Hay que construir, aumentar la oferta y cubrir la demanda del mercado, <\/strong>as\u00ed dejar\u00e1 de subir el precio\u201d, se\u00f1ala<\/li>\n<li>En materia de seguridad, asegura que los ayuntamientos del PP plantean <strong>tolerancia cero con el fraude del padr\u00f3n, integraci\u00f3n exigente porque todo el mundo tiene que cumplir con la ley, m\u00e1s coordinaci\u00f3n entre los diferentes cuerpos policiales<\/strong>, especialmente con la multirreincidencia, y <strong>expulsi\u00f3n inmediata de los inmigrantes con delitos graves<\/strong><\/li>\n<li>\u201cEl que delinca a la c\u00e1rcel, si es espa\u00f1ol en Espa\u00f1a, si es extranjero en su pa\u00eds\u201d, resume<\/li>\n<li>Explica que hace falta orden fuera y dentro de nuestras fronteras porque el descontrol compromete la seguridad de los ciudadanos espa\u00f1oles e inmigrantes que conviven en Espa\u00f1a. <strong>\u201cLa esencia de nuestras propuestas es poder vivir en libertad, igualdad y poder prosperar. Cumplir con nuestras obligaciones para poder ejercer nuestros derechos\u201d, <\/strong>reflexiona<\/li>\n<li>Alaba el trabajo de los ayuntamientos del PP y sostiene que, si esperan a que \u201cel sanchismo deje de delinquir para hablar de los problemas de los espa\u00f1oles, no podr\u00eda hacer una propuesta en toda la legislatura\u201d<\/li>\n<li>\u201cNo estamos aqu\u00ed para prometer milagros sino para construir realidades. No puede ocuparse de los problemas de los espa\u00f1oles un Gobierno que ya es el principal problema de los espa\u00f1oles\u201d, concluye<\/li>\n<\/ul>\n","protected":false},"excerpt":{"rendered":"En Burgos, en la clausura del II Foro de Alcaldes de Grandes Ciudades El presidente del Partido Popular&hellip;\n","protected":false},"author":2,"featured_media":262672,"comment_status":"","ping_status":"","sticky":false,"template":"","format":"standard","meta":{"footnotes":""},"categories":[8],"tags":[17,18,25,24,13,14,11,19,20,9,10,15,16,23,12,21,22],"class_list":{"0":"post-262671","1":"post","2":"type-post","3":"status-publish","4":"format-standard","5":"has-post-thumbnail","7":"category-espana","8":"tag-breaking-news","9":"tag-breakingnews","10":"tag-es","11":"tag-espana","12":"tag-featured-news","13":"tag-featurednews","14":"tag-headlines","15":"tag-latest-news","16":"tag-latestnews","17":"tag-news","18":"tag-noticias","19":"tag-noticias-destacadas","20":"tag-noticiasdestacadas","21":"tag-spain","22":"tag-titulares","23":"tag-ultimas-noticias","24":"tag-ultimasnoticias"},"share_on_mastodon":{"url":"https:\/\/pubeurope.com\/@es\/115635184245221148","error":""},"_links":{"self":[{"href":"https:\/\/www.europesays.com\/es\/wp-json\/wp\/v2\/posts\/262671","targetHints":{"allow":["GET"]}}],"collection":[{"href":"https:\/\/www.europesays.com\/es\/wp-json\/wp\/v2\/posts"}],"about":[{"href":"https:\/\/www.europesays.com\/es\/wp-json\/wp\/v2\/types\/post"}],"author":[{"embeddable":true,"href":"https:\/\/www.europesays.com\/es\/wp-json\/wp\/v2\/users\/2"}],"replies":[{"embeddable":true,"href":"https:\/\/www.europesays.com\/es\/wp-json\/wp\/v2\/comments?post=262671"}],"version-history":[{"count":0,"href":"https:\/\/www.europesays.com\/es\/wp-json\/wp\/v2\/posts\/262671\/revisions"}],"wp:featuredmedia":[{"embeddable":true,"href":"https:\/\/www.europesays.com\/es\/wp-json\/wp\/v2\/media\/262672"}],"wp:attachment":[{"href":"https:\/\/www.europesays.com\/es\/wp-json\/wp\/v2\/media?parent=262671"}],"wp:term":[{"taxonomy":"category","embeddable":true,"href":"https:\/\/www.europesays.com\/es\/wp-json\/wp\/v2\/categories?post=262671"},{"taxonomy":"post_tag","embeddable":true,"href":"https:\/\/www.europesays.com\/es\/wp-json\/wp\/v2\/tags?post=262671"}],"curies":[{"name":"wp","href":"https:\/\/api.w.org\/{rel}","templated":true}]}}