{"id":262673,"date":"2025-11-29T21:47:14","date_gmt":"2025-11-29T21:47:14","guid":{"rendered":"https:\/\/www.europesays.com\/es\/262673\/"},"modified":"2025-11-29T21:47:14","modified_gmt":"2025-11-29T21:47:14","slug":"la-alcaldesa-invita-a-vivir-la-navidad-alegre-familiar-y-entranable-de-alcala-tras-el-pregon-ofrecido-por-la-comparsa-de-gigantes-y-cabezudos","status":"publish","type":"post","link":"https:\/\/www.europesays.com\/es\/262673\/","title":{"rendered":"La alcaldesa invita a vivir la Navidad \u201calegre, familiar y entra\u00f1able\u201d de Alcal\u00e1 tras el preg\u00f3n ofrecido por la Comparsa de Gigantes y Cabezudos"},"content":{"rendered":"<p><strong>La plaza de Cervantes ha acogido el encendido de la iluminaci\u00f3n navide\u00f1a y una gran chocolatada, as\u00ed como un recital de villancicos. <\/strong><\/p>\n<p>Alcal\u00e1 de Henares, 29-noviembre-2025.- La Plaza de Cervantes ha vuelto a ser, un a\u00f1o m\u00e1s, el escenario para dar la bienvenida a la Navidad en Alcal\u00e1 de Henares con un preg\u00f3n que, en esta ocasi\u00f3n, ha corrido a cargo de la Comparsa de Gigantes y Cabezudos con motivo del quinto centenario de esta tradici\u00f3n en nuestra ciudad. El encendido del alumbrado navide\u00f1o, un concierto de villancicos flamencos a cargo del grupo sevillano Raya Real y una gran chocolatada popular han sido otra de las citas de esta cita inaugural de las celebraciones.<\/p>\n<p>La alcaldesa de Alcal\u00e1 de Henares, Judith Piquet, ha participado en el acto, al que tambi\u00e9n han acudido los tenientes de alcaldesa, Isabel Ruiz Maldonado, V\u00edctor Acosta, Gustavo Severien y Cristina Alca\u00f1iz, adem\u00e1s de otros concejales del equipo de Gobierno. El obispo de Alcal\u00e1, Antonio Prieto, tambi\u00e9n ha acudido al preg\u00f3n, al que han acudido representantes de otras entidades y colectivos, como el presidente de la Asociaci\u00f3n Complutense de Belenistas, Leopoldo Herrero.<\/p>\n<p>En representaci\u00f3n de este colectivo, Herrero ha entregado un obsequio a los giganteros encargados de pronunciar el preg\u00f3n, Francisco Javier Flores Ruiz y Eduardo Luis Escolar, que estuvieron acompa\u00f1ados por todos los miembros de la comparsa. \u00c9sta desfil\u00f3 previamente desde la calle Libreros hasta la plaza.\u00a0<\/p>\n<p>En el preg\u00f3n, los giganteros han recordado la importancia del gran aniversario que est\u00e1n celebrando este a\u00f1o para la historia de la ciudad y evocaron asimismo el nacimiento de la comitiva navide\u00f1a de gigantes que representan a los Reyes Mayos all\u00e1 por 1998. Los integrantes de la comparsa animaron a todos los vecinos, con menci\u00f3n especial para los m\u00e1s peque\u00f1os, a disfrutar de las fiestas navide\u00f1as, que estar\u00e1n acompa\u00f1adas un a\u00f1o m\u00e1s, como es ya tradici\u00f3n, por los desfiles matinales de los Gigantes y Cabezudos por todos los barrios de la ciudad.<\/p>\n<p><strong>D\u00edas grandes de luz y esperanza<\/strong><\/p>\n<p>Precisamente, la alcaldesa ha destacado la importancia de tradici\u00f3n en la celebraci\u00f3n de la Navidad en Alcal\u00e1 \u201calegre, sencilla, familiar y entra\u00f1able\u201d en la que no puede faltar un colectivo \u201ccon tanto arraigo y con tanto cari\u00f1o popular como el de nuestra comparsa de Gigantes y Cabezudos\u201d.<\/p>\n<p>Piquet ha destacado que el Ayuntamiento ha preparado un amplio programa navide\u00f1o de ocio y de cultura que se desarrollar\u00e1 por todos los barrios, \u201cpara animar y dar acompa\u00f1amiento a la gran familia que debe ser Alcal\u00e1 siempre, pero muy especialmente en estos d\u00edas\u201d.\u00a0<\/p>\n<p>\u201cPorque la Navidad es alegr\u00eda, pero, sobre todo, ha de ser encuentro, cercan\u00eda y fraternidad. Especialmente con aquellos que est\u00e1n m\u00e1s solos, m\u00e1s desamparados y m\u00e1s necesitados\u201d, ha se\u00f1alado la regidora, sin olvidar que en estos d\u00edas no ha de faltar \u201cel recuerdo de los que ya no est\u00e1n con nosotros pero que siguen vivos en nuestra memoria y en nuestros corazones para siempre. Todo eso, y no otra cosa, ha de ser la magia navide\u00f1a\u201d.<\/p>\n<p>La alcaldesa, por \u00faltimo, ha animado a todos los alcala\u00ednos \u201ca vivir con alegr\u00eda, con luz y con esperanza estos d\u00edas grandes en una ciudad de esp\u00edritu grande y en compa\u00f1\u00eda de los m\u00e1s grandes, nuestra querida comparsa de Gigantes\u201d.<\/p>\n","protected":false},"excerpt":{"rendered":"La plaza de Cervantes ha acogido el encendido de la iluminaci\u00f3n navide\u00f1a y una gran chocolatada, as\u00ed como&hellip;\n","protected":false},"author":2,"featured_media":262674,"comment_status":"","ping_status":"","sticky":false,"template":"","format":"standard","meta":{"footnotes":""},"categories":[5],"tags":[16155,17,18,25,24,13,14,11,26478,19,20,2951,63023,9,10,15,16,23,12,21,22],"class_list":{"0":"post-262673","1":"post","2":"type-post","3":"status-publish","4":"format-standard","5":"has-post-thumbnail","7":"category-titulares","8":"tag-alcala","9":"tag-breaking-news","10":"tag-breakingnews","11":"tag-es","12":"tag-espana","13":"tag-featured-news","14":"tag-featurednews","15":"tag-headlines","16":"tag-judith-piquet","17":"tag-latest-news","18":"tag-latestnews","19":"tag-navidad","20":"tag-navidad-en-alcala","21":"tag-news","22":"tag-noticias","23":"tag-noticias-destacadas","24":"tag-noticiasdestacadas","25":"tag-spain","26":"tag-titulares","27":"tag-ultimas-noticias","28":"tag-ultimasnoticias"},"share_on_mastodon":{"url":"https:\/\/pubeurope.com\/@es\/115635188071292717","error":""},"_links":{"self":[{"href":"https:\/\/www.europesays.com\/es\/wp-json\/wp\/v2\/posts\/262673","targetHints":{"allow":["GET"]}}],"collection":[{"href":"https:\/\/www.europesays.com\/es\/wp-json\/wp\/v2\/posts"}],"about":[{"href":"https:\/\/www.europesays.com\/es\/wp-json\/wp\/v2\/types\/post"}],"author":[{"embeddable":true,"href":"https:\/\/www.europesays.com\/es\/wp-json\/wp\/v2\/users\/2"}],"replies":[{"embeddable":true,"href":"https:\/\/www.europesays.com\/es\/wp-json\/wp\/v2\/comments?post=262673"}],"version-history":[{"count":0,"href":"https:\/\/www.europesays.com\/es\/wp-json\/wp\/v2\/posts\/262673\/revisions"}],"wp:featuredmedia":[{"embeddable":true,"href":"https:\/\/www.europesays.com\/es\/wp-json\/wp\/v2\/media\/262674"}],"wp:attachment":[{"href":"https:\/\/www.europesays.com\/es\/wp-json\/wp\/v2\/media?parent=262673"}],"wp:term":[{"taxonomy":"category","embeddable":true,"href":"https:\/\/www.europesays.com\/es\/wp-json\/wp\/v2\/categories?post=262673"},{"taxonomy":"post_tag","embeddable":true,"href":"https:\/\/www.europesays.com\/es\/wp-json\/wp\/v2\/tags?post=262673"}],"curies":[{"name":"wp","href":"https:\/\/api.w.org\/{rel}","templated":true}]}}