{"id":262675,"date":"2025-11-29T21:53:19","date_gmt":"2025-11-29T21:53:19","guid":{"rendered":"https:\/\/www.europesays.com\/es\/262675\/"},"modified":"2025-11-29T21:53:19","modified_gmt":"2025-11-29T21:53:19","slug":"bano-de-masas-de-pogacar-y-los-campeones-del-mundo-en-la-presentacion-de-la-totalenergies-gran-fondo-pico-de-las-nieves","status":"publish","type":"post","link":"https:\/\/www.europesays.com\/es\/262675\/","title":{"rendered":"Ba\u00f1o de masas de Poga\u010dar y los campeones del mundo en la presentaci\u00f3n de la TotalEnergies Gran Fondo Pico de las Nieves"},"content":{"rendered":"<p class=\"v-mdl-ath__p v-mdl-ath__p--6\">\nS\u00e1bado, 29 de noviembre 2025, 19:48<\/p>\n<p>| Actualizado 21:52h.<\/p>\n<p class=\"v-p\">Arucas acogi\u00f3 este s\u00e1bado el acto oficial de presentaci\u00f3n previo a la prueba TotalEnergies Gran Fondo Pico de las Nieves, en el que fueron presentados los ciclistas internacionales que participar\u00e1n ma\u00f1ana en esta prueba, entre ellos los campeones del mundo Tadej Poga\u010dar, Magdeleine Vallieres y Ricardo Ten.<\/p>\n<p class=\"v-p\">Los deportistas se encuentran esta semana en Gran Canaria gracias a la iniciativa Gran Canaria 365, que les ha permitido recorrer las carreteras de la isla antes de afrontar la ascensi\u00f3n al Pico de las Nieves, una de las pruebas ciclistas m\u00e1s exigentes del archipi\u00e9lago.<\/p>\n<p class=\"v-p\">El acto cont\u00f3 con la presencia de Juan Jes\u00fas Facundo, alcalde de Arucas y anfitri\u00f3n del evento, municipio desde el que partir\u00e1 la prueba ma\u00f1ana 30 de noviembre. Tambi\u00e9n asistieron el concejal de Deportes de Artenara, Alberto D\u00edaz; y el consejero de Turismo del Cabildo de Gran Canaria, Carlos \u00c1lamo, quien adem\u00e1s particip\u00f3 en el homenaje dedicado a \u00c1ngel Bara, creador de La Cicloturista, hist\u00f3rica prueba que celebra este a\u00f1o su 37\u00aa edici\u00f3n.<\/p>\n<p><img decoding=\"async\" loading=\"lazy\" src=\"https:\/\/www.europesays.com\/es\/wp-content\/uploads\/2025\/11\/Pogacar11111-U190960646111kV--650x975@Canarias7.jpeg\" class=\"v-a-img\" width=\"650\" height=\"975\" alt=\"Pogacar, saludando a la juventud en Arucas.\" data-voc-vtm-id=\"in-text-traffic\"\/><\/p>\n<p>Pogacar, saludando a la juventud en Arucas.<\/p>\n<p>C7<\/p>\n<p class=\"v-p\">La presentaci\u00f3n estuvo dirigida por Juan Mari Guajardo, reconocido comentarista especializado en ciclismo, quien condujo el encuentro con su habitual cercan\u00eda y experiencia.<\/p>\n<p><img decoding=\"async\" loading=\"lazy\" src=\"https:\/\/www.europesays.com\/es\/wp-content\/uploads\/2025\/11\/pogacar1-kfrB--1200x841@Canarias7.jpg\" class=\"v-mdl__img-z\" width=\"1200\" height=\"841\" alt=\"Imagen principal - Ba\u00f1o de masas de Poga\u010dar y los campeones del mundo en la presentaci\u00f3n de la TotalEnergies Gran Fondo Pico de las Nieves\"\/><\/p>\n<p><img decoding=\"async\" loading=\"lazy\" src=\"https:\/\/www.europesays.com\/es\/wp-content\/uploads\/2025\/11\/Pogacar2-kfrB--1200x851@Canarias7.jpg\" class=\"v-mdl__img-z\" width=\"1200\" height=\"851\" alt=\"Imagen secundaria 1 - Ba\u00f1o de masas de Poga\u010dar y los campeones del mundo en la presentaci\u00f3n de la TotalEnergies Gran Fondo Pico de las Nieves\"\/><\/p>\n<p><img decoding=\"async\" loading=\"lazy\" src=\"https:\/\/www.europesays.com\/es\/wp-content\/uploads\/2025\/11\/pogacar4-kfrB--711x841@Canarias7.jpg\" class=\"v-mdl__img-z\" width=\"711\" height=\"841\" alt=\"Imagen secundaria 2 - Ba\u00f1o de masas de Poga\u010dar y los campeones del mundo en la presentaci\u00f3n de la TotalEnergies Gran Fondo Pico de las Nieves\"\/><\/p>\n<p class=\"v-p\"><strong>Lo mejor del ciclismo mundial<\/strong><\/p>\n<p class=\"v-p\">Durante el acto tambi\u00e9n fueron presentados los ciclistas internacionales que participar\u00e1n en la prueba, entre ellos Jasper Philipsen, Jonas Rickaert, Lorenzo Rota, Max van der Meulen, Pavel Sivakov, Urko Vidal, Zak Erzen, Cian Uijtdebroeks, Domen Novak, E\u00f1aut Urkaregui, Jakob Omrzel, Jaimar Etxeberria, Vegard Stake Laengen y Vlad Van Mechelen. En la categor\u00eda femenina estuvieron presentes Elisa Balsamo, Gloria Van Mechelen, Ur\u0161ka \u017digart y Laura Lizette Sander, completando as\u00ed un elenco de primer nivel para esta edici\u00f3n.<\/p>\n<p class=\"v-p\"><strong>TotalEnergies Gran Fondo Pico de las Nieves<\/strong><\/p>\n<p class=\"v-p\">El TotalEnergies Gran Fondo Pico de las Nieves 2025 es la primera etapa de la Gran Canaria Bike Week y forma parte del prestigioso TotalEnergies Challenge.<\/p>\n<p class=\"v-p\">La modalidad reina, como cada a\u00f1o, ser\u00e1 la ascensi\u00f3n al Pico de las Nieves, con una distancia total de 125 km y un desnivel positivo acumulado de 3.324 metros. Este recorrido incluye dos tramos cronometrados a lo largo del camino.<\/p>\n<p class=\"v-p\">Adem\u00e1s del recorrido tradicional hacia el Pico de las Nieves, este a\u00f1o se presenta por primera vez la modalidad Artenara, una opci\u00f3n m\u00e1s corta pero igualmente desafiante. El tramo cronometrado de esta ser\u00e1 compartido con el primero de la Gran Fondo y los participantes finalizar\u00e1n en la Plaza de Artenara.<\/p>\n<p><img decoding=\"async\" loading=\"lazy\" src=\"https:\/\/www.europesays.com\/es\/wp-content\/uploads\/2025\/11\/pogacar6-kfrB--1200x841@Canarias7.jpg\" class=\"v-mdl__img-z\" width=\"1200\" height=\"841\" alt=\"Imagen principal - Ba\u00f1o de masas de Poga\u010dar y los campeones del mundo en la presentaci\u00f3n de la TotalEnergies Gran Fondo Pico de las Nieves\"\/><\/p>\n<p><img decoding=\"async\" loading=\"lazy\" src=\"https:\/\/www.europesays.com\/es\/wp-content\/uploads\/2025\/11\/philipsen-kfrB--1200x851@Canarias7.jpg\" class=\"v-mdl__img-z\" width=\"1200\" height=\"851\" alt=\"Imagen secundaria 1 - Ba\u00f1o de masas de Poga\u010dar y los campeones del mundo en la presentaci\u00f3n de la TotalEnergies Gran Fondo Pico de las Nieves\"\/><\/p>\n<p><img decoding=\"async\" loading=\"lazy\" src=\"https:\/\/www.europesays.com\/es\/wp-content\/uploads\/2025\/11\/pogacar8-kfrB--711x841@Canarias7.jpg\" class=\"v-mdl__img-z\" width=\"711\" height=\"841\" alt=\"Imagen secundaria 2 - Ba\u00f1o de masas de Poga\u010dar y los campeones del mundo en la presentaci\u00f3n de la TotalEnergies Gran Fondo Pico de las Nieves\"\/><\/p>\n<p class=\"v-p\">TotalEnergies Gran Fondo Pico de las Nieves est\u00e1 organizada por DG Eventos, con el patrocinio institucional del Cabildo de Gran Canaria, a trav\u00e9s del Instituto Insular de Deportes y Turismo de Gran Canaria, as\u00ed como Turismo Islas Canarias y la colaboraci\u00f3n de los Ayuntamientos de Arucas y Artenara.<\/p>\n<p>Reporta un error<\/p>\n","protected":false},"excerpt":{"rendered":"S\u00e1bado, 29 de noviembre 2025, 19:48 | Actualizado 21:52h. Arucas acogi\u00f3 este s\u00e1bado el acto oficial de presentaci\u00f3n&hellip;\n","protected":false},"author":2,"featured_media":262676,"comment_status":"","ping_status":"","sticky":false,"template":"","format":"standard","meta":{"footnotes":""},"categories":[273],"tags":[11656,5926,313,312,168,27239,25,24,11657,3956,3013,11659,289,11658,2436,23,167,13094],"class_list":{"0":"post-262675","1":"post","2":"type-post","3":"status-publish","4":"format-standard","5":"has-post-thumbnail","7":"category-ciclismo","8":"tag-arucas","9":"tag-campeones","10":"tag-ciclismo","11":"tag-cycling","12":"tag-deportes","13":"tag-encabezan","14":"tag-es","15":"tag-espana","16":"tag-fondo","17":"tag-gran","18":"tag-mundo","19":"tag-nieves","20":"tag-oficial","21":"tag-pico","22":"tag-presentacion","23":"tag-spain","24":"tag-sports","25":"tag-totalenergies"},"share_on_mastodon":{"url":"https:\/\/pubeurope.com\/@es\/115635212238804680","error":""},"_links":{"self":[{"href":"https:\/\/www.europesays.com\/es\/wp-json\/wp\/v2\/posts\/262675","targetHints":{"allow":["GET"]}}],"collection":[{"href":"https:\/\/www.europesays.com\/es\/wp-json\/wp\/v2\/posts"}],"about":[{"href":"https:\/\/www.europesays.com\/es\/wp-json\/wp\/v2\/types\/post"}],"author":[{"embeddable":true,"href":"https:\/\/www.europesays.com\/es\/wp-json\/wp\/v2\/users\/2"}],"replies":[{"embeddable":true,"href":"https:\/\/www.europesays.com\/es\/wp-json\/wp\/v2\/comments?post=262675"}],"version-history":[{"count":0,"href":"https:\/\/www.europesays.com\/es\/wp-json\/wp\/v2\/posts\/262675\/revisions"}],"wp:featuredmedia":[{"embeddable":true,"href":"https:\/\/www.europesays.com\/es\/wp-json\/wp\/v2\/media\/262676"}],"wp:attachment":[{"href":"https:\/\/www.europesays.com\/es\/wp-json\/wp\/v2\/media?parent=262675"}],"wp:term":[{"taxonomy":"category","embeddable":true,"href":"https:\/\/www.europesays.com\/es\/wp-json\/wp\/v2\/categories?post=262675"},{"taxonomy":"post_tag","embeddable":true,"href":"https:\/\/www.europesays.com\/es\/wp-json\/wp\/v2\/tags?post=262675"}],"curies":[{"name":"wp","href":"https:\/\/api.w.org\/{rel}","templated":true}]}}