{"id":262677,"date":"2025-11-29T21:55:14","date_gmt":"2025-11-29T21:55:14","guid":{"rendered":"https:\/\/www.europesays.com\/es\/262677\/"},"modified":"2025-11-29T21:55:14","modified_gmt":"2025-11-29T21:55:14","slug":"analisis-del-calendario-que-afronta-baskonia-en-acb-y-euroliga","status":"publish","type":"post","link":"https:\/\/www.europesays.com\/es\/262677\/","title":{"rendered":"analisis del calendario que afronta Baskonia en ACB y Euroliga"},"content":{"rendered":"<p>\n        El <strong>Kosner Baskonia<\/strong> se encuentra afrontando desde la <strong>derrota del pasado martes<\/strong> en cancha del <strong>Zalgiris<\/strong> un <strong>par\u00f3n de diez d\u00edas sin competir<\/strong> por la disputa de las <strong>ventanas FIBA<\/strong> que terminar\u00e1 el pr\u00f3ximo <strong>viernes 5 de diciembre<\/strong> cuando el <strong>Armani Mil\u00e1n<\/strong> visite el <strong>Fernando Buesa<\/strong>. Un <strong>descanso que deber\u00e1 aprovechar al m\u00e1ximo<\/strong> para que los jugadores se <strong>repongan muscular y mentalmente<\/strong> y para <strong>trabajar aspectos t\u00e1cticos<\/strong>, algo cada vez m\u00e1s dif\u00edcil de perfeccionar para los equipos que compiten en la <strong>Euroliga<\/strong> por falta de tiempo.\n<\/p>\n<p>            <a href=\"https:\/\/www.noticiasdealava.eus\/baskonia\/2025\/11\/28\/galbiati-laso-vidas-paralelas-comparativa-de-datos-10410638.html\" title=\"Galbiati y Laso, vidas paralelas\" class=\"new__media\" rel=\"nofollow noopener\" target=\"_blank\"><\/p>\n<p>                <img alt=\"Galbiati y Laso, vidas paralelas\" data-src=\"https:\/\/www.europesays.com\/es\/wp-content\/uploads\/2025\/11\/db1b6c1f-f41d-4f97-b477-62624f9eb5b7_16-9-aspect-ratio_default_0.jpg\" class=\"lozad\"\/><\/p>\n<p>        <\/a><\/p>\n<p>        <a href=\"https:\/\/www.noticiasdealava.eus\/baskonia\/2025\/11\/28\/galbiati-laso-vidas-paralelas-comparativa-de-datos-10410638.html\" title=\"Galbiati y Laso, vidas paralelas\" class=\"new__headline\" rel=\"nofollow noopener\" target=\"_blank\"><br \/>\n            Galbiati y Laso, vidas paralelas<br \/>\n        <\/a><\/p>\n<p class=\"article-body__text \">\n        <strong>Desconectar<\/strong> y llegar con las <strong>piernas frescas<\/strong> al encuentro contra el conjunto italiano ser\u00e1 de <strong>vital importancia<\/strong> para hacer frente a partir del viernes a un <strong>diciembre infernal<\/strong> para el Baskonia. Las consecuencias de la decisi\u00f3n de <strong>ampliar el cartel de la Euroliga de 18 a 20 equipos<\/strong> ya se est\u00e1n notando en la <strong>plaga de lesiones<\/strong> que arrastra la competici\u00f3n desde la puesta en marcha de esta <strong>temporada 2025-26<\/strong> y el mes de diciembre es uno de esos que <strong>no van a dar tregua<\/strong> a las piernas de los jugadores.\n<\/p>\n<p class=\"article-body__text \">\n        No en vano, desde que la competici\u00f3n se reanude hasta el d\u00eda 29 el <strong>Baskonia deber\u00e1 disputar diez encuentros oficiales<\/strong> entre la <strong>ACB y la Euroliga<\/strong>, lo que supone disputar una media de <strong>un partido cada 57 horas<\/strong>.\n<\/p>\n<blockquote class=\"twitter-tweet\" data-lang=\"es\" wp_automatic_readability=\"2.5\">\n<p lang=\"en\" dir=\"ltr\">No days off \ud83c\udfc0 <a href=\"https:\/\/t.co\/gC7cstsPfw\" rel=\"nofollow\">pic.twitter.com\/gC7cstsPfw<\/a><\/p>\n<p>\u2014 Kosner Baskonia (@Baskonia) <a href=\"https:\/\/twitter.com\/Baskonia\/status\/1994020882990420098?ref_src=twsrc%5Etfw\" rel=\"nofollow noopener\" target=\"_blank\">27 de noviembre de 2025<\/a><\/p><\/blockquote>\n<p class=\"article-body__text \">\n        El tiempo para <strong>entrenar y descansar<\/strong>, por lo tanto, ser\u00e1 <strong>m\u00ednimo<\/strong>, ya que a esas horas hay que restarles las que el equipo estar\u00e1 <strong>viajando<\/strong>, ya que tambi\u00e9n tiene <strong>varios desplazamientos<\/strong> en esos <strong>24 d\u00edas extenuantes<\/strong>.\n<\/p>\n<p class=\"article-body__text \">\n        Despu\u00e9s de recibir al <strong>Armani Mil\u00e1n<\/strong> en el <strong>Buesa Arena<\/strong>, los hombres de <strong>Paolo Galbiati<\/strong> recibir\u00e1n en su cancha a otro rival de <strong>m\u00e1xima exigencia<\/strong> como es el <strong>Valencia Basket<\/strong> el <strong>7 de diciembre<\/strong>, duelo correspondiente a la <strong>novena jornada de ACB<\/strong>.\n<\/p>\n<p class=\"article-body__text \">\n        Tras ello, viajar\u00e1n a la <strong>capital para visitar al Real Madrid el 11 de diciembre<\/strong> y el <strong>13 de diciembre deber\u00e1n volar hasta Gran Canaria<\/strong> en el que ser\u00e1 su <strong>desplazamiento m\u00e1s largo<\/strong> de esta <strong>marat\u00f3n de partidos<\/strong>.\n<\/p>\n<p>            <a href=\"https:\/\/www.noticiasdealava.eus\/baskonia\/2025\/11\/28\/joksimovic-debuta-eslovenia-baskonia-10411856.html\" title=\"Cruel derrota de Joksimovic con Eslovenia en las ventanas FIBA\" class=\"new__media\" rel=\"nofollow noopener\" target=\"_blank\"><\/p>\n<p>                <img alt=\"Cruel derrota de Joksimovic con Eslovenia en las ventanas FIBA\" data-src=\"https:\/\/estaticosgn-cdn.deia.eus\/clip\/a19962bc-c724-46a5-b1c7-2e035c764460_16-9-aspect-ratio_default_0.\" class=\"lozad\"\/><\/p>\n<p>        <\/a><\/p>\n<p>        <a href=\"https:\/\/www.noticiasdealava.eus\/baskonia\/2025\/11\/28\/joksimovic-debuta-eslovenia-baskonia-10411856.html\" title=\"Cruel derrota de Joksimovic con Eslovenia en las ventanas FIBA\" class=\"new__headline\" rel=\"nofollow noopener\" target=\"_blank\"><br \/>\n            Cruel derrota de Joksimovic con Eslovenia en las ventanas FIBA<br \/>\n        <\/a><\/p>\n<p class=\"article-body__text \">\n        Cuatro d\u00edas despu\u00e9s, el 17, el <strong>Baskonia arrancar\u00e1 en su cancha una semana de triple jornada<\/strong> ante el <strong>AS M\u00f3naco en Euroliga<\/strong>, dos d\u00edas despu\u00e9s viajar\u00e1 a <strong>Barcelona<\/strong> para visitar el <strong>Palau Blaugrana<\/strong>, tambi\u00e9n en el torneo continental, y la terminar\u00e1 en <strong>M\u00e1laga<\/strong> con la visita al <strong>Unicaja el d\u00eda 21<\/strong>.\n<\/p>\n<p class=\"article-body__text \">\n        Su gira por la <strong>costa mediterr\u00e1nea<\/strong>, en cualquier caso, continuar\u00e1, ya que dos d\u00edas despu\u00e9s los <strong>gasteiztarras deber\u00e1n visitar al Valencia Basket en la Euroliga el 23 de diciembre<\/strong>. Los hombres de Galbiati regresar\u00e1n a casa justo a tiempo para <strong>Nochebuena y Navidad<\/strong>, pero no podr\u00e1n excederse con los dulces, ya que el <strong>27 de diciembre recibir\u00e1n al San Pablo Burgos<\/strong>. Acto y seguido viajar\u00e1n a <strong>Lugo<\/strong> para visitar al <strong>Breog\u00e1n dos d\u00edas despu\u00e9s<\/strong>.\n<\/p>\n<p>  <strong>LA CUESTA DE ENERO<\/strong> <\/p>\n<p class=\"article-body__text \">\n        El equipo no tendr\u00e1 partido en <strong>Nochevieja<\/strong> y en <strong>A\u00f1o Nuevo<\/strong>, pero arrancar\u00e1 el <strong>2026 con otros diez d\u00edas agotadores<\/strong>. Entre el <strong>2 de enero y el 11 de diciembre<\/strong> el cuadro vitoriano <strong>disputar\u00e1 cinco partidos en diez d\u00edas<\/strong>, pr\u00e1cticamente uno cada <strong>48 horas<\/strong>.\n<\/p>\n<p class=\"article-body__text \">\n        A la llegada del <strong>Fenerbahce al Buesa el d\u00eda 2<\/strong>, le seguir\u00e1 la visita del <strong>Morabanc Andorra el 4<\/strong> y a partir del 7 arrancar\u00e1 otra <strong>semana de triple jornada<\/strong>. El <strong>Baskonia viajar\u00e1 primero a M\u00fanich para medirse al Bayern<\/strong>, el <strong>9 de enero recibir\u00e1 al Asvel<\/strong> en el <strong>Fernando Buesa Arena<\/strong> y el <strong>11 de enero se desplazar\u00e1 hasta Girona<\/strong> antes de que el calendario d\u00e9 una <strong>breve tregua<\/strong> con tres d\u00edas de descanso hasta la <strong>visita al Anadolu Efes el 15 de enero<\/strong>.\n<\/p>\n<p class=\"article-photo__footer\">\n            Paolo Galbiati, durante la visita al Zalgiris.            Getty Images        <\/p>\n<p class=\"article-body__text \">\n        Un <strong>calendario salvaje<\/strong>, en definitiva, en el que ser\u00e1 <strong>crucial para Paolo Galbiati gestionar los esfuerzos<\/strong> de sus jugadores y <strong>repartir los minutos<\/strong> de la mejor manera posible para <strong>no quemarlos<\/strong>. Y todo ello sin perder de vista que los <strong>15 encuentros mencionados ser\u00e1n trascendentales<\/strong> para las opciones del <strong>Baskonia<\/strong> de estar en la pr\u00f3xima <strong>Copa del Rey de Valencia<\/strong> y de <strong>mantenerse con vida en la Euroliga<\/strong> sin descolgarse definitivamente de la <strong>pelea por el play in<\/strong>.\n<\/p>\n<p class=\"article-body__text \">\n        En ese sentido, tambi\u00e9n ser\u00e1 importante que <strong>Trent Forrest est\u00e9 disponible<\/strong> para el comienzo de esta <strong>marat\u00f3n<\/strong> y que <strong>Markus Howard se recupere lo antes posible<\/strong> de la <strong>contusi\u00f3n que sufri\u00f3 en la cara<\/strong> y que le impidi\u00f3 jugar en <strong>Kaunas<\/strong>. Todo lo que sea <strong>sumar jugadores para la causa y ampliar la rotaci\u00f3n<\/strong> ayudar\u00e1 a <strong>sobrellevar el inhumano mes de diciembre<\/strong> que se avecina.\n<\/p>\n<p>            <script async src=\"https:\/\/platform.twitter.com\/widgets.js\" charset=\"utf-8\"><\/script><\/p>\n","protected":false},"excerpt":{"rendered":"El Kosner Baskonia se encuentra afrontando desde la derrota del pasado martes en cancha del Zalgiris un par\u00f3n&hellip;\n","protected":false},"author":2,"featured_media":262678,"comment_status":"","ping_status":"","sticky":false,"template":"","format":"standard","meta":{"footnotes":""},"categories":[269],"tags":[299,298,65416,3458,168,25,24,23,167,2979],"class_list":{"0":"post-262677","1":"post","2":"type-post","3":"status-publish","4":"format-standard","5":"has-post-thumbnail","7":"category-baloncesto","8":"tag-baloncesto","9":"tag-basketball","10":"tag-calendario-baskonia-acb-y-euroliga","11":"tag-calma","12":"tag-deportes","13":"tag-es","14":"tag-espana","15":"tag-spain","16":"tag-sports","17":"tag-tormenta"},"share_on_mastodon":{"url":"https:\/\/pubeurope.com\/@es\/115635219910571055","error":""},"_links":{"self":[{"href":"https:\/\/www.europesays.com\/es\/wp-json\/wp\/v2\/posts\/262677","targetHints":{"allow":["GET"]}}],"collection":[{"href":"https:\/\/www.europesays.com\/es\/wp-json\/wp\/v2\/posts"}],"about":[{"href":"https:\/\/www.europesays.com\/es\/wp-json\/wp\/v2\/types\/post"}],"author":[{"embeddable":true,"href":"https:\/\/www.europesays.com\/es\/wp-json\/wp\/v2\/users\/2"}],"replies":[{"embeddable":true,"href":"https:\/\/www.europesays.com\/es\/wp-json\/wp\/v2\/comments?post=262677"}],"version-history":[{"count":0,"href":"https:\/\/www.europesays.com\/es\/wp-json\/wp\/v2\/posts\/262677\/revisions"}],"wp:featuredmedia":[{"embeddable":true,"href":"https:\/\/www.europesays.com\/es\/wp-json\/wp\/v2\/media\/262678"}],"wp:attachment":[{"href":"https:\/\/www.europesays.com\/es\/wp-json\/wp\/v2\/media?parent=262677"}],"wp:term":[{"taxonomy":"category","embeddable":true,"href":"https:\/\/www.europesays.com\/es\/wp-json\/wp\/v2\/categories?post=262677"},{"taxonomy":"post_tag","embeddable":true,"href":"https:\/\/www.europesays.com\/es\/wp-json\/wp\/v2\/tags?post=262677"}],"curies":[{"name":"wp","href":"https:\/\/api.w.org\/{rel}","templated":true}]}}