{"id":262681,"date":"2025-11-29T21:57:11","date_gmt":"2025-11-29T21:57:11","guid":{"rendered":"https:\/\/www.europesays.com\/es\/262681\/"},"modified":"2025-11-29T21:57:11","modified_gmt":"2025-11-29T21:57:11","slug":"un-dia-me-gaste-3-000-euros-y-vomite-de-la-ansiedad-que-tenia","status":"publish","type":"post","link":"https:\/\/www.europesays.com\/es\/262681\/","title":{"rendered":"Un d\u00eda me gast\u00e9 3.000 euros y vomit\u00e9 de la ansiedad que ten\u00eda"},"content":{"rendered":"<p>Durante a\u00f1os, <b>Bel\u00e9n Sillero<\/b> ocult\u00f3 detr\u00e1s de<b> compras compulsivas<\/b> un vac\u00edo emocional que la acompa\u00f1aba desde la adolescencia. Lo que empez\u00f3 como una forma inconsciente de sentirse valorada se transform\u00f3 en una espiral que la llev\u00f3 a gastar miles de euros en un solo d\u00eda, alimentando un personaje construido a base de tacones, bolsos y prendas que apenas llegaba a estrenar.<\/p>\n<p>\u00ab<b>He llegado a gastar 3.000 euros en un d\u00eda<\/b>, creo que ese d\u00eda <b>llegu\u00e9 a vomitar de la ansiedad <\/b>que ten\u00eda de ver todas esas bolsas\u00bb, confiesa.<\/p>\n<p>La pandemia marc\u00f3 su punto de inflexi\u00f3n. Al frenar en seco su ritmo de vida, Bel\u00e9n tuvo que enfrentarse a su propia adicci\u00f3n, <b>pedir ayuda profesional <\/b>e iniciar un proceso de recuperaci\u00f3n que la llev\u00f3 a reconstruirse desde cero.<\/p>\n<p>\u00abComprar de forma compulsiva me hac\u00eda sentir poderosa,<b> me sub\u00eda la autoestima<\/b>\u00ab, nos cuenta, \u00ab<b>yo compraba para tapar<\/b>, es dopamina pura\u00bb. Por eso, decidi\u00f3 ingresar dos meses en un <b>centro de rehabilitaci\u00f3n. <\/b><\/p>\n<p>Hoy, tras <b>m\u00e1s de un a\u00f1o sin reca\u00eddas<\/b>, cuenta su historia para ayudar a identificar las se\u00f1ales de la adicci\u00f3n y romper el silencio que la rodea. \u00a1No te pierdas su historia en el v\u00eddeo de arriba!<\/p>\n","protected":false},"excerpt":{"rendered":"Durante a\u00f1os, Bel\u00e9n Sillero ocult\u00f3 detr\u00e1s de compras compulsivas un vac\u00edo emocional que la acompa\u00f1aba desde la adolescencia.&hellip;\n","protected":false},"author":2,"featured_media":262682,"comment_status":"","ping_status":"","sticky":false,"template":"","format":"standard","meta":{"footnotes":""},"categories":[174],"tags":[255,146,147,25,24,256,23],"class_list":{"0":"post-262681","1":"post","2":"type-post","3":"status-publish","4":"format-standard","5":"has-post-thumbnail","7":"category-famosos","8":"tag-celebrities","9":"tag-entertainment","10":"tag-entretenimiento","11":"tag-es","12":"tag-espana","13":"tag-famosos","14":"tag-spain"},"share_on_mastodon":{"url":"https:\/\/pubeurope.com\/@es\/115635227909480336","error":""},"_links":{"self":[{"href":"https:\/\/www.europesays.com\/es\/wp-json\/wp\/v2\/posts\/262681","targetHints":{"allow":["GET"]}}],"collection":[{"href":"https:\/\/www.europesays.com\/es\/wp-json\/wp\/v2\/posts"}],"about":[{"href":"https:\/\/www.europesays.com\/es\/wp-json\/wp\/v2\/types\/post"}],"author":[{"embeddable":true,"href":"https:\/\/www.europesays.com\/es\/wp-json\/wp\/v2\/users\/2"}],"replies":[{"embeddable":true,"href":"https:\/\/www.europesays.com\/es\/wp-json\/wp\/v2\/comments?post=262681"}],"version-history":[{"count":0,"href":"https:\/\/www.europesays.com\/es\/wp-json\/wp\/v2\/posts\/262681\/revisions"}],"wp:featuredmedia":[{"embeddable":true,"href":"https:\/\/www.europesays.com\/es\/wp-json\/wp\/v2\/media\/262682"}],"wp:attachment":[{"href":"https:\/\/www.europesays.com\/es\/wp-json\/wp\/v2\/media?parent=262681"}],"wp:term":[{"taxonomy":"category","embeddable":true,"href":"https:\/\/www.europesays.com\/es\/wp-json\/wp\/v2\/categories?post=262681"},{"taxonomy":"post_tag","embeddable":true,"href":"https:\/\/www.europesays.com\/es\/wp-json\/wp\/v2\/tags?post=262681"}],"curies":[{"name":"wp","href":"https:\/\/api.w.org\/{rel}","templated":true}]}}