{"id":262689,"date":"2025-11-29T22:02:10","date_gmt":"2025-11-29T22:02:10","guid":{"rendered":"https:\/\/www.europesays.com\/es\/262689\/"},"modified":"2025-11-29T22:02:10","modified_gmt":"2025-11-29T22:02:10","slug":"la-pelicula-de-terror-mas-vista-de-la-plataforma-con-mas-de-150-millones-de-visualizaciones","status":"publish","type":"post","link":"https:\/\/www.europesays.com\/es\/262689\/","title":{"rendered":"la pel\u00edcula de terror m\u00e1s vista de la plataforma con m\u00e1s de 150 millones de visualizaciones"},"content":{"rendered":"\n<p> <strong><a href=\"https:\/\/www.mdzol.com\/\/temas\/netflix-1108.html\" class=\"agrupador\" rel=\"21800 nofollow noopener\" target=\"_blank\">Netflix<\/a><\/strong> guarda varias pel\u00edculas de <strong><a href=\"https:\/\/www.mdzol.com\/temas\/terror-526.html\" class=\"agrupador\" rel=\"23265 nofollow noopener\" target=\"_blank\">terror<\/a><\/strong> de producci\u00f3n original en su cat\u00e1logo. Comenz\u00f3 en 2015 con Beasts of No Nation, pero fue en 2018 cuando bati\u00f3 r\u00e9cords y logr\u00f3 posicionarse con la <strong><a href=\"https:\/\/www.mdzol.com\/temas\/pelicula-1174.html\" class=\"agrupador\" rel=\"22106 nofollow noopener\" target=\"_blank\">pel\u00edcula<\/a><\/strong> de terror m\u00e1s vista durante tres a\u00f1os consecutivos, logrando alrededor de 157 millones de reproducciones durante sus primeros 91 d\u00edas en la plataforma de streaming. <\/p>\n<p> Su nombre es A ciegas y est\u00e1 ambientada en un mundo postapocal\u00edptico en el que un evento extra\u00f1o hizo que millones de humanos se suicidaran en masa cinco a\u00f1os antes de la historia central. En este contexto vive Malorie, la protagonista de la historia, que tiene que sobrevivir y salvar la vida de dos ni\u00f1os que la acompa\u00f1an.  <\/p>\n<p> Sandra Bullock protagoniza esta pel\u00edcula del 2018 Foto: Archivo MDZ    <\/p>\n<p>  <img decoding=\"async\" src=\"https:\/\/www.europesays.com\/es\/wp-content\/uploads\/2025\/11\/sandra-bullock-protagoniza-esta-pelicula-del-2018-foto-archivo-mdz.png\" alt=\"Sandra Bullock protagoniza esta pel\u00edcula del 2018.\" title=\"Sandra Bullock protagoniza esta pel\u00edcula del 2018.\" width=\"760\" height=\"352\" id=\"99218-Libre-48496655_embed\" crossorigin=\"anonymous\" fetchpriority=\"high\" decode=\"async\"\/>    <\/p>\n<p>Sandra Bullock protagoniza esta pel\u00edcula del 2018.<\/p>\n<p>Archivo MDZ<\/p>\n<p>Sandra Bullok es quien le da vida a Malorie y en este thriller psicol\u00f3gico y drama fatalista interpreta a un personaje muy alejado del t\u00edpico de las comedias rom\u00e1nticas, que durante muchos a\u00f1os fueron el foco de su fama. A ciegas la convierte en una guerrera que enfrenta momentos de tensi\u00f3n y suspenso para proteger a quienes est\u00e1n a su alrededor. <\/p>\n<p> <a href=\"https:\/\/www.mdzol.com\/tendencias\/netflix-la-conmovedora-pelicula-mayores-16-anos-tematica-gay-n1393702\" target=\"_blank\" rel=\"follow nofollow noopener\">A ciegas tambi\u00e9n expone otros temas como el racismo y la intolerancia<\/a>, en un mundo de acci\u00f3n y aventuras llevado a cabo por la realizadora danesa Sussane Bier, la mente maestra detr\u00e1s de En un mundo mejor, que gan\u00f3 un Oscar en 2010 en la categor\u00eda de mejor pel\u00edcula de habla no inglesa. Est\u00e1 pel\u00edcula tambi\u00e9n tiene la compa\u00f1\u00eda de otras estrellas como Sara Paulson, John Malkovich y Tom Hollander.<\/p>\n<p>\t\t No te pierdas el tr\u00e1iler de la pel\u00edcula   <\/p>\n<p>Embed &#8211; Bird Box A Ciegas Tr\u00e1iler Oficial Netflix<\/p>\n<p>Bullock destac\u00f3 que A ciegas guarda una historia llena de muchas capas y que analiza la idea de que las personas tendemos a alejarnos por miedo, aunque estamos dise\u00f1ados para crear conexiones fuertes con los dem\u00e1s. Hay un miedo por acercarse al otro, pero cuando todo se vuelve oscuro, ese miedo se disipa.<\/p>\n","protected":false},"excerpt":{"rendered":"Netflix guarda varias pel\u00edculas de terror de producci\u00f3n original en su cat\u00e1logo. Comenz\u00f3 en 2015 con Beasts of&hellip;\n","protected":false},"author":2,"featured_media":262690,"comment_status":"","ping_status":"","sticky":false,"template":"","format":"standard","meta":{"footnotes":""},"categories":[169],"tags":[177,146,147,25,24,176,175,23],"class_list":{"0":"post-262689","1":"post","2":"type-post","3":"status-publish","4":"format-standard","5":"has-post-thumbnail","7":"category-cine","8":"tag-cine","9":"tag-entertainment","10":"tag-entretenimiento","11":"tag-es","12":"tag-espana","13":"tag-film","14":"tag-movies","15":"tag-spain"},"share_on_mastodon":{"url":"https:\/\/pubeurope.com\/@es\/115635247516393955","error":""},"_links":{"self":[{"href":"https:\/\/www.europesays.com\/es\/wp-json\/wp\/v2\/posts\/262689","targetHints":{"allow":["GET"]}}],"collection":[{"href":"https:\/\/www.europesays.com\/es\/wp-json\/wp\/v2\/posts"}],"about":[{"href":"https:\/\/www.europesays.com\/es\/wp-json\/wp\/v2\/types\/post"}],"author":[{"embeddable":true,"href":"https:\/\/www.europesays.com\/es\/wp-json\/wp\/v2\/users\/2"}],"replies":[{"embeddable":true,"href":"https:\/\/www.europesays.com\/es\/wp-json\/wp\/v2\/comments?post=262689"}],"version-history":[{"count":0,"href":"https:\/\/www.europesays.com\/es\/wp-json\/wp\/v2\/posts\/262689\/revisions"}],"wp:featuredmedia":[{"embeddable":true,"href":"https:\/\/www.europesays.com\/es\/wp-json\/wp\/v2\/media\/262690"}],"wp:attachment":[{"href":"https:\/\/www.europesays.com\/es\/wp-json\/wp\/v2\/media?parent=262689"}],"wp:term":[{"taxonomy":"category","embeddable":true,"href":"https:\/\/www.europesays.com\/es\/wp-json\/wp\/v2\/categories?post=262689"},{"taxonomy":"post_tag","embeddable":true,"href":"https:\/\/www.europesays.com\/es\/wp-json\/wp\/v2\/tags?post=262689"}],"curies":[{"name":"wp","href":"https:\/\/api.w.org\/{rel}","templated":true}]}}