{"id":262699,"date":"2025-11-29T22:09:12","date_gmt":"2025-11-29T22:09:12","guid":{"rendered":"https:\/\/www.europesays.com\/es\/262699\/"},"modified":"2025-11-29T22:09:12","modified_gmt":"2025-11-29T22:09:12","slug":"feijoo-rechaza-llegar-a-la-presidencia-con-una-mocion-de-censura-tras-pedir-ayuda-a-foment-para-lograr-el-apoyo-de-junts","status":"publish","type":"post","link":"https:\/\/www.europesays.com\/es\/262699\/","title":{"rendered":"Feij\u00f3o rechaza llegar a la Presidencia con una moci\u00f3n de censura tras pedir ayuda a Foment para lograr el apoyo de Junts"},"content":{"rendered":"<p class=\"article-text\">\n        El presidente del Partido Popular, Alberto N\u00fa\u00f1ez Feij\u00f3o, ha asegurado que no quiere ser presidente del Gobierno a trav\u00e9s de una moci\u00f3n de censura, sino que lo que quiere es que le elijan los espa\u00f1oles \u201cen las urnas\u201d. \u201cEsto es lo que quiero, porque esto es lo que quiere mi pa\u00eds\u201d, ha expresado el l\u00edder de la oposici\u00f3n.\n    <\/p>\n<p class=\"article-text\">\n        \u201cSi usted est\u00e1 con la decencia, deje que se convoquen elecciones en Espa\u00f1a. Yo no quiero ser presidente del Gobierno de Espa\u00f1a. Lo que quiero es que me elijan los espa\u00f1oles en las urnas, no a trav\u00e9s de ninguna moci\u00f3n, sino a trav\u00e9s de las urnas\u201d, ha aseverado.\n    <\/p>\n<p class=\"article-text\">\n        En estos t\u00e9rminos se ha manifestado el presidente del PP en el marco de su intervenci\u00f3n en un acto de partido celebrado en el F\u00f3rum Evoluci\u00f3n de Burgos, donde se ha referido a la convocatoria de la concentraci\u00f3n de este domingo en Madrid para protestar contra \u201cla corrupci\u00f3n\u201d que rodea al Gobierno de Pedro S\u00e1nchez y exigir la convocatoria de elecciones generales.\n    <\/p>\n<p class=\"article-text\">\n        En este sentido, ha aseverado que la izquierda \u201cno se atreve a salir a la calle\u201d y ha incidido en que los &#8216;populares&#8217; no piden nada para el partido, \u201csimplemente\u201d que se les deje votar.\n    <\/p>\n<p class=\"article-text\">\n        \u201c\u00bfHay algo m\u00e1s democr\u00e1tico que poder votar?\u201d, se ha preguntado el presidente del PP, al tiempo que ha se\u00f1alado que es lo \u201cm\u00e1s saludable\u201d para decidir qu\u00e9 quiere ser Espa\u00f1a cuando \u201ctodos los art\u00edfices del &#8216;sanchismo&#8217; est\u00e1n en la c\u00e1rcel\u201d.\n    <\/p>\n<p class=\"article-text\">\n        Este viernes, Feij\u00f3o ped\u00eda a la patronal catalana que convenciera a Junts y ERC para apoyar una moci\u00f3n de censura \u201cinstrumental\u201d contra S\u00e1nchez. Precisamente este s\u00e1bado, el secretario general de Junts, <a href=\"https:\/\/www.eldiario.es\/catalunya\/junts-carga-feijoo-ayuda-empresarios-catalanes-deberia-pedirles-perdon_1_12807447.html\" target=\"_blank\" data-mrf-recirculation=\"links-noticia\" class=\"link\" rel=\"nofollow noopener\">Jordi Turull, ha descartado de plano esta posibilidad<\/a> y ha conminado a Feij\u00f3o a que pida perd\u00f3n a los empresarios catalanes.\n    <\/p>\n<p>    <a href=\"https:\/\/www.eldiario.es\/catalunya\/junts-carga-feijoo-ayuda-empresarios-catalanes-deberia-pedirles-perdon_1_12807447.html\" data-mrf-recirculation=\"saber-mas-abajo\" data-dl-event=\"saber-mas-abajo\" rel=\"nofollow noopener\" target=\"_blank\"><\/p>\n<p class=\"know-more__title\">Junts carga contra Feij\u00f3o por pedir ayuda a los empresarios catalanes: \u201cLo que deber\u00eda hacer es pedirles perd\u00f3n\u201d<\/p>\n<p>            <img decoding=\"async\" class=\"lazy\" loading=\"lazy\" data-src=\"https:\/\/static.eldiario.es\/clip\/85ba267d-03ec-4fd4-a64d-d7f2987ec53a_16-9-aspect-ratio_default_0.jpg\" src=\"data:image\/svg+xml,%3Csvg xmlns=\" http:=\"\" viewbox=\"0 0 880 495\" alt=\"Junts carga contra Feij\u00f3o por pedir ayuda a los empresarios catalanes: &quot;Lo que deber\u00eda hacer es pedirles perd\u00f3n&quot;\"\/><\/p>\n<p>                        <\/a><\/p>\n<p class=\"article-text\">\n        \u201cMe faltan votos para una moci\u00f3n con un \u00fanico compromiso: convocar elecciones y que los espa\u00f1oles puedan decidir. Me faltan votos de los suyos, entre comillas, pero no los tengo\u201d. <a href=\"https:\/\/www.eldiario.es\/politica\/feijoo-pide-patronal-catalana-convenza-junts-erc-apoyar-mocion-censura-sanchez_1_12805122.html\" target=\"_blank\" data-mrf-recirculation=\"links-noticia\" class=\"link\" rel=\"nofollow noopener\">As\u00ed se expresaba el l\u00edder del PP, Alberto N\u00fa\u00f1ez Feij\u00f3o, ante la patronal catalana Foment<\/a>. Ese \u201csuyos\u201d que, seg\u00fan Feij\u00f3o, son de los empresarios, se refiere a Junts y ERC, en palabras del l\u00edder del PP. Unos y otros ya desde\u00f1aron esta opci\u00f3n el pasado mes de mayo, tras el encarcelamiento de Santos Cerd\u00e1n.\n    <\/p>\n","protected":false},"excerpt":{"rendered":"El presidente del Partido Popular, Alberto N\u00fa\u00f1ez Feij\u00f3o, ha asegurado que no quiere ser presidente del Gobierno a&hellip;\n","protected":false},"author":2,"featured_media":262700,"comment_status":"","ping_status":"","sticky":false,"template":"","format":"standard","meta":{"footnotes":""},"categories":[8],"tags":[6635,3229,17,18,3374,25,24,13,14,9860,65418,11,5216,19,20,660,27131,1351,9,10,15,16,10803,15913,1350,23,12,21,22],"class_list":{"0":"post-262699","1":"post","2":"type-post","3":"status-publish","4":"format-standard","5":"has-post-thumbnail","7":"category-espana","8":"tag-apoyo","9":"tag-ayuda","10":"tag-breaking-news","11":"tag-breakingnews","12":"tag-censura","13":"tag-es","14":"tag-espana","15":"tag-featured-news","16":"tag-featurednews","17":"tag-feijoo","18":"tag-foment","19":"tag-headlines","20":"tag-junts","21":"tag-latest-news","22":"tag-latestnews","23":"tag-llegar","24":"tag-lograr","25":"tag-mocion","26":"tag-news","27":"tag-noticias","28":"tag-noticias-destacadas","29":"tag-noticiasdestacadas","30":"tag-pedir","31":"tag-presidencia","32":"tag-rechaza","33":"tag-spain","34":"tag-titulares","35":"tag-ultimas-noticias","36":"tag-ultimasnoticias"},"share_on_mastodon":{"url":"https:\/\/pubeurope.com\/@es\/115635274708297743","error":""},"_links":{"self":[{"href":"https:\/\/www.europesays.com\/es\/wp-json\/wp\/v2\/posts\/262699","targetHints":{"allow":["GET"]}}],"collection":[{"href":"https:\/\/www.europesays.com\/es\/wp-json\/wp\/v2\/posts"}],"about":[{"href":"https:\/\/www.europesays.com\/es\/wp-json\/wp\/v2\/types\/post"}],"author":[{"embeddable":true,"href":"https:\/\/www.europesays.com\/es\/wp-json\/wp\/v2\/users\/2"}],"replies":[{"embeddable":true,"href":"https:\/\/www.europesays.com\/es\/wp-json\/wp\/v2\/comments?post=262699"}],"version-history":[{"count":0,"href":"https:\/\/www.europesays.com\/es\/wp-json\/wp\/v2\/posts\/262699\/revisions"}],"wp:featuredmedia":[{"embeddable":true,"href":"https:\/\/www.europesays.com\/es\/wp-json\/wp\/v2\/media\/262700"}],"wp:attachment":[{"href":"https:\/\/www.europesays.com\/es\/wp-json\/wp\/v2\/media?parent=262699"}],"wp:term":[{"taxonomy":"category","embeddable":true,"href":"https:\/\/www.europesays.com\/es\/wp-json\/wp\/v2\/categories?post=262699"},{"taxonomy":"post_tag","embeddable":true,"href":"https:\/\/www.europesays.com\/es\/wp-json\/wp\/v2\/tags?post=262699"}],"curies":[{"name":"wp","href":"https:\/\/api.w.org\/{rel}","templated":true}]}}