{"id":262701,"date":"2025-11-29T22:10:20","date_gmt":"2025-11-29T22:10:20","guid":{"rendered":"https:\/\/www.europesays.com\/es\/262701\/"},"modified":"2025-11-29T22:10:20","modified_gmt":"2025-11-29T22:10:20","slug":"candelaria-da-la-bienvenida-a-la-navidad-con-el-tradicional-encendido-y-mas-de-600-adornos-luminosos-candelaria","status":"publish","type":"post","link":"https:\/\/www.europesays.com\/es\/262701\/","title":{"rendered":"Candelaria da la bienvenida a la Navidad con el tradicional encendido y m\u00e1s de 600 adornos luminosos \u2013 Candelaria"},"content":{"rendered":"<p>    <img width=\"1080\" height=\"1620\" src=\"https:\/\/www.europesays.com\/es\/wp-content\/uploads\/2025\/11\/GMO_9737-rotated.jpg\" class=\"aligncenter wp-post-image\" alt=\"\" decoding=\"async\" fetchpriority=\"high\"\/>\t\t<\/p>\n<p>Candelaria inaugur\u00f3 este viernes, 28 de noviembre, la temporada navide\u00f1a con el encendido oficial de la iluminaci\u00f3n navide\u00f1a, un acto que volvi\u00f3 a reunir a numerosas familias en el casco del municipio. Este a\u00f1o, el alumbrado incorpora m\u00e1s de 600 adornos luminosos que vestir\u00e1n las calles y plazas con color, brillo y ambiente festivo durante las pr\u00f3ximas semanas.<\/p>\n<p>La alcaldesa, Mari Brito, fue la encargada de accionar el encendido a las 18.30 horas en el exterior del Ayuntamiento, acompa\u00f1ada por personajes infantiles y decenas de ni\u00f1os y ni\u00f1as que siguieron con emoci\u00f3n la cuenta atr\u00e1s. Durante su intervenci\u00f3n, invit\u00f3 a vecinos, vecinas y visitantes \u201ca disfrutar juntos de una tarde llena de magia, convivencia y tradici\u00f3n, y a vivir la Navidad en las calles, apoyando al comercio local y participando de la programaci\u00f3n cultural dise\u00f1ada para compartir en familia\u201d.<\/p>\n<p>La jornada comenz\u00f3 desde primeras horas de la tarde en el entorno del Ayuntamiento y del Mercado de la Producci\u00f3n Local, donde se desarrollaron talleres navide\u00f1os para todos los p\u00fablicos. Minutos despu\u00e9s, la risa y la fantas\u00eda llegaron de la mano de Tot\u00f3 \u201cEl Payaso\u201d, que present\u00f3 su espect\u00e1culo La Lista de Navidad ante un p\u00fablico familiar que disfrut\u00f3 del humor y la cercan\u00eda del artista.<\/p>\n<p>La m\u00fasica tradicional tambi\u00e9n tuvo un papel relevante: la Fuente de la Cruz P\u00e9rez y el exterior del Centro Cultural de la Villa se llenaron de villancicos interpretados por las agrupaciones Santa Ana\u2013San Blas y Ant\u00f3n Guanche, creando un ambiente entra\u00f1able que marc\u00f3 el camino hacia uno de los momentos m\u00e1s simb\u00f3licos de la tarde: la apertura y bendici\u00f3n del Bel\u00e9n Municipal, con la actuaci\u00f3n de David Delgado y, m\u00e1s tarde, de Miriam Bienes, dos voces que acompa\u00f1aron la inauguraci\u00f3n de este espacio tan querido por residentes y visitantes.<\/p>\n<p>La celebraci\u00f3n se extendi\u00f3 tambi\u00e9n a la calle La Arena, donde el PFAE-GJ Candelaria Cultural organiz\u00f3 talleres navide\u00f1os que se prolongaron hasta la noche, junto a un recital musical a cargo de Alisia Sanz &amp; Band y un animado paseo de personajes que llen\u00f3 la zona de fotograf\u00edas, risas y ambiente familiar. Los m\u00e1s peque\u00f1os disfrutaron adem\u00e1s de un Scalextric infantil gratuito, disponible entre las 16.00 y las 21.00 horas, que se convirti\u00f3 en una de las actividades m\u00e1s concurridas por las familias.<\/p>\n<p>El Ayuntamiento anima a toda la ciudadan\u00eda y a quienes visitan el municipio a seguir disfrutando de la completa programaci\u00f3n navide\u00f1a, que llenar\u00e1 Candelaria de m\u00fasica, tradici\u00f3n, actividades de convivencia y espacios para compartir durante el mes de diciembre y principios de enero.<\/p>\n<p>\u00a0El Bel\u00e9n Municipal se renueva con 182 nuevas figuras y un homenaje a la historia local<\/p>\n<p>El Bel\u00e9n Municipal de Candelaria se presenta este a\u00f1o completamente renovado, con nuevas estructuras que hacen m\u00e1s \u00edntimo y acogedor el recorrido, carteler\u00eda actualizada, y c\u00f3digos QR que permiten ampliar informaci\u00f3n en ingl\u00e9s, franc\u00e9s, alem\u00e1n e italiano, convirti\u00e9ndolo en un espacio m\u00e1s accesible y m\u00e1s pensado para visitantes de dentro y fuera de la isla. Cada pueblo representado incorpora adem\u00e1s un soporte descriptivo en espa\u00f1ol e ingl\u00e9s que aumenta el valor etnogr\u00e1fico del conjunto.<\/p>\n<p>Entre las novedades destacan 182 nuevas figuras, incluidas varias escenas creadas por la escultora Erika Ravelo Mendoza, como la representaci\u00f3n de los 25 pescadores de 1952, perteneciente a una fotograf\u00eda hist\u00f3rica que forma parte de la memoria marinera del municipio. Tambi\u00e9n se han incorporado retratos en miniatura de vecinos emblem\u00e1ticos como Juan \u201cEl Cape\u201d, Juan Cachuch0, el carpintero Agust\u00edn o dos mujeres que vend\u00edan uvas seg\u00fan la tradici\u00f3n oral del pueblo. A ello se suma la incorporaci\u00f3n de soldados de \u00e9poca en el Castillo de San Pedro y la Bater\u00eda de Santiago, un gui\u00f1o patrimonial especialmente significativo en el a\u00f1o previo al bicentenario de la desaparici\u00f3n del castillo.<\/p>\n<p>Un Bel\u00e9n vivo, ampliado y profundamente ligado a la identidad de Candelaria, que se mantiene como uno de los referentes navide\u00f1os m\u00e1s queridos de Canarias.<\/p>\n","protected":false},"excerpt":{"rendered":"Candelaria inaugur\u00f3 este viernes, 28 de noviembre, la temporada navide\u00f1a con el encendido oficial de la iluminaci\u00f3n navide\u00f1a,&hellip;\n","protected":false},"author":2,"featured_media":262702,"comment_status":"","ping_status":"","sticky":false,"template":"","format":"standard","meta":{"footnotes":""},"categories":[5],"tags":[17,18,25,24,13,14,11,19,20,9,10,15,16,23,12,21,22],"class_list":{"0":"post-262701","1":"post","2":"type-post","3":"status-publish","4":"format-standard","5":"has-post-thumbnail","7":"category-titulares","8":"tag-breaking-news","9":"tag-breakingnews","10":"tag-es","11":"tag-espana","12":"tag-featured-news","13":"tag-featurednews","14":"tag-headlines","15":"tag-latest-news","16":"tag-latestnews","17":"tag-news","18":"tag-noticias","19":"tag-noticias-destacadas","20":"tag-noticiasdestacadas","21":"tag-spain","22":"tag-titulares","23":"tag-ultimas-noticias","24":"tag-ultimasnoticias"},"share_on_mastodon":{"url":"https:\/\/pubeurope.com\/@es\/115635278914512663","error":""},"_links":{"self":[{"href":"https:\/\/www.europesays.com\/es\/wp-json\/wp\/v2\/posts\/262701","targetHints":{"allow":["GET"]}}],"collection":[{"href":"https:\/\/www.europesays.com\/es\/wp-json\/wp\/v2\/posts"}],"about":[{"href":"https:\/\/www.europesays.com\/es\/wp-json\/wp\/v2\/types\/post"}],"author":[{"embeddable":true,"href":"https:\/\/www.europesays.com\/es\/wp-json\/wp\/v2\/users\/2"}],"replies":[{"embeddable":true,"href":"https:\/\/www.europesays.com\/es\/wp-json\/wp\/v2\/comments?post=262701"}],"version-history":[{"count":0,"href":"https:\/\/www.europesays.com\/es\/wp-json\/wp\/v2\/posts\/262701\/revisions"}],"wp:featuredmedia":[{"embeddable":true,"href":"https:\/\/www.europesays.com\/es\/wp-json\/wp\/v2\/media\/262702"}],"wp:attachment":[{"href":"https:\/\/www.europesays.com\/es\/wp-json\/wp\/v2\/media?parent=262701"}],"wp:term":[{"taxonomy":"category","embeddable":true,"href":"https:\/\/www.europesays.com\/es\/wp-json\/wp\/v2\/categories?post=262701"},{"taxonomy":"post_tag","embeddable":true,"href":"https:\/\/www.europesays.com\/es\/wp-json\/wp\/v2\/tags?post=262701"}],"curies":[{"name":"wp","href":"https:\/\/api.w.org\/{rel}","templated":true}]}}