{"id":262707,"date":"2025-11-29T22:19:09","date_gmt":"2025-11-29T22:19:09","guid":{"rendered":"https:\/\/www.europesays.com\/es\/262707\/"},"modified":"2025-11-29T22:19:09","modified_gmt":"2025-11-29T22:19:09","slug":"un-final-adverso-condena-a-la-penya-en-donostia","status":"publish","type":"post","link":"https:\/\/www.europesays.com\/es\/262707\/","title":{"rendered":"Un final adverso condena a la Penya en Donostia"},"content":{"rendered":"<p data-gtm-element-container=\"modulo-texto-link\" class=\"paragraph\">El <strong>Joventut <\/strong>no pudo resarcirse de la derrota ante el <strong>Araski <\/strong>de la pasada semana y cay\u00f3 tambi\u00e9n en su visita a la cancha del <strong>IDK Euskotren (75-68)\u00a0<\/strong>en un final de partido adverso en el Gasca de Donostia. Las verdinegras, esta vez de blanco, encajaron un parcial de 7-0 en el \u00faltimo minuto y medio para romper la igualdad que hasta entonces presid\u00eda el marcador y perder finalmente por 75-68.<\/p>\n<p data-gtm-element-container=\"modulo-texto-link\" class=\"paragraph\">Yvonne <strong>Ejim<\/strong>, con 23 puntos, lider\u00f3 el triunfo del equipo vasco, que mantiene su racha de conjunto revelaci\u00f3n, compartiendo lidereato con siete victorias y s\u00f3lo una derrota. Adem\u00e1s de su aportaci\u00f3n, destac\u00f3 la fluidez de las de <strong>Muguruza <\/strong>en el ataque y su dominio del rebote ofensivo, 18 nada menos, que le dio el impulso final para ganar.<\/p>\n<p data-gtm-element-container=\"modulo-texto-link\" class=\"paragraph\">En la <strong>Penya<\/strong>, las mejores fueron Lauren <strong>Ebo <\/strong>(22 puntos) y Amina <strong>Dembele <\/strong>(21).<\/p>\n<p data-gtm-element-container=\"modulo-texto-link\" class=\"paragraph\">El equipo badalon\u00e9s mand\u00f3 en el marcador en la primera mitad, con ventajas de siete puntos en el arranque (7-14) gracias a la gran eficacia de Lauren <strong>Ebo <\/strong>en el arranque y a acciones de dos m\u00e1s uno de <strong>Santib\u00e1\u00f1ez <\/strong>y <strong>Dembel\u00e9<\/strong>. El primer cuarto acab\u00f3 con 15-17 tras una reacci\u00f3n contenida de las locales. En el segundo per\u00edodo se acentu\u00f3 la igualdad, pero no fue hasta el minuto 17 que el <strong>IDK <\/strong>logr\u00f3 ponerse por delante. Al descanso se lleg\u00f3 con 36-32 tras triple de <strong>Tulonen<\/strong>.<\/p>\n<p>        Lee tambi\u00e9n<\/p>\n<p>    Mundo Deportivo<\/p>\n<p>             <img loading=\"lazy\" decoding=\"async\" data-full-src=\"https:\/\/www.mundodeportivo.com\/uploads\/2025\/11\/26\/6927205a1bb4a.jpeg\" alt=\"Horizontal\" width=\"334\" height=\"164\" src=\"https:\/\/www.europesays.com\/es\/wp-content\/uploads\/2025\/11\/6927205a1bb4a.r_d.3432-1238.jpeg\" class=\"lazy\"\/><\/p>\n<p data-gtm-element-container=\"modulo-texto-link\" class=\"paragraph\">El panorama cambi\u00f3 en el tercer per\u00edodo, esta vez con mayor acierto de las locales y carga del rebote ofensivo. Las diferencias de hasta cinco fueron neutralizadas por acciones de <strong>Dembel\u00e9 <\/strong>hasta llegar al 52-51 del final del tercer cuarto.<\/p>\n<p data-gtm-element-container=\"modulo-texto-link\" class=\"paragraph\">En el \u00faltimo la igualdad volvi\u00f3 a ser la constante con un pulso interesante entre <strong>Dembel\u00e9 <\/strong>y Paige <strong>Robinson <\/strong>por romper el partido. A 1:35 del final se lleg\u00f3 con empate a 68 pero la Penya ya no pudo anotar m\u00e1s, encajando tiros libres de <strong>Murua <\/strong>y <strong>Faye <\/strong>que dejaron el triunfo encarrilado para las donostiarras. Un robo de <strong>Robinson<\/strong>, poco antes de caer lesionada, tambi\u00e9n result\u00f3 fundamental para abortar las opciones de triunfo de las de Jordi <strong>Vizca\u00edno<\/strong>.<\/p>\n","protected":false},"excerpt":{"rendered":"El Joventut no pudo resarcirse de la derrota ante el Araski de la pasada semana y cay\u00f3 tambi\u00e9n&hellip;\n","protected":false},"author":2,"featured_media":262708,"comment_status":"","ping_status":"","sticky":false,"template":"","format":"standard","meta":{"footnotes":""},"categories":[269],"tags":[299,298,168,25,24,23,167],"class_list":{"0":"post-262707","1":"post","2":"type-post","3":"status-publish","4":"format-standard","5":"has-post-thumbnail","7":"category-baloncesto","8":"tag-baloncesto","9":"tag-basketball","10":"tag-deportes","11":"tag-es","12":"tag-espana","13":"tag-spain","14":"tag-sports"},"share_on_mastodon":{"url":"https:\/\/pubeurope.com\/@es\/115635314386418624","error":""},"_links":{"self":[{"href":"https:\/\/www.europesays.com\/es\/wp-json\/wp\/v2\/posts\/262707","targetHints":{"allow":["GET"]}}],"collection":[{"href":"https:\/\/www.europesays.com\/es\/wp-json\/wp\/v2\/posts"}],"about":[{"href":"https:\/\/www.europesays.com\/es\/wp-json\/wp\/v2\/types\/post"}],"author":[{"embeddable":true,"href":"https:\/\/www.europesays.com\/es\/wp-json\/wp\/v2\/users\/2"}],"replies":[{"embeddable":true,"href":"https:\/\/www.europesays.com\/es\/wp-json\/wp\/v2\/comments?post=262707"}],"version-history":[{"count":0,"href":"https:\/\/www.europesays.com\/es\/wp-json\/wp\/v2\/posts\/262707\/revisions"}],"wp:featuredmedia":[{"embeddable":true,"href":"https:\/\/www.europesays.com\/es\/wp-json\/wp\/v2\/media\/262708"}],"wp:attachment":[{"href":"https:\/\/www.europesays.com\/es\/wp-json\/wp\/v2\/media?parent=262707"}],"wp:term":[{"taxonomy":"category","embeddable":true,"href":"https:\/\/www.europesays.com\/es\/wp-json\/wp\/v2\/categories?post=262707"},{"taxonomy":"post_tag","embeddable":true,"href":"https:\/\/www.europesays.com\/es\/wp-json\/wp\/v2\/tags?post=262707"}],"curies":[{"name":"wp","href":"https:\/\/api.w.org\/{rel}","templated":true}]}}