{"id":262719,"date":"2025-11-29T22:28:08","date_gmt":"2025-11-29T22:28:08","guid":{"rendered":"https:\/\/www.europesays.com\/es\/262719\/"},"modified":"2025-11-29T22:28:08","modified_gmt":"2025-11-29T22:28:08","slug":"la-segunda-jornada-de-vacunacion-contra-la-gripe-sin-cita-previa-se-aplaza-hasta-el-13-de-diciembre-noticias","status":"publish","type":"post","link":"https:\/\/www.europesays.com\/es\/262719\/","title":{"rendered":"La segunda jornada de vacunaci\u00f3n contra la gripe sin cita previa se aplaza hasta el 13 de diciembre | Noticias"},"content":{"rendered":"<p>La<strong> jornada de vacunaci\u00f3n contra la gripe sin cita previa en el Hospital Provincial de Zaragoza ha superado todas las expectativas<\/strong> y ha obligado a <strong>aplazar al pr\u00f3ximo 13 de diciembre la segunda jornada<\/strong> prevista para\u00a0este <strong>domingo 30 de noviembre<\/strong> en la que <strong>solo se vacunar\u00e1 a ni\u00f1os y ni\u00f1as<\/strong>.\u00a0Se har\u00e1 en el horario previsto,\u00a0de 9:00\u00a0a 19:00 horas.<\/p>\n<p><a href=\"https:\/\/www.cartv.es\/aragonnoticias\/noticias\/las-farmacias-de-zaragoza-lanzan-una-campana-para-impulsar-la-vacunacion-infantil-contra-la-gripe-35743\" rel=\"nofollow noopener\" target=\"_blank\">La campa\u00f1a para la vacunaci\u00f3n sigue en su punto \u00e1lgido<\/a>\u00a0y se hab\u00eda\u00a0habilitado\u00a0para el \u00faltimo fin de semana del mes<strong>\u00a0(29 y 30 de noviembre) cuatro consultas -el doble que el a\u00f1o pasado-\u00a0en el Hospital Nuestra Se\u00f1ora de Gracia <\/strong>(tambi\u00e9n conocido como Provincial) de<strong> Zaragoza <\/strong>para<strong> vacunarse contra la gripe (y el covid)\u00a0sin cita previa. <\/strong>Sin embargo, seg\u00fan ha explicado la directora general de Salud P\u00fablica<strong>, Nuria Gay\u00e1n,<\/strong>\u00a0se han superado todas las expectativas. \u00abesper\u00e1bamos poner unas <strong>1.000 vacunas de gripe <\/strong>y alguna de covid, y hemos puesto en total<strong> 3.024 dosis<\/strong>\u00ab, ha se\u00f1alado.<\/p>\n<p>Con todo ello, ha sido necesario reorganizar la campa\u00f1a y la jornada del domingo 30 sin cita previa se reserva exclusivamente a ni\u00f1os y ni\u00f1as, y aplazar al 13 de diciembre la vacunaci\u00f3n sin cita para adultos. Gay\u00e1n ha recordado a todos los que quieran vacunarse que tienen la posibilidad de pedir cita en su centro de salud.\u00a0<\/p>\n<p><strong>La gripe es epidemia en parte de Arag\u00f3n <\/strong>desde esta \u00faltima semana de noviembre. Con\u00a0la alta incidencia registrada en Zaragoza (m\u00e1s de\u00a076 casos por 100.000 habitantes),<strong>\u00a0<\/strong><a href=\"https:\/\/www.cartv.es\/aragonnoticias\/noticias\/aragon-declara-la-gripe-en-fase-epidemica-y-activa-el-nivel-2-de-riesgo-en-zaragoza\" rel=\"nofollow noopener\" target=\"_blank\"><strong>el Departamento de Sanidad declar\u00f3 el pasado lunes el<\/strong>\u00a0<\/a><strong><a href=\"https:\/\/www.cartv.es\/aragonnoticias\/noticias\/aragon-declara-la-gripe-en-fase-epidemica-y-activa-el-nivel-2-de-riesgo-en-zaragoza\" rel=\"nofollow noopener\" target=\"_blank\">nivel 2 de riesgo en la provincia<\/a>.\u00a0<\/strong><\/p>\n<p>El llamamiento a la vacunaci\u00f3n est\u00e1 especialmente<strong>\u00a0dirigido a personas de riesgo:\u00a0<\/strong>mayores de 60 a\u00f1os, embarazadas, ni\u00f1os de entre seis meses y ocho a\u00f1os, fumadores, y todas aquellas personas de menos de 60 a\u00f1os que presentan alto riesgo de complicaciones derivadas de la gripe.<\/p>\n<p>Jornada de gran afluencia en el Hospital Nuestra Se\u00f1ora de Gracia<\/p>\n<p>Desde primera hora del s\u00e1bado\u00a0hab\u00eda largas colas en el\u00a0Hospital Nuestra se\u00f1ora de Gracia. En la mayor\u00eda de casos no han bajado de la hora de espera, pero\u00a0ya que <strong>muchos vienen\u00a0porque en sus centros de salud hay demora,<\/strong> lo que importa es poder vacunarse. \u00abSomos del pueblo y hasta diciembre no nos la pon\u00edan\u00bb, \u00abSin cita previa est\u00e1 muy bien porque no nos daban hasta finales de diciembre\u00bb, contaban algunos pacientes en la cola.<\/p>\n<p>A mitad de ma\u00f1ana, <strong>el hospital ha\u00a0tenido que solicitar m\u00e1s dosis de vacunas al servicio provincial porque\u00a0las 600 iniciales no eran suficientes.<\/strong> Aun as\u00ed, las coberturas de vacunaci\u00f3n todav\u00eda no alcanzan las del a\u00f1o pasado en alg\u00fan tramo. Todav\u00eda hay que darle un empuj\u00f3n a la campa\u00f1a: \u00abEn mayores de 80 a\u00f1os estamos en coberturas similares. En ni\u00f1os estamos incluso mejor, porque estamos en un 35 %, pero <strong>en el tramo de 60 a 80 a\u00f1os tenemos coberturas m\u00e1s bajas que el a\u00f1o pasado. <\/strong>Para estas mismas fechas and\u00e1bamos cerca del 30 % y este a\u00f1o estamos todav\u00eda en un 25 o\u00a026&#8243;, informa Maite Clares, directora de enfermer\u00eda.\u00a0<\/p>\n<p>Adem\u00e1s de la vacuna, <strong>se recomienda el uso de mascarilla en ambulatorios y centros sociosanitarios<\/strong> y es obligatoria para todos los trabajadores del Hospital Cl\u00ednico y Miguel Servet. Tambi\u00e9n es recomendable usarla <strong>en lugares con mucha afluencia, <\/strong>como el transporte p\u00fablico e incluso centros comerciales y tiendas si est\u00e1n abarrotadas, m\u00e1xime teniendo en cuenta la campa\u00f1a de Black Friday de esta semana. Por ello, esta semana ya<strong>\u00a0<a href=\"https:\/\/www.cartv.es\/aragonnoticias\/noticias\/zaragoza-combate-la-epidemia-de-gripe-vacunara-este-fin-de-semana-y-recomiendan-el-uso-de-mascarilla\" rel=\"nofollow noopener\" target=\"_blank\">se han estado repartiendo mascarillas en hospitales y transportes p\u00fablicos de<\/a><\/strong><strong><a href=\"https:\/\/www.cartv.es\/aragonnoticias\/noticias\/zaragoza-combate-la-epidemia-de-gripe-vacunara-este-fin-de-semana-y-recomiendan-el-uso-de-mascarilla\" rel=\"nofollow noopener\" target=\"_blank\">\u00a0Zaragoza.<\/a><\/strong><\/p>\n<p><strong>Arag\u00f3n ha superado el umbral epid\u00e9mico de gripe<\/strong>, con una incidencia de 63,4 casos cada 100.000 habitantes en la semana del 17 al 23 de noviembre. El umbral epid\u00e9mico est\u00e1 fijado en 59,64 casos cada 100.000 habitantes.<\/p>\n<p>Aunque vacunarse es conveniente sobre todo para la gente mayor, los ni\u00f1os, las personas con enfermedades\u00a0y las embarazadas, con las fiestas de Navidad a la vuelta de la esquina cualquier precauci\u00f3n es poca. Desde el servicio de salud recuerdan que <strong>protegerse tambi\u00e9n ayuda a proteger a otros.<\/strong><\/p>\n<p>Si quieres estar al d\u00eda de toda la actualidad, s\u00edguenos en redes sociales: <a href=\"https:\/\/www.instagram.com\/aragonnoticias\/\" target=\"_blank\" rel=\"noindex nofollow noopener\">Instagram<\/a>, <a href=\"https:\/\/www.facebook.com\/AragonNoticias\/\" target=\"_blank\" rel=\"noindex nofollow noopener\">Facebook<\/a>, <a href=\"https:\/\/x.com\/AragonNoticias_\" target=\"_blank\" rel=\"noindex nofollow\">X<\/a>, <a href=\"https:\/\/www.tiktok.com\/@aragonnoticias\" target=\"_blank\" rel=\"noindex nofollow noopener\">TikTok<\/a> y tambi\u00e9n en el canal de <a href=\"https:\/\/www.whatsapp.com\/channel\/0029Vb8OVLHB4hdK8lQZ1T1F\" target=\"_blank\" rel=\"noindex nofollow noopener\">WhatsApp<\/a>.<\/p>\n<p>            <script async src=\"\/\/www.instagram.com\/embed.js\"><\/script><script async src=\"\/\/www.tiktok.com\/embed.js\"><\/script><\/p>\n","protected":false},"excerpt":{"rendered":"La jornada de vacunaci\u00f3n contra la gripe sin cita previa en el Hospital Provincial de Zaragoza ha superado&hellip;\n","protected":false},"author":2,"featured_media":262720,"comment_status":"","ping_status":"","sticky":false,"template":"","format":"standard","meta":{"footnotes":""},"categories":[92],"tags":[4499,4502,4501,4110,25,24,165,7080,4500,1448,166,23,214],"class_list":{"0":"post-262719","1":"post","2":"type-post","3":"status-publish","4":"format-standard","5":"has-post-thumbnail","7":"category-salud","8":"tag-aragon","9":"tag-aragonesa","10":"tag-cartv","11":"tag-corporacion","12":"tag-es","13":"tag-espana","14":"tag-health","15":"tag-noticia","16":"tag-publica","17":"tag-radio","18":"tag-salud","19":"tag-spain","20":"tag-tv"},"share_on_mastodon":{"url":"https:\/\/pubeurope.com\/@es\/115635349450542000","error":""},"_links":{"self":[{"href":"https:\/\/www.europesays.com\/es\/wp-json\/wp\/v2\/posts\/262719","targetHints":{"allow":["GET"]}}],"collection":[{"href":"https:\/\/www.europesays.com\/es\/wp-json\/wp\/v2\/posts"}],"about":[{"href":"https:\/\/www.europesays.com\/es\/wp-json\/wp\/v2\/types\/post"}],"author":[{"embeddable":true,"href":"https:\/\/www.europesays.com\/es\/wp-json\/wp\/v2\/users\/2"}],"replies":[{"embeddable":true,"href":"https:\/\/www.europesays.com\/es\/wp-json\/wp\/v2\/comments?post=262719"}],"version-history":[{"count":0,"href":"https:\/\/www.europesays.com\/es\/wp-json\/wp\/v2\/posts\/262719\/revisions"}],"wp:featuredmedia":[{"embeddable":true,"href":"https:\/\/www.europesays.com\/es\/wp-json\/wp\/v2\/media\/262720"}],"wp:attachment":[{"href":"https:\/\/www.europesays.com\/es\/wp-json\/wp\/v2\/media?parent=262719"}],"wp:term":[{"taxonomy":"category","embeddable":true,"href":"https:\/\/www.europesays.com\/es\/wp-json\/wp\/v2\/categories?post=262719"},{"taxonomy":"post_tag","embeddable":true,"href":"https:\/\/www.europesays.com\/es\/wp-json\/wp\/v2\/tags?post=262719"}],"curies":[{"name":"wp","href":"https:\/\/api.w.org\/{rel}","templated":true}]}}