{"id":262721,"date":"2025-11-29T22:29:11","date_gmt":"2025-11-29T22:29:11","guid":{"rendered":"https:\/\/www.europesays.com\/es\/262721\/"},"modified":"2025-11-29T22:29:11","modified_gmt":"2025-11-29T22:29:11","slug":"alex-garcia-vuelve-al-rincon-mas-especial-de-veronica-echegui-en-galicia-3-meses-despues-de-su-muerte","status":"publish","type":"post","link":"https:\/\/www.europesays.com\/es\/262721\/","title":{"rendered":"\u00c1lex Garc\u00eda vuelve al rinc\u00f3n m\u00e1s especial de Ver\u00f3nica Echegui en Galicia, 3 meses despu\u00e9s de su muerte"},"content":{"rendered":"<p id=\"e9MsRqABtj\" data-wc=\"126\">El actor \u00c1lex Garc\u00eda ha protagonizado un gesto de profundo cari\u00f1o y recuerdo hacia Ver\u00f3nica Echegui, su compa\u00f1era de vida hasta su fallecimiento el pasado 24 de agosto. El int\u00e9rprete ha viajado a Galicia para visitar La Isla de Tali, un refugio situado en Nigr\u00e1n, a orillas del r\u00edo Mi\u00f1or, que se convirti\u00f3 en uno de los lugares m\u00e1s especiales para la pareja. Fue all\u00ed donde, en la Semana Santa de 2024, Ver\u00f3nica qued\u00f3 cautivada por la labor que realiza este santuario al dar una segunda oportunidad a decenas de animales. Ahora, \u00c1lex ha querido volver a ese rinc\u00f3n de paz para honrar su memoria y la huella que dej\u00f3 en el coraz\u00f3n de quienes la conocieron. <strong>\u00a1No te pierdas el emotivo v\u00eddeo de su visita!<\/strong> <\/p>\n","protected":false},"excerpt":{"rendered":"El actor \u00c1lex Garc\u00eda ha protagonizado un gesto de profundo cari\u00f1o y recuerdo hacia Ver\u00f3nica Echegui, su compa\u00f1era&hellip;\n","protected":false},"author":2,"featured_media":262722,"comment_status":"","ping_status":"","sticky":false,"template":"","format":"standard","meta":{"footnotes":""},"categories":[91],"tags":[517,28670,146,147,25,24,23,28225],"class_list":{"0":"post-262721","1":"post","2":"type-post","3":"status-publish","4":"format-standard","5":"has-post-thumbnail","7":"category-entretenimiento","8":"tag-actualidad","9":"tag-alex-garcia","10":"tag-entertainment","11":"tag-entretenimiento","12":"tag-es","13":"tag-espana","14":"tag-spain","15":"tag-veronica-echegui"},"share_on_mastodon":{"url":"https:\/\/pubeurope.com\/@es\/115635353273089259","error":""},"_links":{"self":[{"href":"https:\/\/www.europesays.com\/es\/wp-json\/wp\/v2\/posts\/262721","targetHints":{"allow":["GET"]}}],"collection":[{"href":"https:\/\/www.europesays.com\/es\/wp-json\/wp\/v2\/posts"}],"about":[{"href":"https:\/\/www.europesays.com\/es\/wp-json\/wp\/v2\/types\/post"}],"author":[{"embeddable":true,"href":"https:\/\/www.europesays.com\/es\/wp-json\/wp\/v2\/users\/2"}],"replies":[{"embeddable":true,"href":"https:\/\/www.europesays.com\/es\/wp-json\/wp\/v2\/comments?post=262721"}],"version-history":[{"count":0,"href":"https:\/\/www.europesays.com\/es\/wp-json\/wp\/v2\/posts\/262721\/revisions"}],"wp:featuredmedia":[{"embeddable":true,"href":"https:\/\/www.europesays.com\/es\/wp-json\/wp\/v2\/media\/262722"}],"wp:attachment":[{"href":"https:\/\/www.europesays.com\/es\/wp-json\/wp\/v2\/media?parent=262721"}],"wp:term":[{"taxonomy":"category","embeddable":true,"href":"https:\/\/www.europesays.com\/es\/wp-json\/wp\/v2\/categories?post=262721"},{"taxonomy":"post_tag","embeddable":true,"href":"https:\/\/www.europesays.com\/es\/wp-json\/wp\/v2\/tags?post=262721"}],"curies":[{"name":"wp","href":"https:\/\/api.w.org\/{rel}","templated":true}]}}