{"id":262724,"date":"2025-11-29T22:32:11","date_gmt":"2025-11-29T22:32:11","guid":{"rendered":"https:\/\/www.europesays.com\/es\/262724\/"},"modified":"2025-11-29T22:32:11","modified_gmt":"2025-11-29T22:32:11","slug":"rubio-y-witkoff-se-reuniran-el-domingo-con-delegacion-de-ucrania-en-florida","status":"publish","type":"post","link":"https:\/\/www.europesays.com\/es\/262724\/","title":{"rendered":"Rubio Y Witkoff Se Reunir\u00e1n El Domingo Con Delegaci\u00f3n De Ucrania En Florida"},"content":{"rendered":"<p data-type=\"paragraph\" data=\"[object Object]\">El jefe de la diplomacia de Estados Unidos, Marco Rubio, y el enviado especial del presidente Donald Trump, Steve Witkoff se reunir\u00e1n el domingo con negociadores ucranianos en Florida, inform\u00f3 a la AFP un funcionario estadounidense.<\/p>\n<p data-type=\"paragraph\" data=\"[object Object]\" class=\"emotion-1akm6h5-Paragraph e1e4oisd0\">El presidente ucraniano, Volodimir Zelenski, hab\u00eda anunciado el s\u00e1bado que una delegaci\u00f3n se dirig\u00eda a Estados Unidos para conversar sobre el plan de Washington para poner fin a la guerra de Rusia con su vecino.<\/p>\n<p data-type=\"paragraph\" data=\"[object Object]\" class=\"emotion-1akm6h5-Paragraph e1e4oisd0\">Rubio y Witkoff estar\u00e1n acompa\u00f1ados por el yerno de Trump, Jared Kushner.<\/p>\n<p data-type=\"paragraph\" data=\"[object Object]\" class=\"emotion-1akm6h5-Paragraph e1e4oisd0\">sct\/ksb\/md\/dg\/val<\/p>\n","protected":false},"excerpt":{"rendered":"El jefe de la diplomacia de Estados Unidos, Marco Rubio, y el enviado especial del presidente Donald Trump,&hellip;\n","protected":false},"author":2,"featured_media":123368,"comment_status":"","ping_status":"","sticky":false,"template":"","format":"standard","meta":{"footnotes":""},"categories":[42],"tags":[17,18,11500,15229,115,13,14,11,61,62,63,64,19,20,9,10,15,16,1614,116,12,7081,21,22,65,66,67],"class_list":{"0":"post-262724","1":"post","2":"type-post","3":"status-publish","4":"format-standard","5":"has-post-thumbnail","7":"category-internacional","8":"tag-breaking-news","9":"tag-breakingnews","10":"tag-conflicto","11":"tag-diplomacia","12":"tag-eeuu","13":"tag-featured-news","14":"tag-featurednews","15":"tag-headlines","16":"tag-internacional","17":"tag-international","18":"tag-international-news","19":"tag-internationalnews","20":"tag-latest-news","21":"tag-latestnews","22":"tag-news","23":"tag-noticias","24":"tag-noticias-destacadas","25":"tag-noticiasdestacadas","26":"tag-rusia","27":"tag-synd","28":"tag-titulares","29":"tag-ucrania","30":"tag-ultimas-noticias","31":"tag-ultimasnoticias","32":"tag-world","33":"tag-world-news","34":"tag-worldnews"},"share_on_mastodon":{"url":"https:\/\/pubeurope.com\/@es\/115635365175496626","error":""},"_links":{"self":[{"href":"https:\/\/www.europesays.com\/es\/wp-json\/wp\/v2\/posts\/262724","targetHints":{"allow":["GET"]}}],"collection":[{"href":"https:\/\/www.europesays.com\/es\/wp-json\/wp\/v2\/posts"}],"about":[{"href":"https:\/\/www.europesays.com\/es\/wp-json\/wp\/v2\/types\/post"}],"author":[{"embeddable":true,"href":"https:\/\/www.europesays.com\/es\/wp-json\/wp\/v2\/users\/2"}],"replies":[{"embeddable":true,"href":"https:\/\/www.europesays.com\/es\/wp-json\/wp\/v2\/comments?post=262724"}],"version-history":[{"count":0,"href":"https:\/\/www.europesays.com\/es\/wp-json\/wp\/v2\/posts\/262724\/revisions"}],"wp:featuredmedia":[{"embeddable":true,"href":"https:\/\/www.europesays.com\/es\/wp-json\/wp\/v2\/media\/123368"}],"wp:attachment":[{"href":"https:\/\/www.europesays.com\/es\/wp-json\/wp\/v2\/media?parent=262724"}],"wp:term":[{"taxonomy":"category","embeddable":true,"href":"https:\/\/www.europesays.com\/es\/wp-json\/wp\/v2\/categories?post=262724"},{"taxonomy":"post_tag","embeddable":true,"href":"https:\/\/www.europesays.com\/es\/wp-json\/wp\/v2\/tags?post=262724"}],"curies":[{"name":"wp","href":"https:\/\/api.w.org\/{rel}","templated":true}]}}