{"id":262725,"date":"2025-11-29T22:33:12","date_gmt":"2025-11-29T22:33:12","guid":{"rendered":"https:\/\/www.europesays.com\/es\/262725\/"},"modified":"2025-11-29T22:33:12","modified_gmt":"2025-11-29T22:33:12","slug":"dos-de-cada-tres-agentes-se-ausentan","status":"publish","type":"post","link":"https:\/\/www.europesays.com\/es\/262725\/","title":{"rendered":"dos de cada tres agentes se ausentan"},"content":{"rendered":"<p style=\"\">Apenas 48 horas han transcurrido desde que el Ayuntamiento hispalense activase el <strong>nivel uno de su Plan de Emergencias,<\/strong> con la obligaci\u00f3n de los agentes de la Polic\u00eda Local de asumir los turnos especiales y estar disponibles en cualquier momento para dar cobertura a  &#8230; los operativos extraordinarios de Navidad; y esta medida derivada de la falta de acuerdo para las productividades a cobrar por los efectivos se ha encontrado con un importante plant\u00f3n por parte de los mismos, justo al comenzar los servicios de refuerzo. <\/p>\n<p class=\"voc-p\" style=\"\">Y es que 77 de los 115 efectivos asignados al turno matinal de este s\u00e1bado, jornada que por la tarde y noche cuenta con el encendido del alumbrado navide\u00f1o, <strong>no se habr\u00edan incorporado finalmente a este servicio, en concreto 71 polic\u00edas rasos y seis oficiales<\/strong>, situaci\u00f3n en la que habr\u00edan incurrido principalmente agentes asignados a este turno como refuerzo extraordinario merced al Plan de Emergencias, adem\u00e1s de otros miembros del cuerpo a los cuales correspond\u00eda ya este turno. <\/p>\n<p class=\"voc-p\" style=\"\">Seg\u00fan el Ayuntamiento de Sevilla, los agentes que no hayan cumplido con el turno asignado tienen la obligaci\u00f3n de a<strong>creditar formalmente una baja m\u00e9dica, porque en caso contrario, se enfrentar\u00edan a la apertura de un expediente disciplinario<\/strong>, con todo lo que ello comporta.<\/p>\n<p class=\"voc-p\" style=\"\">Desde las organizaciones sindicales de la Polic\u00eda Local, en concreto CSIF, se ha defendido que aunque la Jefatura public\u00f3 este pasado viernes en listado de los agentes asignados obligatoriamente al turno, la medida no les fue \u00abdecretada personalmente\u00bb a cada uno de los agentes en cuesti\u00f3n, avisando de que la orden del cuerpo de Polic\u00eda Local donde fue publicada dicha relaci\u00f3n de efectivos <strong>s\u00f3lo es accesible desde los equipos inform\u00e1ticos del Ayuntamiento, que seg\u00fan esta fuerza sindical \u00abno ha previsto un mecanismo\u00bb eficaz de comunicaci\u00f3n<\/strong> a estos funcionarios, para el caso de los que no estuviesen activos esta anterior jornada. <\/p>\n<p class=\"voc-p\" style=\"\">CSIF se\u00f1ala al respecto que pese a que el Gobierno local haya activado v\u00eda decreto el nivel uno del Plan de Emergencias de la ciudad, mediante el cual los agentes est\u00e1n obligados a cubrir estos servicios especiales frente al car\u00e1cter voluntario del plan convencional de Navidad, en la pr\u00e1ctica<strong> \u00abno hay una emergencia ni cat\u00e1strofe\u00bb real<\/strong>, esgrimiendo que los agentes han acudido a motu propio a cubrir operativos extraordinarios en momento de urgencia como la borrasca Bernard de octubre de 2023 o las recientes jornadas de lluvias torrenciales. <\/p>\n<p class=\"voc-p\" style=\"\">Tras esta situaci\u00f3n, claro est\u00e1, los ojos est\u00e1n puestos en la tarde y la noche de este s\u00e1bado, con motivo del <strong>acto de encendido de las luces de Navidad de la ciudad a las 19.00 horas en la avenida de la Constituci\u00f3n, con la previsible asistencia de multitud de p\u00fablico desde tiempo antes.<\/strong><\/p>\n<p class=\"voc-p\" style=\"\">Y es que desde las 17.30 horas se celebrar\u00e1 el gran espect\u00e1culo \u00ab<strong>La Noche de la Luz\u00bb,<\/strong> que contar\u00e1 con la actuaci\u00f3n de Pastora Soler, acompa\u00f1ada de la Banda Sinf\u00f3nica Municipal de Sevilla y coros navide\u00f1os, con la correspondiente asistencia de p\u00fablico. <\/p>\n<p>\nEl coste de las horas extra\n<\/p>\n<p class=\"voc-p\" style=\"\">Por ahora, el Ayuntamiento de Sevilla no tiene cuantificada cu\u00e1l ser\u00e1 la factura total que tendr\u00e1 que pagar<strong> por estas horas extra de la Polic\u00eda Local<\/strong>, que nunca superar\u00e1 los 5,6 millones a los que ascend\u00eda la \u00faltima oferta que hizo el gobierno municipal a los sindicatos, que reclamaban repetir al menos la planificaci\u00f3n de la anterior Navidad, que tuvo un coste de unos diez millones de euros. <\/p>\n<p class=\"voc-p\" style=\"\"> \u00abNo es cuesti\u00f3n de voluntad pol\u00edtica y s\u00ed del l\u00edmite legal que nos marca la Intervenci\u00f3n\u00bb, ha advert\u00eda recientemente Sanz, reiterando que \u00ab<strong>ni siquiera el alcalde est\u00e1 por encima de la Ley<\/strong>\u00bb, toda vez que tambi\u00e9n incide que en mayo fueron agotados ya los 17 millones de euros presupuestados para horas extraordinarias de los agentes, en un contexto en el que confluyen el d\u00e9ficit estructural de plantilla activa y el creciente n\u00famero de grandes eventos en la ciudad con sus necesarios despliegues preventivos. <\/p>\n<p class=\"voc-p\" style=\"\">En cualquier caso, antes de recurrir a la v\u00eda del decreto para activar el nivel uno del Plan de Emergencias, imponiendo a los agentes la obligatoriedad de los turnos especiales por Navidad; el Gobierno local de Jos\u00e9 Luis Sanz tropezaba con la negativa de las fuerzas sindicales de la plantilla de la Polic\u00eda Local a su oferta de 5,6 millones de euros, bajo la premisa de que <strong>supon\u00eda fragmentar los servicios extraordinarios para centrarlos determinados d\u00edas de este periodo cuando las contingencias afectan a la totalidad de las festividades, seg\u00fan los sindicatos<\/strong>.   <\/p>\n<p class=\"voc-p\" style=\"\">Es m\u00e1s este pasado mi\u00e9rcoles, sin ir m\u00e1s lejos, las fuerzas de oposici\u00f3n, que son el <strong>PSOE, Vox y Podemos-IU, votaban en bloque<\/strong> en el pleno en contra de la modificaci\u00f3n presupuestaria de 5,6 millones de euros que promov\u00eda el Gobierno local del PP precisamente para financiar el pago de las horas extra de los agentes durante estas fiestas, situ\u00e1ndose as\u00ed del lado de la negativa sindical al plan municipal.  <\/p>\n<p class=\"voc-p\" style=\"\">Durante el debate plenario, el PP apelaba a la<strong> \u00abresponsabilidad\u00bb de los partidos de oposici\u00f3n para que no se generara \u00abun problema de inseguridad\u00bb en la ciudad<\/strong> durante las fiestas navide\u00f1as, pero los mismos acusaban al gabinete municipal de Sanz de supuesta falta de di\u00e1logo, de no haber realizado una planificaci\u00f3n oportuna y de intentar imponer un plan que es \u00abun parche\u00bb, a su juicio.<\/p>\n<p class=\"voc-p\" style=\"\">Ese es el escenario que, finalmente, ha conducido a la activaci\u00f3n del nivel uno del Plan de Emergencia como \u00faltimo recurso, para forzar la obligaci\u00f3n de los agentes a someterse a los turnos especiales de Navidad, una medida in\u00e9dita en la vida municipal y que tan s\u00f3lo en su comienzo de aplicaci\u00f3n ha encontrado esta<strong> situaci\u00f3n de ausencias masivas<\/strong>, que ahora habr\u00e1n de justificar sus protagonistas.<\/p>\n<p class=\"voc-p\" style=\"\">\u00a0<\/p>\n","protected":false},"excerpt":{"rendered":"Apenas 48 horas han transcurrido desde que el Ayuntamiento hispalense activase el nivel uno de su Plan de&hellip;\n","protected":false},"author":2,"featured_media":262726,"comment_status":"","ping_status":"","sticky":false,"template":"","format":"standard","meta":{"footnotes":""},"categories":[8],"tags":[20523,65419,40616,17,18,1563,25,24,13,14,11,4712,19,20,2552,2951,9,10,15,16,2568,586,23,12,603,21,22],"class_list":{"0":"post-262725","1":"post","2":"type-post","3":"status-publish","4":"format-standard","5":"has-post-thumbnail","7":"category-espana","8":"tag-agentes","9":"tag-ausentan","10":"tag-boicotea","11":"tag-breaking-news","12":"tag-breakingnews","13":"tag-dos","14":"tag-es","15":"tag-espana","16":"tag-featured-news","17":"tag-featurednews","18":"tag-headlines","19":"tag-inicio","20":"tag-latest-news","21":"tag-latestnews","22":"tag-local","23":"tag-navidad","24":"tag-news","25":"tag-noticias","26":"tag-noticias-destacadas","27":"tag-noticiasdestacadas","28":"tag-plan","29":"tag-policia","30":"tag-spain","31":"tag-titulares","32":"tag-tres","33":"tag-ultimas-noticias","34":"tag-ultimasnoticias"},"share_on_mastodon":{"url":"https:\/\/pubeurope.com\/@es\/115635369066597547","error":""},"_links":{"self":[{"href":"https:\/\/www.europesays.com\/es\/wp-json\/wp\/v2\/posts\/262725","targetHints":{"allow":["GET"]}}],"collection":[{"href":"https:\/\/www.europesays.com\/es\/wp-json\/wp\/v2\/posts"}],"about":[{"href":"https:\/\/www.europesays.com\/es\/wp-json\/wp\/v2\/types\/post"}],"author":[{"embeddable":true,"href":"https:\/\/www.europesays.com\/es\/wp-json\/wp\/v2\/users\/2"}],"replies":[{"embeddable":true,"href":"https:\/\/www.europesays.com\/es\/wp-json\/wp\/v2\/comments?post=262725"}],"version-history":[{"count":0,"href":"https:\/\/www.europesays.com\/es\/wp-json\/wp\/v2\/posts\/262725\/revisions"}],"wp:featuredmedia":[{"embeddable":true,"href":"https:\/\/www.europesays.com\/es\/wp-json\/wp\/v2\/media\/262726"}],"wp:attachment":[{"href":"https:\/\/www.europesays.com\/es\/wp-json\/wp\/v2\/media?parent=262725"}],"wp:term":[{"taxonomy":"category","embeddable":true,"href":"https:\/\/www.europesays.com\/es\/wp-json\/wp\/v2\/categories?post=262725"},{"taxonomy":"post_tag","embeddable":true,"href":"https:\/\/www.europesays.com\/es\/wp-json\/wp\/v2\/tags?post=262725"}],"curies":[{"name":"wp","href":"https:\/\/api.w.org\/{rel}","templated":true}]}}