{"id":262727,"date":"2025-11-29T22:34:10","date_gmt":"2025-11-29T22:34:10","guid":{"rendered":"https:\/\/www.europesays.com\/es\/262727\/"},"modified":"2025-11-29T22:34:10","modified_gmt":"2025-11-29T22:34:10","slug":"el-encendido-del-alumbrado-en-zaragoza-congrega-a-mas-de-60-000-personas-en-el-paseo-independencia-para-dar-la-bienvenida-a-la-navidad","status":"publish","type":"post","link":"https:\/\/www.europesays.com\/es\/262727\/","title":{"rendered":"El encendido del alumbrado en Zaragoza congrega a mas de 60.000 personas en el Paseo Independencia para dar la bienvenida a la Navidad"},"content":{"rendered":"<p>      Cuerpo de la noticia<\/p>\n<p>Con una cuenta atr\u00e1s, pirotecnia y las manos de la alcaldesa Natalia Chueca y Juanjo Bona, popular cantante aragon\u00e9s y pregonero del Pilar, pulsando el bot\u00f3n de encendido para todo el corredor de luz de Zaragoza se ha puesto en marcha la Navidad en la Ciudad.\u00a0<\/p>\n<p>M\u00e1s de 60.000 personas han asistido al acto preparado por el Ayuntamiento de Zaragoza entre la Plaza de Espa\u00f1a, Independencia y la Plaza Arag\u00f3n. Durante media hora han pasado por el escenario el Embajador de la Navidad, villancicos reinterpretados, la jota y un popular villancico de Maria Carey, adem\u00e1s de luz y espect\u00e1culo para dar la bienvenida lum\u00ednica a estas m\u00e1s de cinco semanas de reuniones y momentos emotivos y m\u00e1gicos.\u00a0<\/p>\n<p>Tras concluir el acto multitudinario en la Plaza de Espa\u00f1a, la alcaldesa y varios miembros del Gobierno de la Ciudad, as\u00ed como el vicario general de Zaragoza se han dirigido al Bel\u00e9n de Judea para su bendici\u00f3n. En este acto tambi\u00e9n los Infanticos han vuelto a poner, como es costumbre, la nota musical con dos composiciones cl\u00e1sicas.\u00a0<\/p>\n<p>A partir de ahora, se abre un extenso programa con m\u00e1s de 600 actos, 450 de ellos municipales, que permitir\u00e1n llevar el esp\u00edritu navide\u00f1o a todos los rincones dela Ciudad, a trav\u00e9s de los Centros Civicos, las dinamizaciones comerciales, los puntos neur\u00e1lgicos como la plaza del Pilar, el Parque Grande y el Corredor de Luz entre la margen izquierda y la Fuente del Batallador. El a\u00f1o pasado, el impacto directo e indirecto de esta celebraci\u00f3n gener\u00f3 alrededor de 75 millones de euros para la econom\u00eda de la Ciudad.<\/p>\n","protected":false},"excerpt":{"rendered":"Cuerpo de la noticia Con una cuenta atr\u00e1s, pirotecnia y las manos de la alcaldesa Natalia Chueca y&hellip;\n","protected":false},"author":2,"featured_media":262728,"comment_status":"","ping_status":"","sticky":false,"template":"","format":"standard","meta":{"footnotes":""},"categories":[5],"tags":[17,18,25,24,13,14,11,19,20,9,10,15,16,23,12,21,22],"class_list":{"0":"post-262727","1":"post","2":"type-post","3":"status-publish","4":"format-standard","5":"has-post-thumbnail","7":"category-titulares","8":"tag-breaking-news","9":"tag-breakingnews","10":"tag-es","11":"tag-espana","12":"tag-featured-news","13":"tag-featurednews","14":"tag-headlines","15":"tag-latest-news","16":"tag-latestnews","17":"tag-news","18":"tag-noticias","19":"tag-noticias-destacadas","20":"tag-noticiasdestacadas","21":"tag-spain","22":"tag-titulares","23":"tag-ultimas-noticias","24":"tag-ultimasnoticias"},"share_on_mastodon":{"url":"https:\/\/pubeurope.com\/@es\/115635372839680435","error":""},"_links":{"self":[{"href":"https:\/\/www.europesays.com\/es\/wp-json\/wp\/v2\/posts\/262727","targetHints":{"allow":["GET"]}}],"collection":[{"href":"https:\/\/www.europesays.com\/es\/wp-json\/wp\/v2\/posts"}],"about":[{"href":"https:\/\/www.europesays.com\/es\/wp-json\/wp\/v2\/types\/post"}],"author":[{"embeddable":true,"href":"https:\/\/www.europesays.com\/es\/wp-json\/wp\/v2\/users\/2"}],"replies":[{"embeddable":true,"href":"https:\/\/www.europesays.com\/es\/wp-json\/wp\/v2\/comments?post=262727"}],"version-history":[{"count":0,"href":"https:\/\/www.europesays.com\/es\/wp-json\/wp\/v2\/posts\/262727\/revisions"}],"wp:featuredmedia":[{"embeddable":true,"href":"https:\/\/www.europesays.com\/es\/wp-json\/wp\/v2\/media\/262728"}],"wp:attachment":[{"href":"https:\/\/www.europesays.com\/es\/wp-json\/wp\/v2\/media?parent=262727"}],"wp:term":[{"taxonomy":"category","embeddable":true,"href":"https:\/\/www.europesays.com\/es\/wp-json\/wp\/v2\/categories?post=262727"},{"taxonomy":"post_tag","embeddable":true,"href":"https:\/\/www.europesays.com\/es\/wp-json\/wp\/v2\/tags?post=262727"}],"curies":[{"name":"wp","href":"https:\/\/api.w.org\/{rel}","templated":true}]}}