{"id":262733,"date":"2025-11-29T22:42:12","date_gmt":"2025-11-29T22:42:12","guid":{"rendered":"https:\/\/www.europesays.com\/es\/262733\/"},"modified":"2025-11-29T22:42:12","modified_gmt":"2025-11-29T22:42:12","slug":"el-casademont-zaragoza-quiere-consolidarse-en-las-alturas","status":"publish","type":"post","link":"https:\/\/www.europesays.com\/es\/262733\/","title":{"rendered":"El Casademont Zaragoza quiere consolidarse en las alturas"},"content":{"rendered":"<p class=\"paragraph\">El Casademont persigue este domingo, ante el Movistar Estudiantes (12.15, Arag\u00f3n TV), <b>su s\u00e9ptimo triunfo de la temporada en la Liga Femenina <\/b>para mantenerse as\u00ed en la zona noble de la clasificaci\u00f3n. El cuadro zaragozano se presenta a la cita rearmado an\u00edmicamente tras sus \u00faltimas actuaciones. En el torneo dom\u00e9stico presenta un balance de seis victorias y una sola derrota,<a href=\"https:\/\/www.heraldo.es\/noticias\/deportes\/2025\/11\/23\/estepona-casademont-zaragoza-en-directo-1872640.html\" title=\"El Casademont se lleva una trabajada victoria de la pista del Estepona (70-75)\" rel=\"nofollow noopener\" target=\"_blank\"> y viene de imponerse al Estepona (70-75) en la jornada anterior.<\/a><\/p>\n<p class=\"paragraph\">Y en la Euroliga, el equipo aragon\u00e9s <b>acaba de confirmar su presencia en la segunda fase de la competici\u00f3n, <\/b>despu\u00e9s de superar al Mersin (88-58) \u2013actual subcampe\u00f3n del torneo\u2013 con una notable actuaci\u00f3n. Fue el pasado mi\u00e9rcoles, en el pabell\u00f3n Pr\u00edncipe Felipe, con m\u00e1s de 9.000 aficionados en las gradas. Nadia Fingall (11 puntos, 7 rebotes y 21 cr\u00e9ditos de valoraci\u00f3n), Merritt Hempe (19 tantos) y Mariona Ortiz (9 asistencias) fueron un incordio permanente para las turcas, quienes se quedaron sin respuesta ante el formidable partido completado por las zaragozanas.<\/p>\n<p class=\"paragraph\">El Casademont tambi\u00e9n camina con paso firme en la Liga Femenina. <b>Su \u00fanico tropiezo se produjo en la pista del Gernika (97-83), <\/b>en la tercera jornada del torneo. En el resto de sus actuaciones, el equipo de Carlos Cantero siempre ha salido victorioso: bati\u00f3 en el pabell\u00f3n Pr\u00edncipe Felipe al Dur\u00e1n Maquinaria Ensino (83-69), al Baxi Ferrol (87-57) y al Spar Girona (77-72), y adem\u00e1s super\u00f3 a domicilio al Legan\u00e9s (47-68), al Joventut de Badalona (85-97) y al Estepona (70-75).<\/p>\n<p>Una sola victoria<\/p>\n<p class=\"paragraph\">Por su parte, el Movistar Estudiantes ha iniciado el curso con dudas. Se alinea actualmente<b> en la pen\u00faltima posici\u00f3n de la tabla, <\/b>tras haber obtenido un solo trinfo en los siete encuentros disputados. Cay\u00f3 ante el Girona (79-88), en su actuaci\u00f3n m\u00e1s reciente, y anteriormente hab\u00eda doblado la rodilla contra el Gernika (89-88), el Joventut de Badalona (90-97), el Jairis (69-58), el Valencia Basket (84-61) y el IDK Eurokotren (82-70). El conjunto madrile\u00f1o sum\u00f3 su \u00fanica victoria el pasado 25 de octubre, en la cuarta jornada, cuando venci\u00f3 con amplitud en su feudo al Cad\u00ed La Seu (97-83).<\/p>\n","protected":false},"excerpt":{"rendered":"El Casademont persigue este domingo, ante el Movistar Estudiantes (12.15, Arag\u00f3n TV), su s\u00e9ptimo triunfo de la temporada&hellip;\n","protected":false},"author":2,"featured_media":262734,"comment_status":"","ping_status":"","sticky":false,"template":"","format":"standard","meta":{"footnotes":""},"categories":[269],"tags":[32315,299,298,2511,6657,168,25,24,2615,23,167,491],"class_list":{"0":"post-262733","1":"post","2":"type-post","3":"status-publish","4":"format-standard","5":"has-post-thumbnail","7":"category-baloncesto","8":"tag-alturas","9":"tag-baloncesto","10":"tag-basketball","11":"tag-casademont","12":"tag-consolidarse","13":"tag-deportes","14":"tag-es","15":"tag-espana","16":"tag-quiere","17":"tag-spain","18":"tag-sports","19":"tag-zaragoza"},"share_on_mastodon":{"url":"https:\/\/pubeurope.com\/@es\/115635404568528810","error":""},"_links":{"self":[{"href":"https:\/\/www.europesays.com\/es\/wp-json\/wp\/v2\/posts\/262733","targetHints":{"allow":["GET"]}}],"collection":[{"href":"https:\/\/www.europesays.com\/es\/wp-json\/wp\/v2\/posts"}],"about":[{"href":"https:\/\/www.europesays.com\/es\/wp-json\/wp\/v2\/types\/post"}],"author":[{"embeddable":true,"href":"https:\/\/www.europesays.com\/es\/wp-json\/wp\/v2\/users\/2"}],"replies":[{"embeddable":true,"href":"https:\/\/www.europesays.com\/es\/wp-json\/wp\/v2\/comments?post=262733"}],"version-history":[{"count":0,"href":"https:\/\/www.europesays.com\/es\/wp-json\/wp\/v2\/posts\/262733\/revisions"}],"wp:featuredmedia":[{"embeddable":true,"href":"https:\/\/www.europesays.com\/es\/wp-json\/wp\/v2\/media\/262734"}],"wp:attachment":[{"href":"https:\/\/www.europesays.com\/es\/wp-json\/wp\/v2\/media?parent=262733"}],"wp:term":[{"taxonomy":"category","embeddable":true,"href":"https:\/\/www.europesays.com\/es\/wp-json\/wp\/v2\/categories?post=262733"},{"taxonomy":"post_tag","embeddable":true,"href":"https:\/\/www.europesays.com\/es\/wp-json\/wp\/v2\/tags?post=262733"}],"curies":[{"name":"wp","href":"https:\/\/api.w.org\/{rel}","templated":true}]}}