{"id":262737,"date":"2025-11-29T22:44:15","date_gmt":"2025-11-29T22:44:15","guid":{"rendered":"https:\/\/www.europesays.com\/es\/262737\/"},"modified":"2025-11-29T22:44:15","modified_gmt":"2025-11-29T22:44:15","slug":"alba-carrillo-senala-a-alessandro-lequio-en-apoyo-a-antonia-dellatte-yo-soy-una-de-las-victimas-ha-hecho-dano-a-muchisimas-mujeres","status":"publish","type":"post","link":"https:\/\/www.europesays.com\/es\/262737\/","title":{"rendered":"Alba Carrillo se\u00f1ala a Alessandro Lequio en apoyo a Antonia Dell\u2019Atte: \u201cYo soy una de las v\u00edctimas, ha hecho da\u00f1o a much\u00edsimas mujeres\u201d"},"content":{"rendered":"<p><img alt=\"Alessandro Lequio y Alba Carrillo,\" class=\"global-image\" decoding=\"async\" fetchpriority=\"high\" height=\"1080\" loading=\"eager\" src=\"https:\/\/www.europesays.com\/es\/wp-content\/uploads\/2025\/11\/AY7OBVMYPRGKFGIGDVFFPOH5LE.png\" width=\"1920\"\/>Alessandro Lequio y Alba Carrillo, en montaje de Infobae (Mediaset \/ RTVE)<\/p>\n<p class=\"paragraph\">Alessandro Lequio no deja de acaparar titulares despu\u00e9s de <a rel=\"noopener noreferrer nofollow\" href=\"https:\/\/www.infobae.com\/espana\/2025\/11\/20\/el-maximo-apoyo-de-alessandro-lequio-tras-su-despido-en-telecinco-su-mujer-la-periodista-maria-palacios\/\" target=\"_self\" title=\"https:\/\/www.infobae.com\/espana\/2025\/11\/20\/el-maximo-apoyo-de-alessandro-lequio-tras-su-despido-en-telecinco-su-mujer-la-periodista-maria-palacios\/\">su despido de Telecinco<\/a> por las acusaciones de maltrato de Antonia Dell\u2019Atte. Esta semana, Televisi\u00f3n Espa\u00f1ola aprovech\u00f3 para recoger el testimonio de la italiana a trav\u00e9s de una entrevista en el programa Directo al grano. En apoyo al testimonio, Alba Carrillo no ha dudado <b>en cargar contra Lequio<\/b> tambi\u00e9n desde la cadena p\u00fablica.<\/p>\n<p class=\"paragraph\">Este s\u00e1bado 29 de noviembre, se ha comentado en D Coraz\u00f3n <a rel=\"noopener noreferrer nofollow\" href=\"https:\/\/www.infobae.com\/espana\/2025\/11\/25\/antonia-dellatte-cuenta-su-verdad-tras-el-despido-de-alessandro-lequio-me-decia-te-voy-a-partir-la-nariz-nunca-mas-seras-guapa\/\" target=\"_self\" title=\"https:\/\/www.infobae.com\/espana\/2025\/11\/25\/antonia-dellatte-cuenta-su-verdad-tras-el-despido-de-alessandro-lequio-me-decia-te-voy-a-partir-la-nariz-nunca-mas-seras-guapa\/\">la entrevista de Dell\u2019Atte<\/a> con Marta Flich. La primera en mostrar su apoyo a la modelo ha sido Carlota Corredera: \u201cElla lleva hablando toda la vida sobre esto, pero yo soy la primera que se trag\u00f3 esta narrativa de que era <b>una loca despechada<\/b>. Parece que han tenido que pasar todos estos a\u00f1os para que se la crea\u201d.<\/p>\n<p class=\"paragraph\">Las constantes menciones al italiano han removido el pasado en Telecinco de Alba Carrillo, cuya salida fue muy pol\u00e9mica e incluso traum\u00e1tica para la tertuliana. Es por ello, que ha utilizado su voz como colaboradora para denunciar p\u00fablicamente las presuntas pr\u00e1cticas del conde: \u201cA m\u00ed me ha tratado mal. <b>Yo soy una de las v\u00edctimas<\/b>. Le quit\u00e9 una demanda porque su hijo estaba malito y me parec\u00eda humano no rascar en ese momento. Pero a m\u00ed me acus\u00f3 pr\u00e1cticamente de prostituci\u00f3n. Es una persona que ha hecho da\u00f1o a much\u00edsimas mujeres\u201d.<\/p>\n<p>Cristina Cifuentes y Alba Carrillo<\/p>\n<p class=\"paragraph\">\u201cEs hora de limpiar a este tipo de hombres\u201d, ha sentenciado Carrillo. Adem\u00e1s, la tertuliana tambi\u00e9n ha se\u00f1alado a quienes aluden a las supuestas <b>denuncias falsas<\/b>: \u201cYa est\u00e1 bien de que le demos cabida a los testimonios de que las mujeres falsifican o demandan cosas que no son verdad. Son \u00ednfimas las mujeres que demandan sin tener conciencia de ello\u201d.<\/p>\n<p class=\"paragraph\">\u201cEl maltrato a las mujeres existe, aunque haya partidos pol\u00edticos que no lo quieran reconocer\u201d, ha afirmado. Adem\u00e1s, ha hecho hincapi\u00e9 en que \u201cel maltrato <b>no entiende de clases sociales<\/b>, ni de televisiones, ni de mujeres m\u00e1s educadas o con menos culturas\u201d.<\/p>\n<p class=\"paragraph\">Corredera, que estaba conectada por videollamada, ha recogido las palabras de su compa\u00f1era para continuar con su alegato: \u201cDurante mucho tiempo <b>no se cre\u00eda a las mujeres<\/b>\u201d. La que fuera presentadora de Roc\u00edo, contar la verdad para seguir viva tiene muy en cuenta los testimonios sobre violencia de g\u00e9nero: \u201cPor eso es tan importante que, despu\u00e9s de tantos a\u00f1os de lucha, le demos voz y credibilidad a Antonia. Las mujeres famosas son tambi\u00e9n la voz de las an\u00f3nimas. Para Antonia es una victoria de las mujeres que no est\u00e1n\u201d.<\/p>\n<p><img alt=\"Alba Carrillo y Carlota Corredera\" class=\"global-image\" decoding=\"async\" fetchpriority=\"low\" height=\"1080\" loading=\"lazy\" src=\"https:\/\/www.europesays.com\/es\/wp-content\/uploads\/2025\/11\/4U5T3HZHI5CDJGFPLAJHWHXPAY.png\" width=\"1920\"\/>Alba Carrillo y Carlota Corredera en &#8216;D Coraz\u00f3n&#8217; (RTVE)<\/p>\n<p class=\"paragraph\">Hace ya casi un a\u00f1o, B\u00e1rbara Rey <a rel=\"noopener noreferrer nofollow\" href=\"https:\/\/www.infobae.com\/espana\/2024\/12\/24\/las-cartas-de-la-verguenza-de-alessandro-lequio-que-barbara-rey-ha-recordado-en-telecinco-le-encanta-pegar-a-las-mujeres\/\" target=\"_self\" title=\"https:\/\/www.infobae.com\/espana\/2024\/12\/24\/las-cartas-de-la-verguenza-de-alessandro-lequio-que-barbara-rey-ha-recordado-en-telecinco-le-encanta-pegar-a-las-mujeres\/\">le record\u00f3 la denuncia<\/a> de Dell\u2019Atte a Lequio en directo desde el plat\u00f3 de \u00a1De Viernes!. Carrillo reaccion\u00f3 entonces al no ver consecuencias: \u201cLequio est\u00e1 protegido, entre otras, por la madrina de su hija, Ana Rosa Quintana. No es buen tertuliano porque va, sin piedad, <b>a por las mujeres sistem\u00e1ticamente<\/b>, salvo las que a \u00e9l le parecen de la clase social suficiente para no denigrarlas, al menos en p\u00fablico. Igual que un maltratador no puede ser buen padre. Un maltratador no puede ser ni buen tertuliano, ni buen nada\u201d.<\/p>\n","protected":false},"excerpt":{"rendered":"Alessandro Lequio y Alba Carrillo, en montaje de Infobae (Mediaset \/ RTVE) Alessandro Lequio no deja de acaparar&hellip;\n","protected":false},"author":2,"featured_media":262738,"comment_status":"","ping_status":"","sticky":false,"template":"","format":"standard","meta":{"footnotes":""},"categories":[174],"tags":[255,146,147,25,24,256,23],"class_list":{"0":"post-262737","1":"post","2":"type-post","3":"status-publish","4":"format-standard","5":"has-post-thumbnail","7":"category-famosos","8":"tag-celebrities","9":"tag-entertainment","10":"tag-entretenimiento","11":"tag-es","12":"tag-espana","13":"tag-famosos","14":"tag-spain"},"share_on_mastodon":{"url":"https:\/\/pubeurope.com\/@es\/115635413255759725","error":""},"_links":{"self":[{"href":"https:\/\/www.europesays.com\/es\/wp-json\/wp\/v2\/posts\/262737","targetHints":{"allow":["GET"]}}],"collection":[{"href":"https:\/\/www.europesays.com\/es\/wp-json\/wp\/v2\/posts"}],"about":[{"href":"https:\/\/www.europesays.com\/es\/wp-json\/wp\/v2\/types\/post"}],"author":[{"embeddable":true,"href":"https:\/\/www.europesays.com\/es\/wp-json\/wp\/v2\/users\/2"}],"replies":[{"embeddable":true,"href":"https:\/\/www.europesays.com\/es\/wp-json\/wp\/v2\/comments?post=262737"}],"version-history":[{"count":0,"href":"https:\/\/www.europesays.com\/es\/wp-json\/wp\/v2\/posts\/262737\/revisions"}],"wp:featuredmedia":[{"embeddable":true,"href":"https:\/\/www.europesays.com\/es\/wp-json\/wp\/v2\/media\/262738"}],"wp:attachment":[{"href":"https:\/\/www.europesays.com\/es\/wp-json\/wp\/v2\/media?parent=262737"}],"wp:term":[{"taxonomy":"category","embeddable":true,"href":"https:\/\/www.europesays.com\/es\/wp-json\/wp\/v2\/categories?post=262737"},{"taxonomy":"post_tag","embeddable":true,"href":"https:\/\/www.europesays.com\/es\/wp-json\/wp\/v2\/tags?post=262737"}],"curies":[{"name":"wp","href":"https:\/\/api.w.org\/{rel}","templated":true}]}}