{"id":262739,"date":"2025-11-29T22:47:14","date_gmt":"2025-11-29T22:47:14","guid":{"rendered":"https:\/\/www.europesays.com\/es\/262739\/"},"modified":"2025-11-29T22:47:14","modified_gmt":"2025-11-29T22:47:14","slug":"rtve-ya-tiene-sustituto-para-futuro-imperfecto-tras-la-baja-de-andreu-buenafuente","status":"publish","type":"post","link":"https:\/\/www.europesays.com\/es\/262739\/","title":{"rendered":"RTVE ya tiene sustituto para \u00abFuturo imperfecto\u00bb tras la baja de Andreu Buenafuente"},"content":{"rendered":"<p>\t\t\t \t\t \t\t\t\t\t\t\tAndreu Buenafuente presentando \u00abFuturo imperfecto\u00bb <strong class=\"pd-l\">RTVE  <\/strong><\/p>\n<p>\t\t\t\t\t\tLa 1 estrena este jueves \u00abDra. Fabiola Jones\u00bb, que\u00a0acompa\u00f1a a la veterinaria espa\u00f1ola Fabiola Quesada en su trabajo por la conservaci\u00f3n de los animales africanos<br \/>\n\t\t\t\t\t\t\t\t\t\t\t\t<strong>29 nov 2025<\/strong> . Actualizado a las 19:23 h.\t\t\t\t\t\t<\/p>\n<p class=\"first-paragraph txt\">El <a class=\"link-txt\" href=\"https:\/\/www.lavozdegalicia.es\/noticia\/television\/2025\/11\/21\/buenafuente-obligado-parar-temporalmente-prescripcion-medica\/00031763735117306170140.htm\" rel=\"nofollow noopener\" target=\"_blank\">inesperado anuncio del par\u00f3n temporal de <strong>Andreu Buenafuente<\/strong> por acumulaci\u00f3n de trabajo<\/a> ha llevado al fin \u2014al menos, de momento\u2014 de uno de los formatos de \u00e9xito en la parrilla de <a href=\"https:\/\/www.lavozdegalicia.es\/temas\/rtve\" rel=\"nofollow noopener\" target=\"_blank\">RTVE<\/a>, <strong>Futuro imperfecto<\/strong>, que este\u00a0pasado 27 de noviembre ya emiti\u00f3 una selecci\u00f3n de sus mejores momentos.\u00a0Un jugoso hueco en\u00a0el\u00a0prime time del jueves de <a href=\"https:\/\/www.lavozdegalicia.es\/temas\/la-1\" rel=\"nofollow noopener\" target=\"_blank\">La 1<\/a> para el que la cadena p\u00fablica ya ha encontrado sustituto a partir de esta semana que entra. Se trata de <strong>Dra. Fabiola Jones<\/strong>, que se estrena este jueves, 4 de diciembre, y muestra la faceta profesional y personal de la joven <strong>veterinaria espa\u00f1ola\u00a0Fabiola Quesada<\/strong>, afincada en \u00c1frica desde hace m\u00e1s de 15 a\u00f1os.<\/p>\n<p class=\"txt\">En el espacio, la profesional tratar\u00e1 de concienciar sobre la<strong> conservaci\u00f3n de los ecosistemas amenazados<\/strong> y contra\u00a0la <a href=\"https:\/\/www.lavozdegalicia.es\/temas\/caza\" rel=\"nofollow noopener\" target=\"_blank\">caza<\/a> furtiva, alertando del peligro de extinci\u00f3n al que se someten a algunas especies, como los rinocerontes. \u00abSe le presta poca atenci\u00f3n; menos mal que estamos aqu\u00ed, ya tocaba, antes de que se extingan\u00bb, afirm\u00f3 <strong>Quesada en su visita a\u00a0La revuelta\u00a0<\/strong>a principios de mes, cuando la fecha de estreno todav\u00eda era desconocida.\u00a0\u00abEstamos en un momento cr\u00edtico, o espabilamos todos o esto se nos acaba\u00bb, advirti\u00f3 la doctora, haciendo un llamamiento \u00aba desarrollar la capacidad de empat\u00eda con los animales\u00bb.<\/p>\n<p class=\"txt\">\n<p>\t\t\t\t\t\t\t\t\t\t\t\t&#13;<br \/>\n\t\t\t\t\t\t\t\t&#13;<br \/>\n&#13;<br \/>\n&#13;<\/p>\n<p>\t\t\t&#13;<br \/>\n\t&#13;<\/p>\n<p>\t\t\t<a href=\"https:\/\/www.lavozdegalicia.es\/noticia\/television\/2025\/11\/21\/buenafuente-obligado-parar-temporalmente-prescripcion-medica\/00031763735117306170140.htm\" data-analytics=\"link-embed\" rel=\"nofollow noopener\" target=\"_blank\">Buenafuente, obligado a parar temporalmente por prescripci\u00f3n m\u00e9dica<\/a><\/p>\n<p class=\"a-min-author\">LA VOZ<\/p>\n<p>\t&#13;<br \/>\n\t&#13;<br \/>\n&#13;<\/p>\n<p class=\"txt\">El <strong>primer cap\u00edtulo<\/strong> de este programa <strong>producido por RTVE en colaboraci\u00f3n con Warner Bros. ITVP Espa\u00f1a<\/strong> llevar\u00e1 a la protagonista en una aventura por la sabana y la costa africana para rescatar y cuidar algunos de los animales salvajes m\u00e1s vulnerables.\u00a0<\/p>\n<p class=\"txt\">La\u00a0sabana se transforma, gracias a la doctora y su equipo. en un quir\u00f3fano natural\u00a0en el que\u00a0realizar una cirug\u00eda de urgencia en campo abierto a un guepardo adulto.\u00a0Otro reto la llevar\u00e1 al Centro de Rescate de Rinocerontes, donde beb\u00e9s hu\u00e9rfanos luchan por sobrevivir tras perder a sus madres por los furtivos. Precisamente como prevenci\u00f3n para protegerlos de estos cazadores, la Quesada se desplazar\u00e1 a la reserva de Mongena, en <a href=\"https:\/\/www.lavozdegalicia.es\/temas\/sudafrica\" rel=\"nofollow noopener\" target=\"_blank\">Sud\u00e1frica<\/a>, para ense\u00f1ar a los espectadores c\u00f3mo se colocan los dispositivos de seguimiento a estos animales. \u00abEn los \u00faltimos 10 a\u00f1os,<strong> la poblaci\u00f3n de rinocerontes se ha reducido a la mitad<\/strong>\u00bb, le explic\u00f3 a Broncano; de ah\u00ed que definiese al ser humano como \u00abel animal m\u00e1s peligroso\u00bb.<\/p>\n<p>\t\t\t \t\t \t\t\t\t\t\t\tLa veterinaria espa\u00f1ola Fabiola Quesada en el programa \u00abDra. Fabiola Jones\u00bb, de La 1 <strong class=\"pd-l\">RTVE  <\/strong><\/p>\n<p class=\"txt\">En ese primer episodio tambi\u00e9n le realizar\u00e1n la manicura a las cebras para evitar lesiones y, junto a un\u00a0fot\u00f3grafo de fauna salvaje, la doctora ser\u00e1 testigo directo de la riqueza y fragilidad del ecosistema africano.<\/p>\n<p class=\"txt\">La doctora, nacida en la localidad jiennense de \u00dabeda y titulada por la Universidad de C\u00f3rdoba, es actualmente vicepresidenta de la Asociaci\u00f3n de Cient\u00edficos Espa\u00f1oles en el Sur de \u00c1frica y compagina su labor de investigaci\u00f3n con el trabajo directo sobre el terreno, enfrent\u00e1ndose a diario a los desaf\u00edos de la conservaci\u00f3n.<\/p>\n<p class=\"txt\">Quesada<strong> lleva m\u00e1s de 15 a\u00f1os viviendo en \u00c1frica<\/strong>, donde ha hecho de su profesi\u00f3n una forma de vida. En su casa, situada en medio de una reserva, convive con ant\u00edlopes a los que ha criado y otros animales que forman parte de su entorno cotidiano. Es una luchadora que ha convertido su profesi\u00f3n en un compromiso personal, fuertemente marcado por la pasi\u00f3n por la naturaleza y por las emociones que se despiertan con cada nuevo reto. Su forma de vida se convertir\u00e1 en todo un referente para j\u00f3venes con vocaci\u00f3n y amantes de la aventura, la naturaleza y la preservaci\u00f3n del medio ambiente.<\/p>\n<p>&#13;<br \/>\n\tArchivado en:&#13;<br \/>\n\t\t\t\t\t<a href=\"https:\/\/www.lavozdegalicia.es\/temas\/africa\/\" target=\"_blank\" class=\"mg-l\" rel=\"nofollow noopener\">\u00c1frica<\/a>&#13;<br \/>\n\t\t\t\t\t<a href=\"https:\/\/www.lavozdegalicia.es\/temas\/rtve\/\" target=\"_blank\" class=\"mg-l\" rel=\"nofollow noopener\">RTVE<\/a>&#13;<br \/>\n\t\t\t\t\t<a href=\"https:\/\/www.lavozdegalicia.es\/temas\/andreu-buenafuente\/\" target=\"_blank\" class=\"mg-l\" rel=\"nofollow noopener\">Andreu Buenafuente<\/a>&#13;<br \/>\n\t\t\t\t\t<a href=\"https:\/\/www.lavozdegalicia.es\/temas\/sudafrica\/\" target=\"_blank\" class=\"mg-l\" rel=\"nofollow noopener\">Sud\u00e1frica<\/a>&#13;<br \/>\n\t&#13;<\/p>\n","protected":false},"excerpt":{"rendered":"Andreu Buenafuente presentando \u00abFuturo imperfecto\u00bb RTVE La 1 estrena este jueves \u00abDra. Fabiola Jones\u00bb, que\u00a0acompa\u00f1a a la veterinaria&hellip;\n","protected":false},"author":2,"featured_media":262740,"comment_status":"","ping_status":"","sticky":false,"template":"","format":"standard","meta":{"footnotes":""},"categories":[171],"tags":[5404,2058,146,147,25,24,518,23,16339,214],"class_list":{"0":"post-262739","1":"post","2":"type-post","3":"status-publish","4":"format-standard","5":"has-post-thumbnail","7":"category-tv","8":"tag-africa","9":"tag-andreu-buenafuente","10":"tag-entertainment","11":"tag-entretenimiento","12":"tag-es","13":"tag-espana","14":"tag-rtve","15":"tag-spain","16":"tag-sudafrica","17":"tag-tv"},"share_on_mastodon":{"url":"https:\/\/pubeurope.com\/@es\/115635423960918223","error":""},"_links":{"self":[{"href":"https:\/\/www.europesays.com\/es\/wp-json\/wp\/v2\/posts\/262739","targetHints":{"allow":["GET"]}}],"collection":[{"href":"https:\/\/www.europesays.com\/es\/wp-json\/wp\/v2\/posts"}],"about":[{"href":"https:\/\/www.europesays.com\/es\/wp-json\/wp\/v2\/types\/post"}],"author":[{"embeddable":true,"href":"https:\/\/www.europesays.com\/es\/wp-json\/wp\/v2\/users\/2"}],"replies":[{"embeddable":true,"href":"https:\/\/www.europesays.com\/es\/wp-json\/wp\/v2\/comments?post=262739"}],"version-history":[{"count":0,"href":"https:\/\/www.europesays.com\/es\/wp-json\/wp\/v2\/posts\/262739\/revisions"}],"wp:featuredmedia":[{"embeddable":true,"href":"https:\/\/www.europesays.com\/es\/wp-json\/wp\/v2\/media\/262740"}],"wp:attachment":[{"href":"https:\/\/www.europesays.com\/es\/wp-json\/wp\/v2\/media?parent=262739"}],"wp:term":[{"taxonomy":"category","embeddable":true,"href":"https:\/\/www.europesays.com\/es\/wp-json\/wp\/v2\/categories?post=262739"},{"taxonomy":"post_tag","embeddable":true,"href":"https:\/\/www.europesays.com\/es\/wp-json\/wp\/v2\/tags?post=262739"}],"curies":[{"name":"wp","href":"https:\/\/api.w.org\/{rel}","templated":true}]}}