{"id":262741,"date":"2025-11-29T22:49:10","date_gmt":"2025-11-29T22:49:10","guid":{"rendered":"https:\/\/www.europesays.com\/es\/262741\/"},"modified":"2025-11-29T22:49:10","modified_gmt":"2025-11-29T22:49:10","slug":"documental-desiree-vila-deportista-gallega-paralimpica","status":"publish","type":"post","link":"https:\/\/www.europesays.com\/es\/262741\/","title":{"rendered":"Documental Desir\u00e9e Vila deportista gallega paral\u00edmpica"},"content":{"rendered":"<p class=\"ft-text\">El Langui debuta como director de largometrajes con el documental titulado \u00abGanas de vivir\u00bb, <strong>centrado en la <\/strong><a class=\"ft-link ft-link--decoration\" href=\"https:\/\/www.farodevigo.es\/gran-vigo\/2017\/01\/16\/desiree-vila-tenia-sensibilidad-dedos-16411839.html\" target=\"_blank\" rel=\"nofollow noopener\"><strong>historia de superaci\u00f3n de la deportista paral\u00edmpica Desir\u00e9e Vila<\/strong><\/a><strong> y rodado entre las provincias de M\u00e1laga, Madrid, Valladolid y Pontevedra.<\/strong><\/p>\n<p class=\"ft-text\">Vila es una atleta gondomare\u00f1a de referencia en el deporte adaptado, reconocida tanto por sus \u00e9xitos en la pista como por su capacidad para inspirar a trav\u00e9s de su historia personal.<\/p>\n<p class=\"ft-text\"><strong>A los 16 a\u00f1os, cuando era campeona de Espa\u00f1a de gimnasia acrob\u00e1tica, sufri\u00f3 una grave lesi\u00f3n<\/strong> que, a causa de una negligencia m\u00e9dica, deriv\u00f3 en la amputaci\u00f3n de su pierna derecha, pero lejos de rendirse, encontr\u00f3 en el atletismo su nueva pasi\u00f3n y, solo en un a\u00f1o, se proclam\u00f3 campeona de Espa\u00f1a en 100 metros y salto de longitud.<\/p>\n<p><img decoding=\"async\" src=\"https:\/\/www.europesays.com\/es\/wp-content\/uploads\/2025\/11\/e5942da9-aa1a-4deb-918d-2b42d28307db_alta-libre-aspect-ratio_default_0.jpg\" width=\"1200\" height=\"675\" alt=\"Desir\u00e9e Vila y El Langui, en uno de los momentos de la producci\u00f3n.\" class=\"ft-helper-img-rd\" loading=\"lazy\"\/><\/p>\n<p class=\"ft-helper-fontColor-quaternary ft-helper-fontSize-body-S ft-helper-spacer-t-xxs\">Desir\u00e9e Vila y El Langui, en uno de los momentos de la producci\u00f3n.  \/ L. O.<\/p>\n<p class=\"ft-text\">Desde entonces ha batido varios r\u00e9cords nacionales y logrado un diploma ol\u00edmpico en los Juegos Paral\u00edmpicos de Tokio y se ha consolidado como una de las voces m\u00e1s influyentes en favor de la igualdad, la inclusi\u00f3n y la superaci\u00f3n personal.<\/p>\n<p class=\"ft-text\">Esta pel\u00edcula, producida por el vallisoletano Rodrigo Espinel, <strong>busca inspirar y sensibilizar a la sociedad con asuntos como el perd\u00f3n, la aceptaci\u00f3n positiva de la vida que a cada uno nos ha tocado vivir y la importancia de visibilizar e impulsar referentes<\/strong> capaces de transformar la mirada hacia la discapacidad para avanzar hacia la plena inclusi\u00f3n.<\/p>\n<p class=\"ft-text\">Idea original de Juan Manuel Montilla, m\u00e1s conocido como El Langui, tiene en el guion al canario Jorge Laguna, contar\u00e1 con Trist\u00e1n Rosa como director de fotograf\u00eda, la m\u00fasica original de la canaria Celia Rivero Santana y Nuria Rubio como directora de producci\u00f3n.<\/p>\n<p class=\"ft-text\">Es una producci\u00f3n de Morena Films (\u00abCampeones\u00bb, \u00abNi distintos ni diferentes\u00bb, \u00abCampeonex\u00bb, \u00abLa vida de Brianeitor\u00bb, \u00abCuerpo escombro\u00bb), en coproducci\u00f3n con Morena Docs, y cuenta con la participaci\u00f3n de RTVE, Movistar Plus+ y RTVM. Y recibi\u00f3 financiaci\u00f3n del Ayuntamiento de Madrid, el patrocinio de la Fundaci\u00f3n Adecco y de Valladolid Film Commission (Unesco Creative City of Film) y la colaboraci\u00f3n del Comit\u00e9 Paral\u00edmpico Espa\u00f1ol, entre otros.<\/p>\n<p class=\"ft-text\">Desir\u00e9e Vila, adem\u00e1s, <a class=\"ft-link ft-link--decoration\" href=\"https:\/\/www.farodevigo.es\/ocio\/tv\/2025\/11\/13\/viguesa-desiree-vila-mostrara-lado-reality-postres-tve-dulce-123686373.html\" target=\"_blank\" rel=\"nofollow noopener\">aparecer\u00e1 en televisi\u00f3n pr\u00f3ximamente para participar en el programa de TVE &#8216;Top chef: dulces y famosos&#8217;<\/a>, presentado por la tambi\u00e9n gallega Paula V\u00e1zquez, y en el que compartir\u00e1 sus dotes culinarias con celebridades como Bel\u00e9n Esteban y Antonio Resines.<\/p>\n","protected":false},"excerpt":{"rendered":"El Langui debuta como director de largometrajes con el documental titulado \u00abGanas de vivir\u00bb, centrado en la historia&hellip;\n","protected":false},"author":2,"featured_media":262742,"comment_status":"","ping_status":"","sticky":false,"template":"","format":"standard","meta":{"footnotes":""},"categories":[169],"tags":[177,65421,65422,6084,5197,146,147,25,24,176,12835,65420,175,23,13129,1284],"class_list":{"0":"post-262741","1":"post","2":"type-post","3":"status-publish","4":"format-standard","5":"has-post-thumbnail","7":"category-cine","8":"tag-cine","9":"tag-desiree","10":"tag-desiree-vila","11":"tag-documental","12":"tag-documentales","13":"tag-entertainment","14":"tag-entretenimiento","15":"tag-es","16":"tag-espana","17":"tag-film","18":"tag-ganas","19":"tag-langui","20":"tag-movies","21":"tag-spain","22":"tag-vila","23":"tag-vivir"},"share_on_mastodon":{"url":"https:\/\/pubeurope.com\/@es\/115635432576168960","error":""},"_links":{"self":[{"href":"https:\/\/www.europesays.com\/es\/wp-json\/wp\/v2\/posts\/262741","targetHints":{"allow":["GET"]}}],"collection":[{"href":"https:\/\/www.europesays.com\/es\/wp-json\/wp\/v2\/posts"}],"about":[{"href":"https:\/\/www.europesays.com\/es\/wp-json\/wp\/v2\/types\/post"}],"author":[{"embeddable":true,"href":"https:\/\/www.europesays.com\/es\/wp-json\/wp\/v2\/users\/2"}],"replies":[{"embeddable":true,"href":"https:\/\/www.europesays.com\/es\/wp-json\/wp\/v2\/comments?post=262741"}],"version-history":[{"count":0,"href":"https:\/\/www.europesays.com\/es\/wp-json\/wp\/v2\/posts\/262741\/revisions"}],"wp:featuredmedia":[{"embeddable":true,"href":"https:\/\/www.europesays.com\/es\/wp-json\/wp\/v2\/media\/262742"}],"wp:attachment":[{"href":"https:\/\/www.europesays.com\/es\/wp-json\/wp\/v2\/media?parent=262741"}],"wp:term":[{"taxonomy":"category","embeddable":true,"href":"https:\/\/www.europesays.com\/es\/wp-json\/wp\/v2\/categories?post=262741"},{"taxonomy":"post_tag","embeddable":true,"href":"https:\/\/www.europesays.com\/es\/wp-json\/wp\/v2\/tags?post=262741"}],"curies":[{"name":"wp","href":"https:\/\/api.w.org\/{rel}","templated":true}]}}