{"id":262745,"date":"2025-11-29T22:52:27","date_gmt":"2025-11-29T22:52:27","guid":{"rendered":"https:\/\/www.europesays.com\/es\/262745\/"},"modified":"2025-11-29T22:52:27","modified_gmt":"2025-11-29T22:52:27","slug":"flamenco-paseo-por-malaga-y-antonio-banderas","status":"publish","type":"post","link":"https:\/\/www.europesays.com\/es\/262745\/","title":{"rendered":"flamenco, paseo por M\u00e1laga y Antonio Banderas"},"content":{"rendered":"<p style=\"\">La inquieta arist\u00f3crata <a href=\"https:\/\/www.abc.es\/gente\/eugenia-martinez-irujo-revela-razon-ausencia-jacobo-20251001131826-vi.html\" target=\"_self\" data-voc-vtm-id=\"in-text-traffic\" title=\"Eugenia Mart\u00ednez de Irujo\" data-mrf-link=\"www.abc.es\" rel=\"nofollow noopener\">Eugenia Mart\u00ednez de Irujo<\/a> cumpl\u00eda 57 a\u00f1os el pasado 26 de noviembre y lo quiso celebrar a lo grande: en M\u00e1laga, rodeada de mucha gente y <strong>con una fiesta que dur\u00f3 dos d\u00edas<\/strong>. As\u00ed lo ha contado tanto ella como  &#8230; su marido, Narc\u00eds Rebollo, a trav\u00e9s de <strong>amplios carruseles de im\u00e1genes<\/strong> que han explicado la naturaleza l\u00fadica del festejo.<\/p>\n<p class=\"voc-p\" style=\"\">La hija de la fallecida duquesa de Alba hizo una peque\u00f1a maleta y se dirigi\u00f3 a la capital de la Costa del Sol para pasar unos d\u00edas junto a Narc\u00eds Rebollo y ultimar los detalles del fiest\u00f3n que ocurrir\u00eda despu\u00e9s. <strong>No falt\u00f3 de nada<\/strong>. Ella es reservada con las cosas que ocurren entre las paredes de su intimidad, aunque su marido ha querido hacer una excepci\u00f3n y ha compartido a trav\u00e9s de sus redes sociales qu\u00e9 ocurri\u00f3 en ese cumplea\u00f1os tan especial. Ella tambi\u00e9n se ha animado. <strong>Y la cosa dio para bastante: dur\u00f3 dos d\u00edas<\/strong>.<\/p>\n<p class=\"voc-p\" style=\"\">Para empezar, <a href=\"https:\/\/www.abc.es\/gente\/eugenia-martinez-irujo-reacciona-traicion-lequio-destapada-20250930112705-vi.html\" target=\"_self\" data-voc-vtm-id=\"in-text-traffic\" title=\"Eugenia Mart\u00ednez de Irujo\" data-mrf-link=\"www.abc.es\" rel=\"nofollow noopener\">Eugenia Mart\u00ednez de Irujo<\/a> pudo disfrutar de &#8216;Godspell, el m\u00fasical&#8217;, una obra dirigida por <a href=\"https:\/\/www.abc.es\/gente\/vida-personal-antonio-banderas-transformacion-personal-matrimonios-20250209200000-nt.html\" target=\"_self\" data-voc-vtm-id=\"in-text-traffic\" title=\"Antonio Banderas\" data-mrf-link=\"www.abc.es\" rel=\"nofollow noopener\">Antonio Banderas<\/a> a partir de una versi\u00f3n de Emilio Arag\u00f3n. Despu\u00e9s llegar\u00eda <strong>una copiosa cena<\/strong>, en la que la artist\u00f3crata estuvo muy bien acompa\u00f1ada.<\/p>\n<p>\n\u00abDos d\u00edas en la maravillosa M\u00e1laga\u00bb\n<\/p>\n<p class=\"voc-p\" style=\"\">\u00abDos d\u00edas en la maravillosa M\u00e1laga celebrando mi cumplea\u00f1os. El 26 viendo el musical &#8216;Godspell&#8217; de Antonio Banderas en el teatro del Soho. Os recomiendo ir porque es incre\u00edble. Y luego <strong>una cena buen\u00edsima<\/strong> en el restaurante Tercer Acto con mi adorada Cayetana Guill\u00e9n Cuervo y m\u00e1s amigos. <strong>Gracias infinitas, Antonio, por una noche tan especial<\/strong>\u00bb, escrib\u00eda la propia Eugenia Mart\u00ednez de Irujo junto a una fotograf\u00eda en la que aparec\u00eda posando con su marido y todo el elenco de la obra, incluyendo al mism\u00edsimo Antonio Banderas.<\/p>\n<p class=\"voc-title\">Hubo una gran cena con amigos \u00edntimos, entre los que estaban rostros como los de Adriana Ozores, Cayetana Guill\u00e9n Cuervo o  Antonio Banderas<\/p>\n<p class=\"voc-p\" style=\"\">Tras la funci\u00f3n, la hermana de <a href=\"https:\/\/www.abc.es\/gente\/eugenia-martinez-irujo-opina-sobre-ausencia-genoveva-20250925162705-vi.html\" target=\"_self\" data-voc-vtm-id=\"in-text-traffic\" title=\"Cayetano Mart\u00ednez de Irujo\" data-mrf-link=\"www.abc.es\" rel=\"nofollow noopener\">Cayetano Mart\u00ednez de Irujo<\/a> depart\u00eda con los actores del musical y despu\u00e9s sal\u00eda a dar un paseo algunos de los rincones m\u00e1s bonitos de la ciudad y compart\u00eda con sus seguidores la fachada de la catedral de M\u00e1laga, un lugar al que tiene un cari\u00f1o muy especial.<\/p>\n<p class=\"voc-p\" style=\"\">Despu\u00e9s del paseo llegaba la celebraci\u00f3n, una gran cena con sus amigos m\u00e1s \u00edntimos, entre los que estaban rostros como los de Adriana Ozores, Cayetana Guill\u00e9n Cuervo o de nuevo Antonio Banderas, quienes <strong>le cantaron el cumplea\u00f1os feliz en un conocido restaurante malague\u00f1o<\/strong>. Y la cosa continu\u00f3. Al d\u00eda siguiente, nuevos amigos y familiares se acercaban para felicitar a la duquesa de Montoro.<\/p>\n<p>\nFlamenco con Tomasito y Rafael Sordera\n<\/p>\n<p class=\"voc-p\" style=\"\">La fiesta se traslad\u00f3 a un caf\u00e9 de la ciudad y fue all\u00ed donde Eugenia Mart\u00ednez de Irujo soplaba las velas de la una <strong>tarta de fresas, frambuesas y abundante nata<\/strong>. La arist\u00f3crata lo estaba gozando y se mostraba verdaderamente feliz con tanta gente y cantando flamenco. All\u00ed estaban tambi\u00e9n su hija Tana Rivera, su cu\u00f1ada B\u00e1rbara Mirjan, las empresarias Macarena Rey y Sandra Segimon, las periodistas Marta Barroso y Teresa de la Cierva y los cantantes Tomasito y Rafael Sordera, <strong>los m\u00e1s entregados a las voces y las palmas<\/strong>.<\/p>\n<p class=\"voc-p\" style=\"\">Para el recuerdo qued\u00f3 una graciosa an\u00e9cdota: una de las invitadas del cumplea\u00f1os, la escritora <strong>Mar\u00eda De La Luz Del Prado<\/strong>, apareci\u00f3 con exactamente <strong>el mismo vestido<\/strong> que la cumplea\u00f1era. Ambas quisieron inmortalizar tan divertido momento posando juntas para la c\u00e1mara y llenas de risas.<\/p>\n","protected":false},"excerpt":{"rendered":"La inquieta arist\u00f3crata Eugenia Mart\u00ednez de Irujo cumpl\u00eda 57 a\u00f1os el pasado 26 de noviembre y lo quiso&hellip;\n","protected":false},"author":2,"featured_media":262746,"comment_status":"","ping_status":"","sticky":false,"template":"","format":"standard","meta":{"footnotes":""},"categories":[91],"tags":[1247,15601,6996,146,147,25,24,29412,2328,11925,7982,36166,3855,825,2755,23],"class_list":{"0":"post-262745","1":"post","2":"type-post","3":"status-publish","4":"format-standard","5":"has-post-thumbnail","7":"category-entretenimiento","8":"tag-antonio","9":"tag-banderas","10":"tag-cumpleanos","11":"tag-entertainment","12":"tag-entretenimiento","13":"tag-es","14":"tag-espana","15":"tag-eugenia","16":"tag-fiesta","17":"tag-flamenco","18":"tag-increible","19":"tag-irujo","20":"tag-malaga","21":"tag-martinez","22":"tag-paseo","23":"tag-spain"},"share_on_mastodon":{"url":"https:\/\/pubeurope.com\/@es\/115635443961405262","error":""},"_links":{"self":[{"href":"https:\/\/www.europesays.com\/es\/wp-json\/wp\/v2\/posts\/262745","targetHints":{"allow":["GET"]}}],"collection":[{"href":"https:\/\/www.europesays.com\/es\/wp-json\/wp\/v2\/posts"}],"about":[{"href":"https:\/\/www.europesays.com\/es\/wp-json\/wp\/v2\/types\/post"}],"author":[{"embeddable":true,"href":"https:\/\/www.europesays.com\/es\/wp-json\/wp\/v2\/users\/2"}],"replies":[{"embeddable":true,"href":"https:\/\/www.europesays.com\/es\/wp-json\/wp\/v2\/comments?post=262745"}],"version-history":[{"count":0,"href":"https:\/\/www.europesays.com\/es\/wp-json\/wp\/v2\/posts\/262745\/revisions"}],"wp:featuredmedia":[{"embeddable":true,"href":"https:\/\/www.europesays.com\/es\/wp-json\/wp\/v2\/media\/262746"}],"wp:attachment":[{"href":"https:\/\/www.europesays.com\/es\/wp-json\/wp\/v2\/media?parent=262745"}],"wp:term":[{"taxonomy":"category","embeddable":true,"href":"https:\/\/www.europesays.com\/es\/wp-json\/wp\/v2\/categories?post=262745"},{"taxonomy":"post_tag","embeddable":true,"href":"https:\/\/www.europesays.com\/es\/wp-json\/wp\/v2\/tags?post=262745"}],"curies":[{"name":"wp","href":"https:\/\/api.w.org\/{rel}","templated":true}]}}