{"id":26275,"date":"2025-08-05T02:05:14","date_gmt":"2025-08-05T02:05:14","guid":{"rendered":"https:\/\/www.europesays.com\/es\/26275\/"},"modified":"2025-08-05T02:05:14","modified_gmt":"2025-08-05T02:05:14","slug":"pilotos-de-la-f1-conocen-a-hide-the-pain-harold-y-no-lo-pueden-creer","status":"publish","type":"post","link":"https:\/\/www.europesays.com\/es\/26275\/","title":{"rendered":"Pilotos de la F1 conocen a \u2018Hide the Pain Harold\u2019 y no lo pueden creer"},"content":{"rendered":"<p><strong>\u00bfQu\u00e9 har\u00edas si un d\u00eda, as\u00ed casual, te cruzas con uno de los memes m\u00e1s famosos del internet?<\/strong> Eso le pas\u00f3 a varios pilotos de F\u00f3rmula 1 durante el <strong>Gran Premio de Hungr\u00eda 2025<\/strong>, donde conocieron en persona a <strong>Andr\u00e1s Arat\u00f3<\/strong>, mejor conocido como Hide the Pain Harold.<\/p>\n<p>S\u00ed, <strong>el mism\u00edsimo se\u00f1or de sonrisa inc\u00f3moda que has visto en miles de memes, stickers de WhatsApp<\/strong>, tuits random y como respuestas a situaciones decepcionantes <strong>que resumen la existencia adulta con esa sonrisa que no da confianza, incomoda.<\/strong><\/p>\n<p>Los pilotos estaban igual de en shock que t\u00fa<\/p>\n<p>Arat\u00f3 fue invitado al GP de Hungr\u00eda como celebridad nacional (porque lo es) y convivi\u00f3 con los pilotos como toda una leyenda del internet. <strong>La reacci\u00f3n del piloto franc\u00e9s Isack Hadjar fue la m\u00e1s \u00e9pica<\/strong>:<\/p>\n<blockquote class=\"caas-blockquote\">\n<p>\u201c\u00a1El meme!\u201d, dijo Hadjar<\/p>\n<\/blockquote>\n<p>El piloto franc\u00e9s se emocion\u00f3n mientras soltaba una risa nerviosay se acercaba para pedirle una foto como fan total.<\/p>\n<p>Tambi\u00e9n <strong>Fernando Alonso<\/strong> y <strong>Gabriel Bortoleto<\/strong> (de Sauber) <a data-i13n=\"cpos:1;pos:1\" href=\"https:\/\/www.instagram.com\/reel\/DM5JJqmtfJY\/?utm_source=ig_embed&amp;ig_rid=8b44cfd7-0b46-4613-9f5a-35a0bd9bbf4e\" rel=\"nofollow noopener\" target=\"_blank\" data-ylk=\"slk:aprovecharon la oportunidad de tomarse la selfie m\u00e1s surrealista del paddock;cpos:1;pos:1;elm:context_link;itc:0;sec:content-canvas\" class=\"link \">aprovecharon la oportunidad de tomarse la selfie m\u00e1s surrealista del paddock<\/a>. Y es que no todos los d\u00edas conoces a una figura que ha vivido m\u00e1s en la memoria colectiva del internet que muchas celebridades.<\/p>\n<p>Por si no lo sab\u00edas, esta no es la primera vez que Andr\u00e1s va al GP de Hungr\u00eda, pero este a\u00f1o <strong>la F\u00f3rmula 1 lo celebr\u00f3 como la celebridad que es<\/strong> en sus redes sociales.<\/p>\n<p>\u00bfQui\u00e9n es Andr\u00e1s Arat\u00f3 y c\u00f3mo se convirti\u00f3 en \u2018meme\u2019?<\/p>\n<p>Andr\u00e1s Arat\u00f3 naci\u00f3 en <strong>Hungr\u00eda en 1945<\/strong>. Todo comenz\u00f3 con un viaje a Turqu\u00eda con su esposa, en el que un fot\u00f3grafo vio su rostro y le propuso hacer fotos de stock.<\/p>\n<blockquote class=\"caas-blockquote\">\n<p>\u201cNo supe qu\u00e9 decir porque aquello estaba muy lejos de mi forma de ser\u2026 pero hab\u00eda algo en mi expresi\u00f3n que le llam\u00f3 la atenci\u00f3n\u201d, cont\u00f3 en entrevista con Vanity Fair.<\/p>\n<\/blockquote>\n<p>Lo que parec\u00eda una sesi\u00f3n fotogr\u00e1fica m\u00e1s, se convirti\u00f3 en un fen\u00f3meno mundial. Internet encontr\u00f3 las im\u00e1genes y las convirti\u00f3 en algo m\u00e1s: <strong>memes sobre sufrimiento existencial con sonrisas inc\u00f3modas<\/strong>.<\/p>\n<p>Al principio, Arat\u00f3 no estaba tan feliz con su fama viral:<\/p>\n<blockquote class=\"caas-blockquote\">\n<p>\u201cDescubr\u00ed los primeros memes. Algunos eran muy divertidos\u2026 pero otros eran repugnantes. Aquello fue como una descarga el\u00e9ctrica en mi cabeza\u201d, confes\u00f3.<\/p>\n<\/blockquote>\n<p>Incluso intent\u00f3 frenar la viralizaci\u00f3n de sus im\u00e1genes, pero ya era demasiado tarde. Lo que sigui\u00f3 fue <strong>aceptar el meme y abrazar su nueva vida como figura p\u00fablica<\/strong>.<\/p>\n<blockquote class=\"caas-blockquote\">\n<p>\u201cAl principio me enfad\u00e9, pero ser viral me ha cambiado la vida y ahora tengo un mont\u00f3n de amigos\u201d, dijo Harold con su cl\u00e1sica sonrisa que lo dice todo\u2026 y nada a la vez.<\/p>\n<\/blockquote>\n<p>El internet es real (y lo sabe la F\u00f3rmula 1)<\/p>\n<p>Este encuentro en Hungr\u00eda nos recuerda que los memes tambi\u00e9n tienen nombre, historia y, en este caso, 80 a\u00f1os de carisma h\u00fangaro.<\/p>\n<p><img decoding=\"async\" class=\"caas-img caas-lazy has-preview\" alt=\"El creador de contenido disfrut\u00f3 del GP de Hungr\u00eda como la celebridad que es. (@PainHarold)\" src=\"https:\/\/www.europesays.com\/es\/wp-content\/uploads\/2025\/08\/351233ffc51accb22b4a6289878af21b.png\"\/><\/p>\n<p>El creador de contenido disfrut\u00f3 del GP de Hungr\u00eda como la celebridad que es. (@PainHarold)<\/p>\n<p>Y s\u00ed, si alg\u00fan d\u00eda ves a Hide the Pain Harold en la calle, ya sabes lo que tienes que hacer: <strong>sonr\u00ede, p\u00eddele una foto y disimula el existencialismo.<\/strong><\/p>\n<p>\u00a0<\/p>\n<p><a class=\"link\" href=\"https:\/\/trib.al\/yG4LVEm\" data-ylk=\"\" rel=\"nofollow noopener\" target=\"_blank\"><img decoding=\"async\" class=\"caas-img caas-lazy\" alt=\"S\u00edguenos en WhatsApp\" src=\"https:\/\/www.europesays.com\/es\/wp-content\/uploads\/2025\/08\/457a3f40-3274-11f0-9bb9-a98c72dc6932.png\"\/><\/a><\/p>\n<p>S\u00edguenos en WhatsApp<\/p>\n<p><strong>TAMBI\u00c9N TE PUEDE INTERESAR | EN VIDEO<\/strong><\/p>\n<p><strong>Un desconocido intenta hacer de \u201ccupido\u201d y provoca un fail \u00e9pico<\/strong><\/p>\n<p><script async src=\"\/\/www.instagram.com\/embed.js\"><\/script><\/p>\n","protected":false},"excerpt":{"rendered":"\u00bfQu\u00e9 har\u00edas si un d\u00eda, as\u00ed casual, te cruzas con uno de los memes m\u00e1s famosos del internet?&hellip;\n","protected":false},"author":2,"featured_media":26276,"comment_status":"","ping_status":"","sticky":false,"template":"","format":"standard","meta":{"footnotes":""},"categories":[270],"tags":[14549,168,25,24,306,2096,271,272,14547,3957,14548,23,167],"class_list":{"0":"post-26275","1":"post","2":"type-post","3":"status-publish","4":"format-standard","5":"has-post-thumbnail","7":"category-formula-1","8":"tag-arato","9":"tag-deportes","10":"tag-es","11":"tag-espana","12":"tag-f1","13":"tag-fernando-alonso","14":"tag-formula-1","15":"tag-formula1","16":"tag-hide-the-pain-harold","17":"tag-hungria","18":"tag-pilotos-de-formula-1","19":"tag-spain","20":"tag-sports"},"share_on_mastodon":{"url":"","error":""},"_links":{"self":[{"href":"https:\/\/www.europesays.com\/es\/wp-json\/wp\/v2\/posts\/26275","targetHints":{"allow":["GET"]}}],"collection":[{"href":"https:\/\/www.europesays.com\/es\/wp-json\/wp\/v2\/posts"}],"about":[{"href":"https:\/\/www.europesays.com\/es\/wp-json\/wp\/v2\/types\/post"}],"author":[{"embeddable":true,"href":"https:\/\/www.europesays.com\/es\/wp-json\/wp\/v2\/users\/2"}],"replies":[{"embeddable":true,"href":"https:\/\/www.europesays.com\/es\/wp-json\/wp\/v2\/comments?post=26275"}],"version-history":[{"count":0,"href":"https:\/\/www.europesays.com\/es\/wp-json\/wp\/v2\/posts\/26275\/revisions"}],"wp:featuredmedia":[{"embeddable":true,"href":"https:\/\/www.europesays.com\/es\/wp-json\/wp\/v2\/media\/26276"}],"wp:attachment":[{"href":"https:\/\/www.europesays.com\/es\/wp-json\/wp\/v2\/media?parent=26275"}],"wp:term":[{"taxonomy":"category","embeddable":true,"href":"https:\/\/www.europesays.com\/es\/wp-json\/wp\/v2\/categories?post=26275"},{"taxonomy":"post_tag","embeddable":true,"href":"https:\/\/www.europesays.com\/es\/wp-json\/wp\/v2\/tags?post=26275"}],"curies":[{"name":"wp","href":"https:\/\/api.w.org\/{rel}","templated":true}]}}