{"id":262753,"date":"2025-11-29T22:56:12","date_gmt":"2025-11-29T22:56:12","guid":{"rendered":"https:\/\/www.europesays.com\/es\/262753\/"},"modified":"2025-11-29T22:56:12","modified_gmt":"2025-11-29T22:56:12","slug":"muere-el-expresidente-de-la-generalitat-valenciana-jose-luis-olivas-2","status":"publish","type":"post","link":"https:\/\/www.europesays.com\/es\/262753\/","title":{"rendered":"Muere el expresidente de la Generalitat Valenciana Jos\u00e9 Luis Olivas"},"content":{"rendered":"<p><a class=\"v-mdl-ath__fig-a\" href=\"https:\/\/www.lasprovincias.es\/autor\/arturo-checa-445.html\" title=\"Arturo Checa \/ Burguera\" rel=\"nofollow noopener\" target=\"_blank\"><br \/>\n<img decoding=\"async\" class=\"v-mdl-ath__img\" src=\"https:\/\/www.europesays.com\/es\/wp-content\/uploads\/2025\/10\/autor-445-foto-2.jpeg\" alt=\"Arturo Checa \/ Burguera\"\/><br \/>\n<\/a><\/p>\n<p class=\"v-mdl-ath__p v-mdl-ath__p--6\">\nS\u00e1bado, 29 de noviembre 2025, 15:50<\/p>\n<p>| Actualizado 19:45h.<\/p>\n<p class=\"v-p\">Jos\u00e9 Luis Olivas, el que fuera tercer presidente de la etapa auton\u00f3mica de la Generalitat Valenciana, ha fallecido a los 73 a\u00f1os de edad, tal y como han confirmado fuentes de su entorno. Tuvo un breve paso por la presidencia de la Generalitat, ocho meses entre 2002 y 2003.<\/p>\n<p class=\"v-p\">Olivas, quien tambi\u00e9n fue presidente de la extinta Bancaja, se convierte as\u00ed en el primer m\u00e1ximo responsable del Consell que pierde la vida. <\/p>\n<p class=\"v-p\">Conquense de Motilla del Palancar, naci\u00f3 el 13 de octubre de 1952. Casado y tiene dos hijas. Su llegada a Bancaja fue el premio por los servicios prestados al PP en el Gobierno de la Generalitat y el reconocimiento esperado por su lealtad a Eduardo Zaplana. La fusi\u00f3n conde Bancaja con Caja Madrid le situ\u00f3 al frente de Bankia. <\/p>\n<p class=\"v-p\">Olivas fue m\u00e1ximo mandatario de la Generalitat sin haber sido elegido por las urnas. Su caso fue el primero, aunque la situaci\u00f3n volvi\u00f3 a repetirse m\u00e1s tarde con Alberto Fabra, y ahora con Juanfran P\u00e9rez Llorca. Su fallecimiento es el primero de un president de la Generalitat en la democracia moderna. <\/p>\n<p class=\"v-p\">Eduardo Zaplana recibi\u00f3 una llamada de Aznar en 2002 para entrar en el Gobierno, lo que propici\u00f3 que sobre la moqueta del Valencia Palace, Zaplana presentase la interinidad de Olivas como el puente para la llegada del delf\u00edn Francisco Camps. Olivas ejerci\u00f3 menos de un a\u00f1o como president de la Generalitat: desde el 24 de julio de 2002 hasta las elecciones del 25 de mayo de 2003.<\/p>\n<p class=\"v-p\">Olivas lleg\u00f3 a la pol\u00edtica como fundador de la Uni\u00f3n de Centro Democr\u00e1tico (UCD). Fue su secretario de Organizaci\u00f3n en Valencia y tom\u00f3 acta de concejal en la capital en las municipales del 3 de abril de 1979. Sin embargo, el partido de Adolfo Su\u00e1rez se derrumb\u00f3, lo que propici\u00f3 que Olivas volviese a la actividad privada y se convirtiese en letrado de la Federaci\u00f3n de Hosteler\u00eda. <\/p>\n<p class=\"v-p\">En 1987 y 1991, ya en las filas del PP, es elegido concejal en el Ayuntamiento de Valencia. En el 91 saborea el triunfo con la llegada a la Alcald\u00eda de Rita Barber\u00e1 y Olivas se coloca al frente de Hacienda. La alcaldesa lo convierte en su hombre de confianza. En 1995, tras ganar el PP las auton\u00f3micas, Zaplana lo elige conseller de Econom\u00eda. Su trayector\u00eda en el Consell se extiende como conseller y vicepresidente hasta el 9 de julio de 2002, cuando es designado jefe de la Generalitat. Olivas compagin\u00f3 su labor institucional con el puesto de secretario regional del PPCV de 1996 a 2002.<\/p>\n<p class=\"v-p\">Su interinidad presidencial fueron sus \u00faltimos servicios prestados en el \u00e1mbito de la pol\u00edtica. Olivas deja la pol\u00edtica activa y en enero de 2004 es nombrado presidente de Bancaja, la Caja de Ahorros de Valencia, Castell\u00f3n y Alicante, y del Banco de Valencia. <\/p>\n<p class=\"v-p\">Fue presidente del Banco de Valencia hasta 2011. Dimiti\u00f3 unos d\u00edas antes de que se publicara el riesgo de quiebra de esta entidad financiera. Tambi\u00e9n abandon\u00f3 sus cargos en Bankia. La crisis econ\u00f3mica que se llev\u00f3 por delante todo el sistema de cajas de ahorro valenciano tambi\u00e9n lo situ\u00f3 en el lado perdedor de la balanza. Comenz\u00f3 a encadenar juicios y acusaciones. <\/p>\n<p class=\"v-p\">La gesti\u00f3n de Olivas al mando de Bancaja y del Banco de Valencia le granje\u00f3 importantes cr\u00edticas y le situ\u00f3 en el ojo del hurac\u00e1n judicial que ha arrastrado durante m\u00e1s de una d\u00e9cada, pues a su paso por las entidades financieras valencianas se sum\u00f3 situarse como vicepresidente de Bankia (entre diciembre de 2010 y noviembre de 2011), fruto de la fusi\u00f3n entre Caja Madrid y Bancaja.<\/p>\n<p class=\"v-p\">En 2017, Olivas anunci\u00f3 su renuncia a todos los honores y derechos que correspondan como ex jefe del Consell tras haber confirmado la Audiencia Provincial la condena de a\u00f1o y medio de prisi\u00f3n por los delitos de falsedad en documento mercantil y contra la Hacienda P\u00fablica. <\/p>\n<p class=\"v-p\">Posteriormente, se ha visto absuelto de gran parte de las causas en las que se vio implicado. Este mismo a\u00f1o, La Audiencia Nacional declar\u00f3 firme la absoluci\u00f3n de la c\u00fapula de Banco de Valencia. El Juzgado Central de lo Penal confirmaba de este modo la desestimaci\u00f3n del recurso presentado por la Fiscal\u00eda y liberaba de cualquier responsabilidad a Olivas, Parra y dem\u00e1s acusados. Tambi\u00e9n este a\u00f1o se fall\u00f3 su absoluci\u00f3n en el caso Erial. No obstante, este mismo mes y veinte a\u00f1os despu\u00e9s de producirse las operaciones de Bancaja y Banco de Valencia en M\u00e9xico, la Audiencia Nacional hab\u00eda fijado fecha para el juicio tras una larga investigaci\u00f3n. Ser\u00e1 en septiembre, octubre y noviembre del a\u00f1o que viene. Olivas deb\u00eda sentarse en el banquillo una vez m\u00e1s.<\/p>\n<p>Reporta un error<\/p>\n","protected":false},"excerpt":{"rendered":"S\u00e1bado, 29 de noviembre 2025, 15:50 | Actualizado 19:45h. Jos\u00e9 Luis Olivas, el que fuera tercer presidente de&hellip;\n","protected":false},"author":2,"featured_media":262754,"comment_status":"","ping_status":"","sticky":false,"template":"","format":"standard","meta":{"footnotes":""},"categories":[8],"tags":[17,18,25,24,22155,13,14,2010,11,2467,19,20,7820,8938,9,10,15,16,65395,23,12,21,22,11004],"class_list":{"0":"post-262753","1":"post","2":"type-post","3":"status-publish","4":"format-standard","5":"has-post-thumbnail","7":"category-espana","8":"tag-breaking-news","9":"tag-breakingnews","10":"tag-es","11":"tag-espana","12":"tag-expresidente","13":"tag-featured-news","14":"tag-featurednews","15":"tag-generalitat","16":"tag-headlines","17":"tag-jose","18":"tag-latest-news","19":"tag-latestnews","20":"tag-luis","21":"tag-muere","22":"tag-news","23":"tag-noticias","24":"tag-noticias-destacadas","25":"tag-noticiasdestacadas","26":"tag-olivas","27":"tag-spain","28":"tag-titulares","29":"tag-ultimas-noticias","30":"tag-ultimasnoticias","31":"tag-valenciana"},"share_on_mastodon":{"url":"https:\/\/pubeurope.com\/@es\/115635459995879353","error":""},"_links":{"self":[{"href":"https:\/\/www.europesays.com\/es\/wp-json\/wp\/v2\/posts\/262753","targetHints":{"allow":["GET"]}}],"collection":[{"href":"https:\/\/www.europesays.com\/es\/wp-json\/wp\/v2\/posts"}],"about":[{"href":"https:\/\/www.europesays.com\/es\/wp-json\/wp\/v2\/types\/post"}],"author":[{"embeddable":true,"href":"https:\/\/www.europesays.com\/es\/wp-json\/wp\/v2\/users\/2"}],"replies":[{"embeddable":true,"href":"https:\/\/www.europesays.com\/es\/wp-json\/wp\/v2\/comments?post=262753"}],"version-history":[{"count":0,"href":"https:\/\/www.europesays.com\/es\/wp-json\/wp\/v2\/posts\/262753\/revisions"}],"wp:featuredmedia":[{"embeddable":true,"href":"https:\/\/www.europesays.com\/es\/wp-json\/wp\/v2\/media\/262754"}],"wp:attachment":[{"href":"https:\/\/www.europesays.com\/es\/wp-json\/wp\/v2\/media?parent=262753"}],"wp:term":[{"taxonomy":"category","embeddable":true,"href":"https:\/\/www.europesays.com\/es\/wp-json\/wp\/v2\/categories?post=262753"},{"taxonomy":"post_tag","embeddable":true,"href":"https:\/\/www.europesays.com\/es\/wp-json\/wp\/v2\/tags?post=262753"}],"curies":[{"name":"wp","href":"https:\/\/api.w.org\/{rel}","templated":true}]}}