{"id":262755,"date":"2025-11-29T22:57:35","date_gmt":"2025-11-29T22:57:35","guid":{"rendered":"https:\/\/www.europesays.com\/es\/262755\/"},"modified":"2025-11-29T22:57:35","modified_gmt":"2025-11-29T22:57:35","slug":"junts-replica-a-feijoo-que-en-lugar-de-pedirles-ayuda-para-una-mocion-de-censura-les-pida-perdon","status":"publish","type":"post","link":"https:\/\/www.europesays.com\/es\/262755\/","title":{"rendered":"Junts replica a Feij\u00f3o que en lugar de pedirles \u00abayuda\u00bb para una moci\u00f3n de censura les pida \u00abperd\u00f3n\u00bb"},"content":{"rendered":"<p class=\"c-paragraph\">El secretario general de <a href=\"https:\/\/www.20minutos.es\/tags\/temas\/junts-per-catalunya.html\" title=\"Junts per Catalunya\" rel=\"nofollow noopener\" target=\"_blank\">Junts<\/a>, <b>Jordi\u00a0Turull<\/b>, ha lamentado las declaraciones del l\u00edder de PP, <a href=\"https:\/\/www.20minutos.es\/tags\/personas\/alberto-nunez-feijoo.html\" title=\"Alberto N\u00fa\u00f1ez Feij\u00f3o\" rel=\"nofollow noopener\" target=\"_blank\">Albert N\u00fa\u00f1ez Feij\u00f3o<\/a>, pidiendo \u00ab<b>ayuda<\/b>\u00bb a los empresarios catalanes <b>para convencer al partido de<\/b> <a href=\"https:\/\/www.20minutos.es\/tags\/personas\/carles-puigdemont.html\" title=\"Carles Puigdemont\" rel=\"nofollow noopener\" target=\"_blank\">Carles Puigdemont<\/a> de sumarse a una eventual <b>moci\u00f3n de censura<\/b> para derrocar a <a href=\"\">Pedro S\u00e1nchez<\/a> de la Presidencia del Gobierno.<\/p>\n<p class=\"c-paragraph\">\u00abEn esta sala seguro que hay <b>muchas personas que han votado a Junts,<\/b> no s\u00e9 si hay muchas o pocas que han votado a ERC, pero estoy convencido de que la mayor\u00eda de personas no comparten la deriva econ\u00f3mica, legislativa, ni siquiera \u00e9tica que esta siguiendo el Gobierno\u00bb, dijo en un acto de la patronal catalana <b>Foment del Treball<\/b> encabezado por su presidente, <b>Josep S\u00e1nchez Llibre,<\/b> en el que reconoci\u00f3 que no le \u00abfalta ganas\u00bb de presentar una moci\u00f3n contra S\u00e1nchez.<\/p>\n<p class=\"c-paragraph\">El l\u00edder popular busc\u00f3 acomodo frente a un foro en Catalunya que se hab\u00eda posicionado a favor de su partido en alguna ocasi\u00f3n. En concreto, <b>S\u00e1nchez Llibre hab\u00eda agradecido a PP, Vox y Junts<\/b> su \u00abvalent\u00eda\u00bb contra la propuesta del Gobierno de reducci\u00f3n de la jornada.<\/p>\n<p>Enfado de Junts con el PP<\/p>\n<p class=\"c-paragraph\">En su intervenci\u00f3n en el <b>Consell Nacional de Junts<\/b>, Turull ha calificado sus palabras de \u00ab<b>osad\u00eda<\/b>\u00bb porque considera que \u00ablo que tiene que hacer es <b>pedir perd\u00f3n por el maltrato sist\u00e9mico<\/b>\u00bb que, a Juicio del secretario de organizaci\u00f3n de los posconvergentes, han ejercido los populares.\u00a0<\/p>\n<p class=\"c-paragraph\">Ha exigido que Feij\u00f3o se disculpe ante los catalanes, que pida \u00abp<b>erd\u00f3n por todo lo que hicieron desde las alcantarillas del Estado<\/b> para matar civilmente y pol\u00edticamente a tantos l\u00edderes catalanes\u00bb. Tambi\u00e9n se ha referido a las llamadas del l\u00edder popular oponi\u00e9ndose a la propuesta del Ejecutivo central acordada con Junts sobre la oficialidad del catal\u00e1n en la UE: \u00abQue pida perd\u00f3n a los catalanes por todo su <b>boicot a que el catal\u00e1n pueda ser una lengua oficial a Europa<\/b>\u00ab, ha insistido.<\/p>\n<p class=\"c-paragraph\">Tambi\u00e9n ha dicho que deber\u00eda pedir <b>perd\u00f3n a los barceloneses<\/b> \u00abpor haber hecho aquella <b>moci\u00f3n de censura preventiva a Xavier Trias<\/b> pactando con Collboni y haciendo que los socialistas manden en la capital de Catalu\u00f1a\u00bb. <b>Tr\u00edas gan\u00f3 las elecciones municipales <\/b>en Barcelona y acudi\u00f3 al pleno de investidura convencido de que se har\u00eda con la Alcald\u00eda -acudi\u00f3 acompa\u00f1ado de su familia y amigos-. Sin embargo, <b>en el \u00faltimo momento, el apoyo de los populares a la candidatura de Collboni<\/b>, impidi\u00f3 a Junts conseguir la Alcald\u00eda de <a href=\"https:\/\/www.20minutos.es\/tags\/temas\/ayuntamiento-de-barcelona.html\" title=\"Ayuntamiento de Barcelona\" rel=\"nofollow noopener\" target=\"_blank\">Barcelona<\/a>.<\/p>\n<p>Crecimiento de la ultraderecha catalana<\/p>\n<p class=\"c-paragraph\">Turull tambi\u00e9n ha querido referirse al crecimiento que las encuestas otorgan a <b>Alian\u00e7a Catalana<\/b> que la \u00faltima encuesta del <a href=\"https:\/\/www.20minutos.es\/tags\/temas\/ceo.html\" title=\"CEO\" rel=\"nofollow noopener\" target=\"_blank\">CEO<\/a> <a href=\"https:\/\/www.20minutos.es\/cataluna\/alianca-catalana-alcanzaria-junts-unas-elecciones-las-que-erc-seria-segunda-fuerza-psc-volveria-ganar-segun-ceo_6901752_0.html\" title=\"Alian\u00e7a Catalana alcanzar\u00eda a Junts en unas eventuales elecciones en las que ERC ser\u00eda segunda fuerza y el PSC ganar\u00eda, seg\u00fan el CEO\" rel=\"nofollow noopener\" target=\"_blank\">aupaba hasta los 20 esca\u00f1os empatando con Junts<\/a> y que reflejaba que<b> uno de cada cinco votantes que consegu\u00eda lo hac\u00eda a costa del granero electoral de los de Puigdemont<\/b>.<\/p>\n<p class=\"c-paragraph\">El dirigente de Junts ha calificado el proyecto liderado por S\u00edlvia Orriols de \u00ab<b>populismo descarnado<\/b>\u00bb y ha alertado de que el catalanismo \u00abno puede caer en un <b>proyecto excluyente <\/b>que base su propuesta en el odio, el miedo y la divisi\u00f3n\u00bb. Por eso, ha asegurado que ni Junts ni Catalunya pueden entrar en \u00abla deriva de transformar el malestar en odio y la incertidumbre en exclusi\u00f3n\u00bb.<\/p>\n","protected":false},"excerpt":{"rendered":"El secretario general de Junts, Jordi\u00a0Turull, ha lamentado las declaraciones del l\u00edder de PP, Albert N\u00fa\u00f1ez Feij\u00f3o, pidiendo&hellip;\n","protected":false},"author":2,"featured_media":262756,"comment_status":"","ping_status":"","sticky":false,"template":"","format":"standard","meta":{"footnotes":""},"categories":[5],"tags":[17,18,25,24,13,14,9860,11,5216,19,20,2676,9,10,15,16,2074,13920,23,12,21,22],"class_list":{"0":"post-262755","1":"post","2":"type-post","3":"status-publish","4":"format-standard","5":"has-post-thumbnail","7":"category-titulares","8":"tag-breaking-news","9":"tag-breakingnews","10":"tag-es","11":"tag-espana","12":"tag-featured-news","13":"tag-featurednews","14":"tag-feijoo","15":"tag-headlines","16":"tag-junts","17":"tag-latest-news","18":"tag-latestnews","19":"tag-lugar","20":"tag-news","21":"tag-noticias","22":"tag-noticias-destacadas","23":"tag-noticiasdestacadas","24":"tag-que","25":"tag-replica","26":"tag-spain","27":"tag-titulares","28":"tag-ultimas-noticias","29":"tag-ultimasnoticias"},"share_on_mastodon":{"url":"https:\/\/pubeurope.com\/@es\/115635463329814360","error":""},"_links":{"self":[{"href":"https:\/\/www.europesays.com\/es\/wp-json\/wp\/v2\/posts\/262755","targetHints":{"allow":["GET"]}}],"collection":[{"href":"https:\/\/www.europesays.com\/es\/wp-json\/wp\/v2\/posts"}],"about":[{"href":"https:\/\/www.europesays.com\/es\/wp-json\/wp\/v2\/types\/post"}],"author":[{"embeddable":true,"href":"https:\/\/www.europesays.com\/es\/wp-json\/wp\/v2\/users\/2"}],"replies":[{"embeddable":true,"href":"https:\/\/www.europesays.com\/es\/wp-json\/wp\/v2\/comments?post=262755"}],"version-history":[{"count":0,"href":"https:\/\/www.europesays.com\/es\/wp-json\/wp\/v2\/posts\/262755\/revisions"}],"wp:featuredmedia":[{"embeddable":true,"href":"https:\/\/www.europesays.com\/es\/wp-json\/wp\/v2\/media\/262756"}],"wp:attachment":[{"href":"https:\/\/www.europesays.com\/es\/wp-json\/wp\/v2\/media?parent=262755"}],"wp:term":[{"taxonomy":"category","embeddable":true,"href":"https:\/\/www.europesays.com\/es\/wp-json\/wp\/v2\/categories?post=262755"},{"taxonomy":"post_tag","embeddable":true,"href":"https:\/\/www.europesays.com\/es\/wp-json\/wp\/v2\/tags?post=262755"}],"curies":[{"name":"wp","href":"https:\/\/api.w.org\/{rel}","templated":true}]}}