{"id":262763,"date":"2025-11-29T23:06:15","date_gmt":"2025-11-29T23:06:15","guid":{"rendered":"https:\/\/www.europesays.com\/es\/262763\/"},"modified":"2025-11-29T23:06:15","modified_gmt":"2025-11-29T23:06:15","slug":"el-malaga-se-trae-un-punto-de-valladolid-1-1","status":"publish","type":"post","link":"https:\/\/www.europesays.com\/es\/262763\/","title":{"rendered":"El M\u00e1laga se trae un punto de Valladolid (1-1)"},"content":{"rendered":"<p><a href=\"https:\/\/www.diariosur.es\/malagacf\/valladolid-descendido-primeradivision-nologra-carburar-20251128185458-nt.html\" target=\"_self\" title=\"Sobre el rival: el Real Valladolid\" rel=\"follow nofollow noopener\">Sobre el rival: el Real Valladolid<\/a><\/p>\n<p class=\"v-p \">\nEl Valladolid, un club hist\u00f3rico en el f\u00fatbol espa\u00f1ol, viene de protagonizar la segunda peor puntuaci\u00f3n de la historia de Primera Divisi\u00f3n, quedando \u00faltimo en la 2024-25 con tan s\u00f3lo 16 puntos (su \u00faltimo triunfo fue el 11 de enero, y a finales de abril ya estaba descendido matem\u00e1ticamente). El equipo tuvo tres entrenadores: Pezzolano, con el que logr\u00f3 ascender a Primera el curso anterior, Diego Cocca, que apenas dur\u00f3 dos meses, y por \u00faltimo \u00c1lvaro Rubio, que asumi\u00f3 el cargo desde el filial, y que no fue capaz de lograr ninguna victoria. Este curso en Segunda no termina de carburar cuando casi llega el invierno y es und\u00e9cimo con 20 puntos, apenas dos m\u00e1s que el M\u00e1laga.                                   <a href=\"https:\/\/www.diariosur.es\/malagacf\/valladolid-descendido-primeradivision-nologra-carburar-20251128185458-nt.html\" data-voc-vtm-id=\"in-text-traffic\" target=\"_blank\" rel=\"nofollow noopener\"><br \/>\nEl an\u00e1lisis del rival, aqu\u00ed.<\/a><\/p>\n<p><img decoding=\"async\" loading=\"lazy\" src=\"https:\/\/www.europesays.com\/es\/wp-content\/uploads\/2025\/11\/oncevalladolid (1)-Rw2P8EQxDXkqCnyRGfRp1xJ-1200x840@Diario Sur.jpeg\" class=\"voc-img\" alt=\"El M\u00e1laga se trae un punto de Valladolid (1-1)\" width=\"1200\" height=\"840\"\/><\/p>\n","protected":false},"excerpt":{"rendered":"Sobre el rival: el Real Valladolid El Valladolid, un club hist\u00f3rico en el f\u00fatbol espa\u00f1ol, viene de protagonizar&hellip;\n","protected":false},"author":2,"featured_media":262764,"comment_status":"","ping_status":"","sticky":false,"template":"","format":"standard","meta":{"footnotes":""},"categories":[268],"tags":[168,2125,25,24,280,282,3855,798,281,23,167,1607],"class_list":{"0":"post-262763","1":"post","2":"type-post","3":"status-publish","4":"format-standard","5":"has-post-thumbnail","7":"category-futbol","8":"tag-deportes","9":"tag-directo","10":"tag-es","11":"tag-espana","12":"tag-football","13":"tag-futbol","14":"tag-malaga","15":"tag-real","16":"tag-soccer","17":"tag-spain","18":"tag-sports","19":"tag-valladolid"},"share_on_mastodon":{"url":"https:\/\/pubeurope.com\/@es\/115635499190614708","error":""},"_links":{"self":[{"href":"https:\/\/www.europesays.com\/es\/wp-json\/wp\/v2\/posts\/262763","targetHints":{"allow":["GET"]}}],"collection":[{"href":"https:\/\/www.europesays.com\/es\/wp-json\/wp\/v2\/posts"}],"about":[{"href":"https:\/\/www.europesays.com\/es\/wp-json\/wp\/v2\/types\/post"}],"author":[{"embeddable":true,"href":"https:\/\/www.europesays.com\/es\/wp-json\/wp\/v2\/users\/2"}],"replies":[{"embeddable":true,"href":"https:\/\/www.europesays.com\/es\/wp-json\/wp\/v2\/comments?post=262763"}],"version-history":[{"count":0,"href":"https:\/\/www.europesays.com\/es\/wp-json\/wp\/v2\/posts\/262763\/revisions"}],"wp:featuredmedia":[{"embeddable":true,"href":"https:\/\/www.europesays.com\/es\/wp-json\/wp\/v2\/media\/262764"}],"wp:attachment":[{"href":"https:\/\/www.europesays.com\/es\/wp-json\/wp\/v2\/media?parent=262763"}],"wp:term":[{"taxonomy":"category","embeddable":true,"href":"https:\/\/www.europesays.com\/es\/wp-json\/wp\/v2\/categories?post=262763"},{"taxonomy":"post_tag","embeddable":true,"href":"https:\/\/www.europesays.com\/es\/wp-json\/wp\/v2\/tags?post=262763"}],"curies":[{"name":"wp","href":"https:\/\/api.w.org\/{rel}","templated":true}]}}