{"id":262767,"date":"2025-11-29T23:10:11","date_gmt":"2025-11-29T23:10:11","guid":{"rendered":"https:\/\/www.europesays.com\/es\/262767\/"},"modified":"2025-11-29T23:10:11","modified_gmt":"2025-11-29T23:10:11","slug":"bailando-con-las-estrellas-el-ultimo-proyecto-de-jesus-vazquez-ante-su-posible-adios-a-mediaset-23-anos-despues","status":"publish","type":"post","link":"https:\/\/www.europesays.com\/es\/262767\/","title":{"rendered":"&#8216;Bailando con las estrellas&#8217;, el \u00faltimo proyecto de Jes\u00fas V\u00e1zquez ante su posible adi\u00f3s a Mediaset 23 a\u00f1os despu\u00e9s"},"content":{"rendered":"<p>Este s\u00e1bado 29 de noviembre podr\u00eda pasar a la historia de la televisi\u00f3n. Y es que con la <a href=\"https:\/\/eltelevisero.huffingtonpost.es\/2025\/11\/encuesta-quien-quieres-que-sea-el-ganador-de-bailando-con-las-estrellas-anabel-jorge-nerea-o-nona\/\" data-type=\"link\" data-id=\"https:\/\/eltelevisero.huffingtonpost.es\/2025\/11\/encuesta-quien-quieres-que-sea-el-ganador-de-bailando-con-las-estrellas-anabel-jorge-nerea-o-nona\/\" rel=\"nofollow noopener\" target=\"_blank\">final de &#8216;Bailando con las estrellas 2025&#8217; <\/a>podr\u00eda llegar el final de la relaci\u00f3n de Jes\u00fas V\u00e1zquez con Mediaset tras 23 a\u00f1os de forma ininterrumpida.<\/p>\n<p>Hay que recordar que en los \u00faltimos meses, Jes\u00fas V\u00e1zquez ha dejado caer en varias entrevistas su intenci\u00f3n de empezar a valorar qu\u00e9 hacer con su carrera pues el contrato que tiene con Mediaset concluye ahora.<\/p>\n<p>\u00abEstoy en un momento profesional en el que <strong>quiero ser due\u00f1o de mi tiempo y ser libre<\/strong>. Entonces, seguramente, despu\u00e9s de este programa tomar\u00e9 ese camino\u00bb, reconoc\u00eda en el pasado FesTVal de Vitoria en una <a href=\"https:\/\/eltelevisero.huffingtonpost.es\/2025\/09\/exclusiva-jesus-vazquez-desliza-su-adios-a-telecinco-en-enero-soy-libre-y-empezare-a-pensar-lo-que-quiero\/\" rel=\"nofollow noopener\" target=\"_blank\">entrevista exclusiva en El Televisero.<\/a><\/p>\n<p>No obstante, aclar\u00f3 que si en Mediaset le ofrecieran alg\u00fan proyecto ilusionante lo valorar\u00eda. \u00abPor supuesto, siempre <strong>Mediaset es mi casa y si me ofrecen algo que sea acorde a lo que a m\u00ed me gusta hacer, lo har\u00e9, pero voy a estar libre despu\u00e9s de este programa\u00bb<\/strong>, confesaba. Aunque dej\u00f3 claro que \u00aba partir de enero empezar\u00e9 a pensarme bien lo que quiero y lo que no quiero hacer\u00bb.<\/p>\n<p>De esta manera, Jes\u00fas V\u00e1zquez quiere aprovechar la vida ahora que ha cumplido 60 a\u00f1os aunque sin ganas de jubilarse. \u00abNo, jubilarme no. De hecho, hay vida ah\u00ed fuera, hay vida y hay cosas y hay que ver qu\u00e9 hacemos, pero vamos, que despu\u00e9s de este programa soy libre\u00bb, a\u00f1ad\u00eda.<\/p>\n<p>Si &#8216;Bailando con las estrellas&#8217; supone el final de Jes\u00fas V\u00e1zquez en Telecinco, el grupo perder\u00eda a su rostro mas representativo pues form\u00f3 parte de los inicios de Telecinco gracias a &#8216;La quinta marcha&#8217; y &#8216;Hablando se entiende la basca&#8217;.<\/p>\n<p>Desde entonces, el gallego ha sido una de las estrellas de Mediaset presentando programas tan hist\u00f3ricos como &#8216;Gran Hermano VIP&#8217;, &#8216;Supervivientes&#8217;, &#8216;Hotel Glam&#8217;, &#8216;Operaci\u00f3n  Triunfo&#8217;, &#8216;La Voz&#8217;, &#8216;\u00a1All\u00e1 t\u00fa!&#8217; o &#8216;Factor X, entre muchos otros. Incluso&#8217; Pek\u00edn Express&#8217; en Cuatro o jurado de &#8216;Got Talent&#8217; en su primera temporada. Es por ello por lo que ser\u00eda una mala noticia para el grupo su p\u00e9rdida y m\u00e1s ahora que atraviesa la mayor crisis de su historia. <\/p>\n","protected":false},"excerpt":{"rendered":"Este s\u00e1bado 29 de noviembre podr\u00eda pasar a la historia de la televisi\u00f3n. Y es que con la&hellip;\n","protected":false},"author":2,"featured_media":262768,"comment_status":"","ping_status":"","sticky":false,"template":"","format":"standard","meta":{"footnotes":""},"categories":[171],"tags":[146,147,25,24,23,214],"class_list":{"0":"post-262767","1":"post","2":"type-post","3":"status-publish","4":"format-standard","5":"has-post-thumbnail","7":"category-tv","8":"tag-entertainment","9":"tag-entretenimiento","10":"tag-es","11":"tag-espana","12":"tag-spain","13":"tag-tv"},"share_on_mastodon":{"url":"https:\/\/pubeurope.com\/@es\/115635514434663578","error":""},"_links":{"self":[{"href":"https:\/\/www.europesays.com\/es\/wp-json\/wp\/v2\/posts\/262767","targetHints":{"allow":["GET"]}}],"collection":[{"href":"https:\/\/www.europesays.com\/es\/wp-json\/wp\/v2\/posts"}],"about":[{"href":"https:\/\/www.europesays.com\/es\/wp-json\/wp\/v2\/types\/post"}],"author":[{"embeddable":true,"href":"https:\/\/www.europesays.com\/es\/wp-json\/wp\/v2\/users\/2"}],"replies":[{"embeddable":true,"href":"https:\/\/www.europesays.com\/es\/wp-json\/wp\/v2\/comments?post=262767"}],"version-history":[{"count":0,"href":"https:\/\/www.europesays.com\/es\/wp-json\/wp\/v2\/posts\/262767\/revisions"}],"wp:featuredmedia":[{"embeddable":true,"href":"https:\/\/www.europesays.com\/es\/wp-json\/wp\/v2\/media\/262768"}],"wp:attachment":[{"href":"https:\/\/www.europesays.com\/es\/wp-json\/wp\/v2\/media?parent=262767"}],"wp:term":[{"taxonomy":"category","embeddable":true,"href":"https:\/\/www.europesays.com\/es\/wp-json\/wp\/v2\/categories?post=262767"},{"taxonomy":"post_tag","embeddable":true,"href":"https:\/\/www.europesays.com\/es\/wp-json\/wp\/v2\/tags?post=262767"}],"curies":[{"name":"wp","href":"https:\/\/api.w.org\/{rel}","templated":true}]}}