{"id":262769,"date":"2025-11-29T23:12:24","date_gmt":"2025-11-29T23:12:24","guid":{"rendered":"https:\/\/www.europesays.com\/es\/262769\/"},"modified":"2025-11-29T23:12:24","modified_gmt":"2025-11-29T23:12:24","slug":"doble-estreno-en-el-cine-juventud-para-este-fin-de-semana-la-bala-y-nuremberg-salamancartv-al-dia","status":"publish","type":"post","link":"https:\/\/www.europesays.com\/es\/262769\/","title":{"rendered":"Doble estreno en el Cine Juventud para este fin de semana, La Bala y Nuremberg &#8211; SALAMANCArtv AL D\u00cdA"},"content":{"rendered":"<p class=\"prip\">Tras el \u00e9xito de entradas vendidas con la pel\u00edcula <strong>La Bala<\/strong>, escrita, dirigida y protagonizada por <strong>Carlos Iglesias<\/strong>, desde la direcci\u00f3n del cine destacar que la semana pasada el Cine Juventud fue <strong>l\u00edder de taquilla y espectadores con esta pel\u00edcula en toda Espa\u00f1a<\/strong>.<\/p>\n<p>Este fin de semana del s\u00e1bado <strong>29 de noviembre al 1 de diciembre dos estrenos<\/strong>. Nuevos pases de <strong>LA BALA<\/strong> y, una de las favoritas para todos los premios, <strong>N\u00daREMBERG.<\/strong><\/p>\n<p>Recordar tambi\u00e9n que todos los domingos los mayores de 65 a\u00f1os podr\u00e1n venir al cine por tan solo 2\u20ac. a la vez que los aficionados al cine tienen una cita ineludible este <strong>viernes, 28 de noviembre<\/strong>, en Ciudad Rodrigo. El Cine Juventud acoger\u00e1 la proyecci\u00f3n de los cortometrajes que resultaron premiados en la reciente 14\u00aa edici\u00f3n del Festival Internacional de Cine FICCION, ofreciendo una oportunidad \u00fanica para disfrutar de las mejores obras del certamen.<\/p>\n<p><strong>La sesi\u00f3n dar\u00e1 comienzo a las 20:30 h<\/strong> y, para facilitar el acceso a la cultura, la entrada ser\u00e1 completamente gratuita hasta completar el aforo. Esta iniciativa permite al p\u00fablico mirobrigense y a los visitantes conocer de primera mano los trabajos que han sido reconocidos por su calidad y originalidad en diversas categor\u00edas.<\/p>\n<p>Adem\u00e1s de esta muestra de cortometrajes, el festival tambi\u00e9n ha programado la exhibici\u00f3n del largometraje &#8216;Te proteger\u00e1n mis alas&#8217;, de Antonio Cuadri, que obtuvo dos galardones. Esta pel\u00edcula se podr\u00e1 ver en una sesi\u00f3n independiente el <strong>pr\u00f3ximo jueves, 4 de diciembre, a las 17:00 h<\/strong>, tambi\u00e9n en el Cine Juventud.<\/p>\n<p>Horarios:<br \/>\nLA BALA<\/p>\n<p>S\u00c1BADO 27 DE NOVIEMBRE <strong>17:30<\/strong><\/p>\n<p>DOMINGO 28 DE NOVIEMBRE <strong>17:30 <\/strong><\/p>\n<p><strong>SINOPSIS<\/strong><\/p>\n<p>Juli\u00e1n, un sacerdote de una familia acomodada de provincias, cumple la promesa hecha a su madre: recuperar el cuerpo de su t\u00eda, una enfermera de la Divisi\u00f3n Azul que falleci\u00f3 en la Uni\u00f3n Sovi\u00e9tica durante la Segunda Guerra Mundial. Las investigaciones sobre la causa de su muerte, ocurrida hace ochenta a\u00f1os, sacudir\u00e1n todas sus certezas. Esta historia est\u00e1 inspirada en la vida real de dos hermanos de Toledo, Fernando y Miguel \u00c1ngel Garrido Polonio, quienes prometieron a su abuela traer a Espa\u00f1a los restos de su hijo, un voluntario de la Divisi\u00f3n Azul que muri\u00f3 en Rusia durante la Segunda Guerra Mundial. Sin embargo, fueron m\u00e1s all\u00e1 y, tras lograr su objetivo en 1998, fundaron una asociaci\u00f3n que ayuda a repatriar los cuerpos de todos los soldados espa\u00f1oles que a\u00fan est\u00e1n enterrados en Rusia.<\/p>\n<p>NO RECOMENDADA PARA MENORES DE 12 A\u00d1OS.<\/p>\n<p><img loading=\"lazy\" decoding=\"async\" class=\"tinymceimage\"   width=\"365\" height=\"530\" src=\"https:\/\/www.europesays.com\/es\/wp-content\/uploads\/2025\/11\/la-bala-365x530.jpg\" alt=\"Doble estreno en el Cine Juventud para este fin de semana, La Bala y Nuremberg | Imagen 1\"\/><\/p>\n<p><strong>N\u00daREMBERG<\/strong><\/p>\n<p>S\u00c1BADO 29 DE NOVIEMBRE 20:00<\/p>\n<p>DOMINGO 30 DE NOVIEMBRE 20:00<\/p>\n<p>LUNES 1 DE DICIEMBRE 20:30<\/p>\n<p><strong>SINOPSIS<\/strong><\/p>\n<p>Tras la Segunda Guerra Mundial, durante los hist\u00f3ricos juicios de Nuremberg, el psiquiatra estadounidense Douglas Kelley tiene la tarea de evaluar la salud mental de los prisioneros nazis para determinar si son aptos para ser juzgados por cr\u00edmenes de guerra. En medio de esta responsabilidad, Kelley se enfrenta a Hermann G\u00f6ring, mano derecha de Hitler, en una intensa batalla de ingenio y manipulaci\u00f3n. Mientras G\u00f6ring intenta mantener su poder, Kelley debe navegar entre la verdad, la justicia y la psicolog\u00eda de uno de los l\u00edderes m\u00e1s peligrosos del Tercer Reich.<\/p>\n<p>NO RECOMENDADA PARA MENORES DE 16 A\u00d1OS.<\/p>\n<p><img loading=\"lazy\" decoding=\"async\" class=\"tinymceimage\"   width=\"365\" height=\"530\" src=\"https:\/\/www.europesays.com\/es\/wp-content\/uploads\/2025\/11\/nuremberg_106845-365x530.jpg\" alt=\"Doble estreno en el Cine Juventud para este fin de semana, La Bala y Nuremberg | Imagen 2\"\/><\/p>\n","protected":false},"excerpt":{"rendered":"Tras el \u00e9xito de entradas vendidas con la pel\u00edcula La Bala, escrita, dirigida y protagonizada por Carlos Iglesias,&hellip;\n","protected":false},"author":2,"featured_media":262770,"comment_status":"","ping_status":"","sticky":false,"template":"","format":"standard","meta":{"footnotes":""},"categories":[169],"tags":[177,209,1819,1639,146,147,25,24,176,175,10,4069,3614,23],"class_list":{"0":"post-262769","1":"post","2":"type-post","3":"status-publish","4":"format-standard","5":"has-post-thumbnail","7":"category-cine","8":"tag-cine","9":"tag-cultura","10":"tag-diario","11":"tag-digital","12":"tag-entertainment","13":"tag-entretenimiento","14":"tag-es","15":"tag-espana","16":"tag-film","17":"tag-movies","18":"tag-noticias","19":"tag-periodico","20":"tag-salamanca","21":"tag-spain"},"share_on_mastodon":{"url":"https:\/\/pubeurope.com\/@es\/115635522995179425","error":""},"_links":{"self":[{"href":"https:\/\/www.europesays.com\/es\/wp-json\/wp\/v2\/posts\/262769","targetHints":{"allow":["GET"]}}],"collection":[{"href":"https:\/\/www.europesays.com\/es\/wp-json\/wp\/v2\/posts"}],"about":[{"href":"https:\/\/www.europesays.com\/es\/wp-json\/wp\/v2\/types\/post"}],"author":[{"embeddable":true,"href":"https:\/\/www.europesays.com\/es\/wp-json\/wp\/v2\/users\/2"}],"replies":[{"embeddable":true,"href":"https:\/\/www.europesays.com\/es\/wp-json\/wp\/v2\/comments?post=262769"}],"version-history":[{"count":0,"href":"https:\/\/www.europesays.com\/es\/wp-json\/wp\/v2\/posts\/262769\/revisions"}],"wp:featuredmedia":[{"embeddable":true,"href":"https:\/\/www.europesays.com\/es\/wp-json\/wp\/v2\/media\/262770"}],"wp:attachment":[{"href":"https:\/\/www.europesays.com\/es\/wp-json\/wp\/v2\/media?parent=262769"}],"wp:term":[{"taxonomy":"category","embeddable":true,"href":"https:\/\/www.europesays.com\/es\/wp-json\/wp\/v2\/categories?post=262769"},{"taxonomy":"post_tag","embeddable":true,"href":"https:\/\/www.europesays.com\/es\/wp-json\/wp\/v2\/tags?post=262769"}],"curies":[{"name":"wp","href":"https:\/\/api.w.org\/{rel}","templated":true}]}}