{"id":262771,"date":"2025-11-29T23:13:11","date_gmt":"2025-11-29T23:13:11","guid":{"rendered":"https:\/\/www.europesays.com\/es\/262771\/"},"modified":"2025-11-29T23:13:11","modified_gmt":"2025-11-29T23:13:11","slug":"palmeiras-flamengo-la-final-de-la-copa-libertadores-2025-en-vivo-el-pais","status":"publish","type":"post","link":"https:\/\/www.europesays.com\/es\/262771\/","title":{"rendered":"Palmeiras &#8211; Flamengo: la final de la Copa Libertadores 2025, en vivo | &#8211; EL PA\u00cdS"},"content":{"rendered":"<ol>\n<li><a href=\"https:\/\/news.google.com\/rss\/articles\/CBMirwFBVV95cUxQOHl4eTc2b09zU2dYYTdCRUkwbURvb2EyWktlQjNXTHBtakVLS3g0eUJMX2NDNUpIVGN4aEh3NklPTDhwRlJTMzI1N3Q3TlQtM3lSRkUzWWtzanRtMjBIclpnclY2MlhPcndNU1Y0OEZaeXN4OVZxQXFlWkdCekRwdXVHSmFnZnVjWld4SVJsS2JpX18zUDM2VS1JUzM5WkpkQlUwLXZwckVzRTdteno00gHDAUFVX3lxTE05ZmVOZ3pCMk1PMU1aaWdrUHlidTBBM0F2SDRPakVIUURQRDFGTkJET2dpbzM0X2N1bW93TXRoUzQ0akU3c0xveXJTczRjeXl6UWQ1OGRidGVnS0VfVjFtMUh4Y1hpajZYYjdEN3hRamNqME8xdXVJRXlhR1hlM1F4M1A5eXkwT0J6RUx5V0xmaHFVSWhDQWJEYU51ckl6d25NTHdJMmVsZ3d4NVdWcS16R2JIQ0kyMzFSbm91ZDNFNENNNA?oc=5\" target=\"_blank\" rel=\"nofollow noopener\">Palmeiras &#8211; Flamengo: la final de la Copa Libertadores 2025, en vivo |<\/a>&nbsp;&nbsp;EL PA\u00cdS<\/li>\n<li><a href=\"https:\/\/news.google.com\/rss\/articles\/CBMi0gFBVV95cUxPaHJRNENyZDh3M0RHZlphcUt4MmI1OGxvdWE1ekZFcWNkNThnVGw4Q1dhVGNwS2VzVTVUcFQtNlpYRDZGU1NseF8wZWpyR25qVjBYMEI4OGktQjl5Q29NUlJkWXFibEdXOVg5X1lFc285eVRpQzMwMDB0MHV5QVhjYUMzeU94aVdMUGJ3blhoZjdFV09oRWJWeGdBREdFcTdaNG9Ya0lDOW9xM2xRT0JCWDFZTVlUWkxNcWxUNXRLV1RmRHlwaHlVMERSTU5HM3gzSEHSAeYBQVVfeXFMT294VmliY3M3WVVyaXVuYlZkdzZuUDlKWU0zNmp6QWljSkloWkdWWk1OOEtHbXJhT2lWc3gtWFVEbVRzSjlzWnJaajhvVDEtdVZSNXZMSWlxaDdQUFJkZUMwUnJNX2otMHMwLWx3UnNBRGVoOXNzRXNKTGh5UlBzN1JNZk55QmR1RkU5djU3Mldnc0x0SEVBSExTblF2N0owSkRTc1dKVm5PWTJCV3pkVUVicDliZlM0ZjlZdURBSnhZU2JmQ0xtRjZpMVkyQ0NMbWc3aEcwVzdxeGZuamp4N0h5YkFJTEE?oc=5\" target=\"_blank\" rel=\"nofollow noopener\">Palmeiras &#8211; Flamengo, en vivo: \u00faltima hora de la final de la Copa Libertadores, hoy en directo<\/a>&nbsp;&nbsp;Diario AS<\/li>\n<li><a href=\"https:\/\/news.google.com\/rss\/articles\/CBMiwwFBVV95cUxPZlAtUjU1T3RGdUNOdUxiN1VBS0F1cURtdmxXTWRZOVlXRk9wY1JGalBDUUF4dGpnYWZmeVBBZW01aTJBbkxUYzF2VjFxekpPY3pGelVWZDJwcm1mcUotSVdmWDB3UFFQcU9kWm85RXhGSDRScXFpSVozcjc4NmZmRW5zYVlLNjZGV21rLWtub2ZYSlA0UFVwTVhKeTlsMjh5YTlIY1N1dmJnbjdHWWNrcWxiSjFMQnhvdWNyMjhTd2NMSU0?oc=5\" target=\"_blank\" rel=\"nofollow noopener\">Argentinos, colombianos, ecuatorianos y mexicanos se suman a la final brasile\u00f1a en Lima<\/a>&nbsp;&nbsp;ABC<\/li>\n<li><a href=\"https:\/\/news.google.com\/rss\/articles\/CBMiuwFBVV95cUxNMXhFTVBodkJBTDFLN0h3WkpfSFBta3VOZXNWYVdYd1pFcXBZX3hNbzJlU2w5QVpVcDl5WjIzam9JY0pKU05KcEctOTNFNWpqYTg5dlVRZVFTSjFPTEFyZkp4MjhIU1VMOWlmdHR5cEc3U2pWc0E0X1ZBdHJxMktsSmM5dnYtYnZ1LW5SMWJ6S0ZXV3dRaWYtWklkN0VLWVF0RDgzNmQ0T0xGejJpZXllYzQ4ZTlMWTFTQzdr0gG7AUFVX3lxTE1fZUFOT3VGc25BUDVaOFZJRW9wWXdPdE51M2tDc1dvNjN4UDI0Ny1HMlpHbGhJX1VUMEFFTFotbXh6TUxzbVFEUVp1c0NaRFp2WFhxcXMwUVAzdkVPYkpyUmhidkV4WkpaWEpEMUZCSUxUTXdmN0ZPaEVOa25lR2tFM0V6Tno5WWpWbGZyZ1Y3Z0doN2tRRERWREtWU1BxSW03bnd1NWpST0lJZ0p3WGpWbTlFTmM2VGVGZ1U?oc=5\" target=\"_blank\" rel=\"nofollow noopener\">Palmeiras &#8211; Flamengo en directo | \u00daltima hora de la final de la Copa Libertadores<\/a>&nbsp;&nbsp;MARCA<\/li>\n<li><a href=\"https:\/\/news.google.com\/rss\/articles\/CBMioAFBVV95cUxOTzRCdzNRQzRXUy1QNU5idTZEdEd5WWtaOXVTTmtESWFJRENQbHdJSjAwcUlaRS1CMmZCOHJ3bXFDYjBfa2JZN2F2V3JfNnNlYTJYcUlGWnllQ3FORWlHZlhMR0hNN3RLWDBUUTBvczFUOU9fRzNlQmlLUEZZQzlXY05aemhSS1JOdWUzUF8xN01XSXZwb0lseDFJeHBuelJf?oc=5\" target=\"_blank\" rel=\"nofollow noopener\">Copa Libertadores: \u00bfpor qu\u00e9 la alegr\u00eda es solo brasile\u00f1a?<\/a>&nbsp;&nbsp;CNN en Espa\u00f1ol<\/li>\n<\/ol>\n","protected":false},"excerpt":{"rendered":"Palmeiras &#8211; Flamengo: la final de la Copa Libertadores 2025, en vivo |&nbsp;&nbsp;EL PA\u00cdS Palmeiras &#8211; Flamengo, en&hellip;\n","protected":false},"author":2,"featured_media":262772,"comment_status":"","ping_status":"","sticky":false,"template":"","format":"standard","meta":{"footnotes":""},"categories":[93],"tags":[889,3216,43611,168,927,25,24,282,1538,1804,994,705,23,167],"class_list":{"0":"post-262771","1":"post","2":"type-post","3":"status-publish","4":"format-standard","5":"has-post-thumbnail","7":"category-deportes","8":"tag-america","9":"tag-brasil","10":"tag-copa-libertadores","11":"tag-deportes","12":"tag-deportistas","13":"tag-es","14":"tag-espana","15":"tag-futbol","16":"tag-futbolistas","17":"tag-latinoamerica","18":"tag-lima","19":"tag-peru","20":"tag-spain","21":"tag-sports"},"share_on_mastodon":{"url":"https:\/\/pubeurope.com\/@es\/115635526251414010","error":""},"_links":{"self":[{"href":"https:\/\/www.europesays.com\/es\/wp-json\/wp\/v2\/posts\/262771","targetHints":{"allow":["GET"]}}],"collection":[{"href":"https:\/\/www.europesays.com\/es\/wp-json\/wp\/v2\/posts"}],"about":[{"href":"https:\/\/www.europesays.com\/es\/wp-json\/wp\/v2\/types\/post"}],"author":[{"embeddable":true,"href":"https:\/\/www.europesays.com\/es\/wp-json\/wp\/v2\/users\/2"}],"replies":[{"embeddable":true,"href":"https:\/\/www.europesays.com\/es\/wp-json\/wp\/v2\/comments?post=262771"}],"version-history":[{"count":0,"href":"https:\/\/www.europesays.com\/es\/wp-json\/wp\/v2\/posts\/262771\/revisions"}],"wp:featuredmedia":[{"embeddable":true,"href":"https:\/\/www.europesays.com\/es\/wp-json\/wp\/v2\/media\/262772"}],"wp:attachment":[{"href":"https:\/\/www.europesays.com\/es\/wp-json\/wp\/v2\/media?parent=262771"}],"wp:term":[{"taxonomy":"category","embeddable":true,"href":"https:\/\/www.europesays.com\/es\/wp-json\/wp\/v2\/categories?post=262771"},{"taxonomy":"post_tag","embeddable":true,"href":"https:\/\/www.europesays.com\/es\/wp-json\/wp\/v2\/tags?post=262771"}],"curies":[{"name":"wp","href":"https:\/\/api.w.org\/{rel}","templated":true}]}}