{"id":262773,"date":"2025-11-29T23:15:29","date_gmt":"2025-11-29T23:15:29","guid":{"rendered":"https:\/\/www.europesays.com\/es\/262773\/"},"modified":"2025-11-29T23:15:29","modified_gmt":"2025-11-29T23:15:29","slug":"ana-rosa-celebra-la-fiesta-navidena-de-su-productora-y-se-convierte-en-un-desfile-de-estrellas-como-nunca","status":"publish","type":"post","link":"https:\/\/www.europesays.com\/es\/262773\/","title":{"rendered":"Ana Rosa celebra la fiesta navide\u00f1a de su productora y se convierte en un desfile de estrellas como nunca"},"content":{"rendered":"<p id=\"eRxpZTbLjy\" data-wc=\"116\">Dicen que algunas fiestas de empresa las carga el diablo, y si no que se lo digan a la productora Unicorn Content por <a class=\"hm-link ho-link\" href=\"https:\/\/www.hola.com\/actualidad\/20221129221876\/ana-rosa-quintana-alba-carrillo-jorge-perez-videos\/\" data-mrf-recirculation=\"article-body-link\" rel=\"nofollow noopener\" target=\"_blank\">lo que pas\u00f3 en 2022<\/a>. Entonces, como ahora, est\u00e1bamos a las puertas de la Navidad y la compa\u00f1\u00eda audiovisual de Ana Rosa Quintana y su socia Xelo Montesinos organizaba la tradicional velada para sus empleados. Lo que nadie pod\u00eda imaginar es que, aquella noche, ocurriese algo que se convertir\u00eda en una de las noticias de la cr\u00f3nica social m\u00e1s comentadas del a\u00f1o. Fue el sonado &#8216;affaire&#8217; de sus colaboradores Alba Carrillo y Jorge P\u00e9rez, lo que despu\u00e9s <a class=\"hm-link ho-link\" href=\"https:\/\/www.hola.com\/actualidad\/20221201222087\/alba-carrillo-desmiente-jorge-perez-video-juntos\/\" data-mrf-recirculation=\"article-body-link\" rel=\"nofollow noopener\" target=\"_blank\">se fue haciendo una tremenda bola de nieve<\/a> que termin\u00f3 como el rosario de la aurora.<\/p>\n<p> <img src=\"https:\/\/www.europesays.com\/es\/wp-content\/uploads\/2025\/11\/2ee06a480142-de19.jpg\"   width=\"682\" height=\"1024\" loading=\"lazy\" decoding=\"async\" alt=\"Ana Rosa Quintana, en la fiesta de su productora\" fetchpriority=\"auto\" class=\"image ho-image\"\/>\u00a9 GTRESAna Rosa Quintana, en la fiesta de su productora<\/p>\n<p> <img src=\"https:\/\/www.europesays.com\/es\/wp-content\/uploads\/2025\/11\/91f66a848a78-de12.jpg\"   width=\"1024\" height=\"682\" loading=\"lazy\" decoding=\"async\" alt=\"Joaqu\u00edn Prat\" fetchpriority=\"auto\" class=\"image ho-image\"\/>\u00a9 GTRESJoaqu\u00edn Prat<\/p>\n<p> <img src=\"https:\/\/www.europesays.com\/es\/wp-content\/uploads\/2025\/11\/effe59f089e7-de6.jpg\"   width=\"1024\" height=\"682\" loading=\"lazy\" decoding=\"async\" alt=\"Emma Garcia\" fetchpriority=\"auto\" class=\"image ho-image\"\/>\u00a9 GTRESEmma Garcia<\/p>\n<p> <img src=\"https:\/\/www.europesays.com\/es\/wp-content\/uploads\/2025\/11\/4635c6490af5-de5.jpg\"   width=\"1024\" height=\"682\" loading=\"lazy\" decoding=\"async\" alt=\"Carlos Latre\" fetchpriority=\"auto\" class=\"image ho-image\"\/>\u00a9 GTRESCarlos Latre<\/p>\n<p> <img src=\"https:\/\/www.europesays.com\/es\/wp-content\/uploads\/2025\/11\/39303b05f165-de3.jpg\"   width=\"1024\" height=\"682\" loading=\"lazy\" decoding=\"async\" alt=\"Patricia Pardo\" fetchpriority=\"auto\" class=\"image ho-image\"\/>\u00a9 GTRESPatricia Pardo<\/p>\n<p id=\"eGpzTpDmhg\" data-wc=\"121\">En este 2025, la cita anual prenavide\u00f1a parece haber transcurrido algo m\u00e1s tranquila para la veterana periodista y su extens\u00edsimo equipo, aunque nunca se sabe si en los pr\u00f3ximos d\u00edas saldr\u00e1 algo a la luz que merezca la pena ser contado. M\u00e1s all\u00e1 de esto, lo que es seguro es que su fiesta del viernes por la noche se ha convertido en <strong>una de las m\u00e1s concurridas que se recuerdan, por lo menos en lo que a estrellas televisivas<\/strong> se refiere. Algo que, l\u00f3gicamente, tiene que ver con los programas que Unicorn tiene en antena: El programa de AR, Fiesta, El tiempo justo,\u00a0La mirada cr\u00edtica y 120 minutos , todos en Mediaset salvo \u00e9l \u00faltimo, que se emite en Telemadrid.<\/p>\n<p> <img src=\"https:\/\/www.europesays.com\/es\/wp-content\/uploads\/2025\/11\/18c8ad128615-de17.jpg\"   width=\"1024\" height=\"682\" loading=\"lazy\" decoding=\"async\" alt=\"Mar\u00eda Rey\" fetchpriority=\"auto\" class=\"image ho-image\"\/>\u00a9 GTRESMar\u00eda Rey<\/p>\n<p> <img src=\"https:\/\/www.europesays.com\/es\/wp-content\/uploads\/2025\/11\/238288160b17-de7.jpg\"   width=\"1024\" height=\"682\" loading=\"lazy\" decoding=\"async\" alt=\"Carmen Borrego\" fetchpriority=\"auto\" class=\"image ho-image\"\/>\u00a9 GTRESCarmen Borrego<\/p>\n<p> <img src=\"https:\/\/www.europesays.com\/es\/wp-content\/uploads\/2025\/11\/57f3a61ddfb9-de.jpg\"   width=\"682\" height=\"1024\" loading=\"lazy\" decoding=\"async\" alt=\"Cristina T\u00e1rrega y el 'Mami' Quevedo\" fetchpriority=\"auto\" class=\"image ho-image\"\/>\u00a9 GTRESCristina T\u00e1rrega y el &#8216;Mami&#8217; Quevedo<\/p>\n<p> <img src=\"https:\/\/www.europesays.com\/es\/wp-content\/uploads\/2025\/11\/8118ef76743d-de1.jpg\"   width=\"1024\" height=\"682\" loading=\"lazy\" decoding=\"async\" alt=\"Nieves Herrero\" fetchpriority=\"auto\" class=\"image ho-image\"\/>\u00a9 GTRESNieves Herrero<\/p>\n<p> <img src=\"https:\/\/www.europesays.com\/es\/wp-content\/uploads\/2025\/11\/f57ef31e5eec-de8.jpg\"   width=\"1024\" height=\"682\" loading=\"lazy\" decoding=\"async\" alt=\"Manu Marlasca\" fetchpriority=\"auto\" class=\"image ho-image\"\/>\u00a9 GTRESManu Marlasca<\/p>\n<p id=\"eheY7deTcG\" data-wc=\"80\">Entre los asistentes, ve\u00edamos a los hermanos Joaqu\u00edn y Alejandra Prat, a Emma Garc\u00eda, Carlos Latre, Patricia Pardo, Cristina T\u00e1rrega (acompa\u00f1ada por su esposo, Jos\u00e9 Mar\u00eda el &#8216;Mami&#8217; Quevedo), Nieves Herrero, Mar\u00eda Rey, Carmen Borrego, Manu Marlasca, Makoke, Raquel Bollo, Marisa Mart\u00edn Bl\u00e1zquez, Bel\u00e9n Rodr\u00edguez, Marta L\u00f3pez, Kike Calleja, Mayka Navarro, Alexia Rivas, Miguel Frigenti, C\u00e9sar Mu\u00f1oz, Mar\u00eda Ruiz, Adriana Dorronsoro, Pepe del Real, Amor Romeira, Leticia Requejo, Giovanna Gonz\u00e1lez, Omar Su\u00e1rez, Miguel \u00c1ngel Nicol\u00e1s, Diego Reinares o Kike Quintana.<\/p>\n<p> <img src=\"https:\/\/www.europesays.com\/es\/wp-content\/uploads\/2025\/11\/fa0d835a2912-de11.jpg\"   width=\"1024\" height=\"682\" loading=\"lazy\" decoding=\"async\" alt=\"Makoke\" fetchpriority=\"auto\" class=\"image ho-image\"\/>\u00a9 GTRESMakoke<\/p>\n<p> <img src=\"https:\/\/www.europesays.com\/es\/wp-content\/uploads\/2025\/11\/0c3e9e474255-de16.jpg\"   width=\"1024\" height=\"682\" loading=\"lazy\" decoding=\"async\" alt=\"Bel\u00e9n Rodr\u00edguez\" fetchpriority=\"auto\" class=\"image ho-image\"\/>\u00a9 GTRESBel\u00e9n Rodr\u00edguez<\/p>\n<p> <img src=\"https:\/\/www.europesays.com\/es\/wp-content\/uploads\/2025\/11\/c26b0e29298e-de2.jpg\"   width=\"682\" height=\"1024\" loading=\"lazy\" decoding=\"async\" alt=\"Marisa Mart\u00edn Bl\u00e1zquez\" fetchpriority=\"auto\" class=\"image ho-image\"\/>\u00a9 GTRESMarisa Mart\u00edn Bl\u00e1zquez<\/p>\n<p id=\"eXSbZ4WTBJ\" data-wc=\"132\">Se reun\u00edan todos ellos en la madrile\u00f1a sala Teatro El Principito, ubicada en pleno coraz\u00f3n de la capital junto a la Gran V\u00eda, en el n\u00famero 7 de la calle Cedaceros en el barrio de Las Cortes del distrito Centro. Antes de comenzar la misma, Ana Rosa atend\u00eda a la prensa, reconociendo que \u00abha sido un a\u00f1o duro, muy intenso de trabajo, de informaci\u00f3n, pero tambi\u00e9n es lo que queremos todos, \u00bfno? Que pasen cosas, aunque algunas \u00faltimamente no hayan sido muy buenas\u00bb. En este sentido, sobre la noticia que le gustar\u00eda dar antes de acabar el a\u00f1o, dec\u00eda que su deseo es que <strong>\u00abacab\u00e1ramos con la tensi\u00f3n que hay entre compa\u00f1eros, en el parlamento, en la vida social&#8230; ser\u00eda bueno que relajemos un poco todo esto y que haya un reencuentro\u00bb.<\/strong><\/p>\n<p> <img src=\"https:\/\/www.europesays.com\/es\/wp-content\/uploads\/2025\/11\/7e6e6a6f5d63-de18.jpg\"   width=\"1024\" height=\"682\" loading=\"lazy\" decoding=\"async\" alt=\"Mayka Navarro\" fetchpriority=\"auto\" class=\"image ho-image\"\/>\u00a9 GTRESMayka Navarro<\/p>\n<p> <img src=\"https:\/\/www.europesays.com\/es\/wp-content\/uploads\/2025\/11\/ec64d3958e17-de15.jpg\"   width=\"1024\" height=\"682\" loading=\"lazy\" decoding=\"async\" alt=\"Raquel Bollo, Marta L\u00f3pez, Alejandra Prat y Leticia Requejo\" fetchpriority=\"auto\" class=\"image ho-image\"\/>\u00a9 GTRESRaquel Bollo, Marta L\u00f3pez, Alejandra Prat y Leticia Requejo<\/p>\n<p> <img src=\"https:\/\/www.europesays.com\/es\/wp-content\/uploads\/2025\/11\/3cc8a196c95e-de9.jpg\"   width=\"1024\" height=\"682\" loading=\"lazy\" decoding=\"async\" alt=\"Miguel \u00c1ngel Nicol\u00e1s\" fetchpriority=\"auto\" class=\"image ho-image\"\/>\u00a9 GTRESMiguel \u00c1ngel Nicol\u00e1s<\/p>\n<p> <img src=\"https:\/\/www.europesays.com\/es\/wp-content\/uploads\/2025\/11\/1ea7d75178bb-de10.jpg\"   width=\"1024\" height=\"682\" loading=\"lazy\" decoding=\"async\" alt=\"Mar\u00eda Ruiz\" fetchpriority=\"auto\" class=\"image ho-image\"\/>\u00a9 GTRESMar\u00eda Ruiz<\/p>\n<p> <img src=\"https:\/\/www.europesays.com\/es\/wp-content\/uploads\/2025\/11\/456fefd85896-kike1.jpg\"   width=\"1024\" height=\"682\" loading=\"lazy\" decoding=\"async\" alt=\"C\u00e9sar Mu\u00f1oz\" fetchpriority=\"auto\" class=\"image ho-image\"\/>\u00a9 GTRESC\u00e9sar Mu\u00f1oz<\/p>\n<p id=\"eu0qJ-8WPL\" data-wc=\"103\">Joaqu\u00edn Prat, por su parte, era preguntado por sus <a class=\"hm-link ho-link\" href=\"https:\/\/www.hola.com\/actualidad\/20250910854658\/joaquin-prat-nos-descubre-que-se-casa-con-alexia-pla\/\" data-mrf-recirculation=\"article-body-link\" rel=\"nofollow noopener\" target=\"_blank\">planes de boda con\u00a0<\/a><a class=\"hm-link ho-link\" href=\"https:\/\/www.hola.com\/actualidad\/20250910854658\/joaquin-prat-nos-descubre-que-se-casa-con-alexia-pla\/\" data-mrf-recirculation=\"article-body-link\" rel=\"nofollow noopener\" target=\"_blank\">Alexia Pla<\/a>, y desvelaba un detalle muy importante. \u00abNo tengo fecha, tengo intenci\u00f3n, que es lo \u00fanico que tenemos los dos\u00bb, comenzaba diciendo: \u00abY cuando me den la nulidad, pues nos casaremos. Hasta entonces&#8230;\u00bb Es decir, que el presentador est\u00e1 esperando tener los documentos eclesi\u00e1sticos que den por zanjado su anterior matrimonio con su exmujer, para pasar por el altar con su actual pareja. \u00abLo tenemos claro. Los dos somos creyentes y nos queremos casar por la iglesia, y esto no lo hab\u00eda contado\u00bb, apostillaba al respecto con una sonrisa.<\/p>\n<p> <img src=\"https:\/\/www.europesays.com\/es\/wp-content\/uploads\/2025\/11\/f910a9833318-de14.jpg\"   width=\"1024\" height=\"682\" loading=\"lazy\" decoding=\"async\" alt=\"Adriana Doronsorro\" fetchpriority=\"auto\" class=\"image ho-image\"\/>\u00a9 GTRESAdriana Doronsorro<\/p>\n<p> <img src=\"https:\/\/www.europesays.com\/es\/wp-content\/uploads\/2025\/11\/5e5c04afa28e-de4.jpg\"   width=\"1024\" height=\"682\" loading=\"lazy\" decoding=\"async\" alt=\"Alexia Rivas y Miguel Frigenti\" fetchpriority=\"auto\" class=\"image ho-image\"\/>\u00a9 GTRESAlexia Rivas y Miguel Frigenti<\/p>\n<p> <img src=\"https:\/\/www.europesays.com\/es\/wp-content\/uploads\/2025\/11\/f1c96979c3be-amor.jpg\"   width=\"1024\" height=\"682\" loading=\"lazy\" decoding=\"async\" alt=\"Amor Romeira\" fetchpriority=\"auto\" class=\"image ho-image\"\/>\u00a9 GTRESAmor Romeira<\/p>\n<p> <img src=\"https:\/\/www.europesays.com\/es\/wp-content\/uploads\/2025\/11\/5f7d26ccb565-kike.jpg\"   width=\"1024\" height=\"682\" loading=\"lazy\" decoding=\"async\" alt=\"Kike Quintana\" fetchpriority=\"auto\" class=\"image ho-image\"\/>\u00a9 GTRESKike Quintana<\/p>\n<p> <img src=\"https:\/\/www.europesays.com\/es\/wp-content\/uploads\/2025\/11\/e04e5a6c9668-de13.jpg\"   width=\"1024\" height=\"682\" loading=\"lazy\" decoding=\"async\" alt=\"Pepe del Real\" fetchpriority=\"auto\" class=\"image ho-image\"\/>\u00a9 GTRESPepe del Real<\/p>\n","protected":false},"excerpt":{"rendered":"Dicen que algunas fiestas de empresa las carga el diablo, y si no que se lo digan a&hellip;\n","protected":false},"author":2,"featured_media":262774,"comment_status":"","ping_status":"","sticky":false,"template":"","format":"standard","meta":{"footnotes":""},"categories":[91],"tags":[517,880,6923,146,147,25,24,8494,23],"class_list":{"0":"post-262773","1":"post","2":"type-post","3":"status-publish","4":"format-standard","5":"has-post-thumbnail","7":"category-entretenimiento","8":"tag-actualidad","9":"tag-ana-rosa-quintana","10":"tag-emma-garcia","11":"tag-entertainment","12":"tag-entretenimiento","13":"tag-es","14":"tag-espana","15":"tag-joaquin-prat","16":"tag-spain"},"share_on_mastodon":{"url":"https:\/\/pubeurope.com\/@es\/115635535375653832","error":""},"_links":{"self":[{"href":"https:\/\/www.europesays.com\/es\/wp-json\/wp\/v2\/posts\/262773","targetHints":{"allow":["GET"]}}],"collection":[{"href":"https:\/\/www.europesays.com\/es\/wp-json\/wp\/v2\/posts"}],"about":[{"href":"https:\/\/www.europesays.com\/es\/wp-json\/wp\/v2\/types\/post"}],"author":[{"embeddable":true,"href":"https:\/\/www.europesays.com\/es\/wp-json\/wp\/v2\/users\/2"}],"replies":[{"embeddable":true,"href":"https:\/\/www.europesays.com\/es\/wp-json\/wp\/v2\/comments?post=262773"}],"version-history":[{"count":0,"href":"https:\/\/www.europesays.com\/es\/wp-json\/wp\/v2\/posts\/262773\/revisions"}],"wp:featuredmedia":[{"embeddable":true,"href":"https:\/\/www.europesays.com\/es\/wp-json\/wp\/v2\/media\/262774"}],"wp:attachment":[{"href":"https:\/\/www.europesays.com\/es\/wp-json\/wp\/v2\/media?parent=262773"}],"wp:term":[{"taxonomy":"category","embeddable":true,"href":"https:\/\/www.europesays.com\/es\/wp-json\/wp\/v2\/categories?post=262773"},{"taxonomy":"post_tag","embeddable":true,"href":"https:\/\/www.europesays.com\/es\/wp-json\/wp\/v2\/tags?post=262773"}],"curies":[{"name":"wp","href":"https:\/\/api.w.org\/{rel}","templated":true}]}}