{"id":262776,"date":"2025-11-29T23:18:10","date_gmt":"2025-11-29T23:18:10","guid":{"rendered":"https:\/\/www.europesays.com\/es\/262776\/"},"modified":"2025-11-29T23:18:10","modified_gmt":"2025-11-29T23:18:10","slug":"zelenski-fulmina-al-negociador-del-plan-de-paz-por-corrupcion","status":"publish","type":"post","link":"https:\/\/www.europesays.com\/es\/262776\/","title":{"rendered":"Zelenski fulmina al negociador del plan de paz por corrupci\u00f3n"},"content":{"rendered":"<p style=\"\"><a href=\"https:\/\/www.abc.es\/internacional\/zelenski-advierte-plan-paz-trump-pone-riesgo-20251121162440-nt.html\" target=\"_self\" data-voc-vtm-id=\"in-text-traffic\" title=\"El presidente de Ucrania\" rel=\"nofollow noopener\">El presidente de Ucrania<\/a> decidi\u00f3 actuar con celeridad para evitar da\u00f1os todav\u00eda mayores. Zelenski acept\u00f3 la salida del poder de su mano derecha mientras <a href=\"https:\/\/www.abc.es\/internacional\/ucrania-agradece-trump-imposicion-primeras-sanciones-mandato-20251023135801-nt.html\" target=\"_self\" data-voc-vtm-id=\"in-text-traffic\" title=\"Estados Unidos\" rel=\"nofollow noopener\">Estados Unidos<\/a> incrementa la presi\u00f3n para firmar una paz r\u00e1pida y problem\u00e1tica con Rusia. El l\u00edder ucraniano hizo p\u00fablica  &#8230; la dimisi\u00f3n de jefe de la oficina presidencial s\u00f3lo unas horas despu\u00e9s de que funcionarios anticorrupci\u00f3n se personasen en el domicilio particular de <a href=\"https:\/\/www.abc.es\/internacional\/agencias-anticorrupcion-ucrania-registran-oficinas-principal-asesor-20251128090956-nt.html\" target=\"_self\" data-voc-vtm-id=\"in-text-traffic\" title=\"Andrii Yermak\" rel=\"nofollow noopener\">Andrii Yermak<\/a>. \u00abAgradezco a Andrii que la postura ucraniana en la v\u00eda de las negociaciones siempre se haya presentado como corresponde. Pero quiero que no haya rumores ni especulaciones\u00bb, subray\u00f3 el mandatario. \u00abEn cuanto al nuevo jefe de la Oficina ma\u00f1ana tendr\u00e9 consultas con quienes podr\u00edan dirigir esta instituci\u00f3n\u00bb, agreg\u00f3 Zelenski. <\/p>\n<p class=\"voc-p\" style=\"\">Este terremoto pol\u00edtico en Ucrania se produce ante situaci\u00f3n muy complicada en el frente y a la espera de importantes reuniones con los representantes de Estados Unidos. En pocos d\u00edas est\u00e1 prevista la visita de una delegaci\u00f3n de Washington a Ucrania para avanzar en la propuesta de paz. Zelenski ya design\u00f3 al equipo que liderar\u00e1 el di\u00e1logo con los enviados de Donald Trump: el jefe del Estado Mayor, <strong>Andri Gnatov<\/strong>; el secretario del Consejo para la Seguridad Nacional, <strong>Rustem Umerov<\/strong>; representantes del Ministerio de Exteriores y miembros de la inteligencia del pa\u00eds. Hasta ahora, era Yermak el l\u00edder de la delegaci\u00f3n de Kiev.<\/p>\n<p class=\"voc-p\" style=\"\">El mandatario ucraniano, en su declaraci\u00f3n de este viernes, inst\u00f3 una vez m\u00e1s a la unidad nacional. Una cohesi\u00f3n que se ha visto resentida tras el <a href=\"https:\/\/www.abc.es\/internacional\/corrupcion-ucrania-mermo-inversion-proteccion-red-electrica-20251116044909-nt.html\" target=\"_self\" data-voc-vtm-id=\"in-text-traffic\" title=\"esc\u00e1ndalo de corrupci\u00f3n en el sector energ\u00e9tico\" rel=\"nofollow noopener\">esc\u00e1ndalo de corrupci\u00f3n en el sector energ\u00e9tico<\/a>. \u00abSi perdemos nuestra unidad, corremos el riesgo de perderlo todo: a nosotros mismos, a Ucrania y a nuestro futuro. Debemos permanecer unidos\u00bb, enfatiz\u00f3 el l\u00edder del pa\u00eds invadido.<\/p>\n<p class=\"voc-p\" style=\"\">El estallido de la trama de comisiones, sobornos y blanqueo de capital en el entorno de la empresa p\u00fablica de energ\u00eda nuclear acapar\u00f3 grandes titulares y levant\u00f3 feroces cr\u00edticas internas. Durante el curso de la investigaci\u00f3n de la operaci\u00f3n Midas, los agentes de la Agencia Nacional Anticorrupci\u00f3n (NABU) y la Fiscal\u00eda Anticorrupci\u00f3n (SAPO) se\u00f1alaron a ministros del Ejecutivo ucraniano y personas muy cercanas a Zelenski. Muchos dentro del pa\u00eds especulan que la renovada presi\u00f3n de la Casa Blanca sobre Ucrania estar\u00eda relacionada con la corrupci\u00f3n que salpica a las altas esferas del poder.<\/p>\n<p class=\"voc-p\" style=\"\">Este fraude coloc\u00f3 a l\u00edder ucraniano en una posici\u00f3n complicada en el interior del pa\u00eds, pero tambi\u00e9n en el exterior. Ucrania est\u00e1 tratando de convencer a los socios de la Uni\u00f3n Europa de utilizar los fondos rusos congelados para cubrir el d\u00e9ficit de financiaci\u00f3n que enfrenta el Estado en los pr\u00f3ximos dos a\u00f1os.<\/p>\n<p>\nAcumulaci\u00f3n de poder\n<\/p>\n<p class=\"voc-p\" style=\"\">Desde hace semanas no cesaban los rumores que apuntaban a una presunta implicaci\u00f3n de Yermak en la denominada operaci\u00f3n Midas. Tan s\u00f3lo cuatro d\u00edas antes de la renuncia, el medio \u2018Ukrainska Pravda\u2019, afirm\u00f3 que fuentes policiales habr\u00edan confirmado la vinculaci\u00f3n del principal asesor de Zelenski con la trama bajo el pseud\u00f3nimo de \u2018Ali Baba\u2019. De momento, no se han presentado oficialmente sospechas contra la mano derecha de Zelenski.<\/p>\n<p class=\"voc-title\">Yermak se hab\u00eda convertido en una figura controvertida, en especial para los interlocutores estadounidenses<\/p>\n<p class=\"voc-p\" style=\"\">La salida de principal asesor del presidente ucraniano se produce despu\u00e9s de<strong> varias peticiones p\u00fablicas de destituci\u00f3n dentro de las filas del partido gobernante y de la oposici\u00f3n<\/strong>. Andrii Yermak se hab\u00eda erigido como uno de los estamentos del poder pol\u00edtico en Ucrania. Una figura controvertida dentro y fuera del pa\u00eds, especialmente para los interlocutores estadounidenses, seg\u00fan publicaron varios medios meses atr\u00e1s. Las cr\u00edticas internas sobre la acumulaci\u00f3n del poder en su persona arreciaban desde el Parlamento y tambi\u00e9n se hab\u00eda convertido en una figura pol\u00edtica impopular para la mayor\u00eda de ucranianos. <\/p>\n<p class=\"voc-p\" style=\"\">La decisi\u00f3n de apartar a Yermak ha sido bien recibida en general, aunque algunos se\u00f1alan que deber\u00eda haberse realizado con antelaci\u00f3n. \u00abDurante meses hubo claras se\u00f1ales de que la opini\u00f3n p\u00fablica quer\u00eda la sustituci\u00f3n de Yermak. Podr\u00eda haberse hecho en un ambiente m\u00e1s tranquilo\u00bb, resumi\u00f3 el exoficial del Ej\u00e9rcito ucraniano y columnista Tatarigami en sus redes sociales. <\/p>\n<p class=\"voc-p\" style=\"\">La denominada operaci\u00f3n Midas es un presunto caso de corrupci\u00f3n que afecta a la empresa p\u00fablica de energ\u00eda at\u00f3mica Energoatom. Seg\u00fan las investigaciones, el antiguo socio en la productora Kvartal 95 y amigo personal de Zelenski, Timur Mindich, ser\u00eda el cabecilla de una trama cobro de comisiones y blanque\u00f3 de dinero por valor de cien millones de d\u00f3lares. Mindich huy\u00f3 del pa\u00eds horas antes de que se realizase una redada en su domicilio. <\/p>\n<p class=\"voc-p\" style=\"\">El jefe de Estado de Ucrania decidi\u00f3 entonces destituir al que fuera titular de la cartera de Energ\u00eda desde 2021 hasta julio de 2025, <a href=\"https:\/\/www.abc.es\/internacional\/gobierno-ucrania-suspende-ministro-justicia-medio-investigacion-20251112084429-nt.html\" target=\"_self\" data-voc-vtm-id=\"in-text-traffic\" title=\"Herman Galushchenko\" rel=\"nofollow noopener\">Herman Galushchenko<\/a>, y a su sucesora en el cargo. Las pesquisas se\u00f1alan tambi\u00e9n al antiguo ministro de Defensa, Rustem Umerov, interrogado la pasada semana por la NABU.<\/p>\n<p class=\"voc-p\" style=\"\">Las agencias anticorrupci\u00f3n de Ucrania han grabado hasta mil horas de conversaciones entre los presuntos implicados. Algunas se hicieron p\u00fablicas mientras las pesquisas contin\u00faan despu\u00e9s de quince meses. <\/p>\n<p class=\"voc-p\" style=\"\">La NABU y SAPO fueron puestas en tela de juicio el pasado mes de julio. Zelenski lleg\u00f3 a firmar una pol\u00e9mica ley que los pon\u00eda \u2018de facto\u2019 bajo control de Gobierno. La sociedad ucraniana protest\u00f3 por primera vez y durante varias jornadas en las calles contra esta decisi\u00f3n. Una medida que por primera vez recibi\u00f3 cr\u00edticas directas por parte de los aliados europeos. La Delegaci\u00f3n de la Uni\u00f3n Europea en Ucrania manifest\u00f3 entonces que la legislaci\u00f3n \u00abva en contra de la lucha de Ucrania contra la corrupci\u00f3n. El proyecto de ley debe ser abandonado\u00bb. El Ejecutivo tuvo que rectificar debido a la presi\u00f3n interna y externa.<\/p>\n","protected":false},"excerpt":{"rendered":"El presidente de Ucrania decidi\u00f3 actuar con celeridad para evitar da\u00f1os todav\u00eda mayores. Zelenski acept\u00f3 la salida del&hellip;\n","protected":false},"author":2,"featured_media":262777,"comment_status":"","ping_status":"","sticky":false,"template":"","format":"standard","meta":{"footnotes":""},"categories":[42],"tags":[65423,2314,4187,17,18,11723,13,14,15176,11,61,62,63,64,23392,19,20,9,10,15,16,12,575,21,22,65,66,67,2318],"class_list":{"0":"post-262776","1":"post","2":"type-post","3":"status-publish","4":"format-standard","5":"has-post-thumbnail","7":"category-internacional","8":"tag-allanamiento","9":"tag-anticorrupcion","10":"tag-anuncia","11":"tag-breaking-news","12":"tag-breakingnews","13":"tag-dimision","14":"tag-featured-news","15":"tag-featurednews","16":"tag-gabinete","17":"tag-headlines","18":"tag-internacional","19":"tag-international","20":"tag-international-news","21":"tag-internationalnews","22":"tag-jefe","23":"tag-latest-news","24":"tag-latestnews","25":"tag-news","26":"tag-noticias","27":"tag-noticias-destacadas","28":"tag-noticiasdestacadas","29":"tag-titulares","30":"tag-tras","31":"tag-ultimas-noticias","32":"tag-ultimasnoticias","33":"tag-world","34":"tag-world-news","35":"tag-worldnews","36":"tag-zelenski"},"share_on_mastodon":{"url":"https:\/\/pubeurope.com\/@es\/115635545963122395","error":""},"_links":{"self":[{"href":"https:\/\/www.europesays.com\/es\/wp-json\/wp\/v2\/posts\/262776","targetHints":{"allow":["GET"]}}],"collection":[{"href":"https:\/\/www.europesays.com\/es\/wp-json\/wp\/v2\/posts"}],"about":[{"href":"https:\/\/www.europesays.com\/es\/wp-json\/wp\/v2\/types\/post"}],"author":[{"embeddable":true,"href":"https:\/\/www.europesays.com\/es\/wp-json\/wp\/v2\/users\/2"}],"replies":[{"embeddable":true,"href":"https:\/\/www.europesays.com\/es\/wp-json\/wp\/v2\/comments?post=262776"}],"version-history":[{"count":0,"href":"https:\/\/www.europesays.com\/es\/wp-json\/wp\/v2\/posts\/262776\/revisions"}],"wp:featuredmedia":[{"embeddable":true,"href":"https:\/\/www.europesays.com\/es\/wp-json\/wp\/v2\/media\/262777"}],"wp:attachment":[{"href":"https:\/\/www.europesays.com\/es\/wp-json\/wp\/v2\/media?parent=262776"}],"wp:term":[{"taxonomy":"category","embeddable":true,"href":"https:\/\/www.europesays.com\/es\/wp-json\/wp\/v2\/categories?post=262776"},{"taxonomy":"post_tag","embeddable":true,"href":"https:\/\/www.europesays.com\/es\/wp-json\/wp\/v2\/tags?post=262776"}],"curies":[{"name":"wp","href":"https:\/\/api.w.org\/{rel}","templated":true}]}}