{"id":262778,"date":"2025-11-29T23:19:10","date_gmt":"2025-11-29T23:19:10","guid":{"rendered":"https:\/\/www.europesays.com\/es\/262778\/"},"modified":"2025-11-29T23:19:10","modified_gmt":"2025-11-29T23:19:10","slug":"no-debe-pedir-ayuda-a-los-empresarios-debe-pedir-perdon","status":"publish","type":"post","link":"https:\/\/www.europesays.com\/es\/262778\/","title":{"rendered":"&#8216;No debe pedir ayuda a los empresarios, debe pedir perd\u00f3n&#8217;"},"content":{"rendered":"<p>El secretario general de JxCat, Jordi Turull, ha asegurado este s\u00e1bado que el presidente del PP, Alberto N\u00fa\u00f1ez Feij\u00f3o, <b>no debe \u00abpedir ayuda a los empresarios\u00bb<\/b> para que Junts apoye una moci\u00f3n de censura contra Pedro S\u00e1nchez, sino que debe <b>\u00abpedir perd\u00f3n\u00bb<\/b> por su \u00abboicot\u00bb a la oficialidad del catal\u00e1n en Europa.<\/p>\n<p>En su intervenci\u00f3n en abierto ante el Consell Nacional de Junts, Turull ha respondido al llamamiento que hizo Feij\u00f3o a los empresarios catalanes en un acto de la patronal Foment del Treball en Barcelona, <b>en el que dijo que<a href=\"https:\/\/www.huffingtonpost.es\/virales\/feijoo-pide-apoyo-junts-erc-mocion-censura-rufian-suelta-frase-dia.html\" title=\"Feijoo-PP-Junts\" rel=\"nofollow noopener\" target=\"_blank\"> le faltaban \u00abvotos de los suyos\u00bb para que esta eventual moci\u00f3n<\/a> de censura salga adelante.<\/b><\/p>\n<p>El secretario general de JxCat, que<b> ha tachado de \u00abosad\u00eda\u00bb el llamamiento de Feij\u00f3o<\/b>, ha sostenido que el dirigente popular deber\u00eda disculparse ante la sociedad catalana \u00abpor pedir a tantos empresarios que se vayan de Catalu\u00f1a y no pedir que vuelvan\u00bb.<\/p>\n<p><b>\u00abTambi\u00e9n tiene que pedir perd\u00f3n a los barceloneses y a los catalanes <\/b>por la moci\u00f3n de censura preventiva que le hizo a Xavier Trias pactando con Jaume Collboni\u00bb, ha recordado Turull en referencia al apoyo del PP al candidato socialista a la alcald\u00eda de Barcelona en 2023.<\/p>\n<p>Turull ha reiterado que <b>Junts no es \u00abla muleta de nadie\u00bb<\/b> y que s\u00f3lo se mueven en defensa de Catalu\u00f1a, y que han sido \u00abconsecuentes\u00bb con sus planteamientos al romper sus acuerdos con el PSOE.<\/p>\n<p>Por ello, ha emplazado al conjunto de militantes y cuadros de JxCat <b>a \u00abno dejarse impresionar\u00bb ni caer en la tentaci\u00f3n de \u00abdar volantazos\u00bb<\/b> para dejar de ser \u00abaquella formaci\u00f3n serena, que trabaja incansablemente para ser una alternativa en Catalu\u00f1a\u00bb.<\/p>\n<p>Tambi\u00e9n ha hecho referencia al reciente informe del abogado general de la Uni\u00f3n Europea sobre la ley de amnist\u00eda, un \u00abgran paso para visualizar el retorno\u00bb a Catalu\u00f1a del expresidente de la Generalitat Carles Puigdemont, <b>que marcar\u00e1 \u00abun antes y un despu\u00e9s en el tablero pol\u00edtico actual\u00bb.<\/b><\/p>\n<p>Por otro lado, Turull se ha referido a la \u00faltima encuesta del Centre d&#8217;Estudis d&#8217;Opini\u00f3 (CEO) de la Generalitat, <b>que proyecta un crecimiento de la formaci\u00f3n xen\u00f3foba Alian\u00e7a Catalana hasta los 19 esca\u00f1os <\/b>en el Parlament y un eventual empate con Junts, de la que ha criticado sus \u00absesgos\u00bb.<\/p>\n<p>Ante esta tesitura, <b>Turull ha asegurado que Catalu\u00f1a \u00abno puede caer en la deriva\u00bb de un partido que \u00abtransforma el malestar en odio\u00bb<\/b> y que el catalanismo \u00abno puede caer en un proyecto excluyente que base su propuesta en el odio, el miedo y la divisi\u00f3n de la sociedad\u00bb.<\/p>\n<p>Por ello, ha dicho que <b>JxCat afronta unos \u00abmeses decisivos\u00bb para ser \u00abla \u00fanica alternativa posible al Govern de Salvador Illa\u00bb <\/b>ante un PSC que \u00abha renunciado a defender a los ciudadanos de las clases medias\u00bb.<\/p>\n","protected":false},"excerpt":{"rendered":"El secretario general de JxCat, Jordi Turull, ha asegurado este s\u00e1bado que el presidente del PP, Alberto N\u00fa\u00f1ez&hellip;\n","protected":false},"author":2,"featured_media":262779,"comment_status":"","ping_status":"","sticky":false,"template":"","format":"standard","meta":{"footnotes":""},"categories":[8],"tags":[6069,17,18,25,24,13,14,11,41254,5216,19,20,9,10,15,16,6066,23,12,21,22],"class_list":{"0":"post-262778","1":"post","2":"type-post","3":"status-publish","4":"format-standard","5":"has-post-thumbnail","7":"category-espana","8":"tag-alberto-nunez-feijoo","9":"tag-breaking-news","10":"tag-breakingnews","11":"tag-es","12":"tag-espana","13":"tag-featured-news","14":"tag-featurednews","15":"tag-headlines","16":"tag-jordi-turull","17":"tag-junts","18":"tag-latest-news","19":"tag-latestnews","20":"tag-news","21":"tag-noticias","22":"tag-noticias-destacadas","23":"tag-noticiasdestacadas","24":"tag-partido-popular-pp","25":"tag-spain","26":"tag-titulares","27":"tag-ultimas-noticias","28":"tag-ultimasnoticias"},"share_on_mastodon":{"url":"https:\/\/pubeurope.com\/@es\/115635549917522694","error":""},"_links":{"self":[{"href":"https:\/\/www.europesays.com\/es\/wp-json\/wp\/v2\/posts\/262778","targetHints":{"allow":["GET"]}}],"collection":[{"href":"https:\/\/www.europesays.com\/es\/wp-json\/wp\/v2\/posts"}],"about":[{"href":"https:\/\/www.europesays.com\/es\/wp-json\/wp\/v2\/types\/post"}],"author":[{"embeddable":true,"href":"https:\/\/www.europesays.com\/es\/wp-json\/wp\/v2\/users\/2"}],"replies":[{"embeddable":true,"href":"https:\/\/www.europesays.com\/es\/wp-json\/wp\/v2\/comments?post=262778"}],"version-history":[{"count":0,"href":"https:\/\/www.europesays.com\/es\/wp-json\/wp\/v2\/posts\/262778\/revisions"}],"wp:featuredmedia":[{"embeddable":true,"href":"https:\/\/www.europesays.com\/es\/wp-json\/wp\/v2\/media\/262779"}],"wp:attachment":[{"href":"https:\/\/www.europesays.com\/es\/wp-json\/wp\/v2\/media?parent=262778"}],"wp:term":[{"taxonomy":"category","embeddable":true,"href":"https:\/\/www.europesays.com\/es\/wp-json\/wp\/v2\/categories?post=262778"},{"taxonomy":"post_tag","embeddable":true,"href":"https:\/\/www.europesays.com\/es\/wp-json\/wp\/v2\/tags?post=262778"}],"curies":[{"name":"wp","href":"https:\/\/api.w.org\/{rel}","templated":true}]}}