{"id":262780,"date":"2025-11-29T23:20:34","date_gmt":"2025-11-29T23:20:34","guid":{"rendered":"https:\/\/www.europesays.com\/es\/262780\/"},"modified":"2025-11-29T23:20:34","modified_gmt":"2025-11-29T23:20:34","slug":"asencio-duda-para-girona","status":"publish","type":"post","link":"https:\/\/www.europesays.com\/es\/262780\/","title":{"rendered":"Asencio, duda para Girona"},"content":{"rendered":"<p data-mrf-recirculation=\"Links P\u00e1rrafos\" class=\"ue-c-article__paragraph paragraph ue-c-article--first-letter-highlighted\">El <strong>Real Madrid<\/strong> se ejercit\u00f3 en Valdebebas antes de medirse al <strong>Girona <\/strong>(domingo, 21.00 horas). La sesi\u00f3n cont\u00f3 con 19 jugadores de campo, entre los que no figuraron<strong> Asencio, Alaba, Carvajal ni Huijsen.<\/strong><\/p>\n<p data-mrf-recirculation=\"Links P\u00e1rrafos\" class=\"ue-c-article__paragraph paragraph\">En el caso del canterano, se postula como <strong>seria duda para el partido de Montilivi debido a un proceso v\u00edrico de \u00faltima hora<\/strong>. De no estar en la lista, complicar\u00eda a\u00fan m\u00e1s la situaci\u00f3n de la zaga: <strong>Huijsen<\/strong> no llega y <strong>Militao <\/strong>est\u00e1 entre algodones y habiendo participado parcialmente en dos sesiones con el grupo.\u00a0<\/p>\n<p data-mrf-recirculation=\"Links P\u00e1rrafos\" class=\"ue-c-article__paragraph paragraph\">Por otro lado, Xabi podr\u00e1 contar con <strong>Camavinga <\/strong>y <strong>Courtois<\/strong>, que parecen haber superado sus respectivos contratiempos. Respecto a los casos de\u00a0<strong>Mastantuono <\/strong>y <strong>R\u00fcdiger<\/strong>, donde el t\u00e9cnico ha sido m\u00e1s cauto, podr\u00edan entrar en la lista de Girona tras sumar varias sesiones junto al resto de sus compa\u00f1eros.<\/p>\n","protected":false},"excerpt":{"rendered":"El Real Madrid se ejercit\u00f3 en Valdebebas antes de medirse al Girona (domingo, 21.00 horas). La sesi\u00f3n cont\u00f3&hellip;\n","protected":false},"author":2,"featured_media":262781,"comment_status":"","ping_status":"","sticky":false,"template":"","format":"standard","meta":{"footnotes":""},"categories":[5],"tags":[17,18,25,24,13,14,11,19,20,9,10,15,16,23,12,21,22],"class_list":{"0":"post-262780","1":"post","2":"type-post","3":"status-publish","4":"format-standard","5":"has-post-thumbnail","7":"category-titulares","8":"tag-breaking-news","9":"tag-breakingnews","10":"tag-es","11":"tag-espana","12":"tag-featured-news","13":"tag-featurednews","14":"tag-headlines","15":"tag-latest-news","16":"tag-latestnews","17":"tag-news","18":"tag-noticias","19":"tag-noticias-destacadas","20":"tag-noticiasdestacadas","21":"tag-spain","22":"tag-titulares","23":"tag-ultimas-noticias","24":"tag-ultimasnoticias"},"share_on_mastodon":{"url":"https:\/\/pubeurope.com\/@es\/115635553777601665","error":""},"_links":{"self":[{"href":"https:\/\/www.europesays.com\/es\/wp-json\/wp\/v2\/posts\/262780","targetHints":{"allow":["GET"]}}],"collection":[{"href":"https:\/\/www.europesays.com\/es\/wp-json\/wp\/v2\/posts"}],"about":[{"href":"https:\/\/www.europesays.com\/es\/wp-json\/wp\/v2\/types\/post"}],"author":[{"embeddable":true,"href":"https:\/\/www.europesays.com\/es\/wp-json\/wp\/v2\/users\/2"}],"replies":[{"embeddable":true,"href":"https:\/\/www.europesays.com\/es\/wp-json\/wp\/v2\/comments?post=262780"}],"version-history":[{"count":0,"href":"https:\/\/www.europesays.com\/es\/wp-json\/wp\/v2\/posts\/262780\/revisions"}],"wp:featuredmedia":[{"embeddable":true,"href":"https:\/\/www.europesays.com\/es\/wp-json\/wp\/v2\/media\/262781"}],"wp:attachment":[{"href":"https:\/\/www.europesays.com\/es\/wp-json\/wp\/v2\/media?parent=262780"}],"wp:term":[{"taxonomy":"category","embeddable":true,"href":"https:\/\/www.europesays.com\/es\/wp-json\/wp\/v2\/categories?post=262780"},{"taxonomy":"post_tag","embeddable":true,"href":"https:\/\/www.europesays.com\/es\/wp-json\/wp\/v2\/tags?post=262780"}],"curies":[{"name":"wp","href":"https:\/\/api.w.org\/{rel}","templated":true}]}}