{"id":262786,"date":"2025-11-29T23:28:11","date_gmt":"2025-11-29T23:28:11","guid":{"rendered":"https:\/\/www.europesays.com\/es\/262786\/"},"modified":"2025-11-29T23:28:11","modified_gmt":"2025-11-29T23:28:11","slug":"los-peques-del-cb-gran-canaria-ensenan-a-los-mayores-el-camino-hacia-la-cita-copera-de-valencia","status":"publish","type":"post","link":"https:\/\/www.europesays.com\/es\/262786\/","title":{"rendered":"Los \u2018peques\u2019 del CB Gran Canaria ense\u00f1an a los mayores el camino hacia la cita copera de Valencia"},"content":{"rendered":"<p class=\"ft-text\">A la espera de que el<strong> <\/strong><a class=\"ft-link ft-link--decoration\" href=\"https:\/\/www.laprovincia.es\/cb-gran-canaria\/\" rel=\"nofollow noopener\" target=\"_blank\"><strong>Dreamland Gran Canaria<\/strong><\/a> rectifique su rumbo err\u00e1tico para poder clasificarse para la<strong> Copa del Rey de Valencia<\/strong>, los que s\u00ed que estar\u00e1n representando a la Isla en la <strong>Minicopa<\/strong> son los <strong>infantiles del Granca<\/strong>. Los canteranos superaron con un sobresaliente su fase clasificatoria.<strong> Tres triunfos inapelables<\/strong> que les han servido para sellar su billete para el evento del a\u00f1o en las categor\u00edas de base del <a class=\"ft-link ft-link--decoration\" href=\"https:\/\/www.laprovincia.es\/tags\/baloncesto\/\" rel=\"nofollow noopener\" target=\"_blank\">baloncesto<\/a> nacional.<\/p>\n<p class=\"ft-text\">El equipo de <strong>Mois\u00e9s Hern\u00e1ndez<\/strong>, que hab\u00eda debutado con un triunfo sin paliativos el viernes ante el San Pablo Burgos cerrando el marcador en el segundo cuarto con un 58-8, completaron su soberbia actuaci\u00f3n con dos nuevos triunfos ayer.<\/p>\n<p class=\"ft-text\">Por la ma\u00f1ana tambi\u00e9n<strong> le cerraron el marcador al Lleida con un 39-90<\/strong>, destacando la actuaci\u00f3n de <strong>David Kona Malandala<\/strong> (25 valoraci\u00f3n, 19 puntos, 14 rebotes y una asistencia). Ya por la tarde, los amarillos certificaron su fase de grupos perfecta, para asegurar el primer puesto en el Grupo C, con un nuevo triunfo antes del l\u00edmite, en el cuarto asalto, al colocar el <strong>99-49 frente al Manresa<\/strong>. Esta vez sobresal\u00eda el papel de <strong>Dariel Feliz<\/strong>, con 32 cr\u00e9ditos de valoraci\u00f3n, 20 puntos, ocho rebotes y repartiendo tres asistencias.<\/p>\n<p>Esperando conocer a los \u00faltimos dos pasajeros<\/p>\n<p class=\"ft-text\">Junto a los grancanarios se han clasificado tambi\u00e9n como primeros de grupo el <strong>Real Madrid, Canarias y Zaragoza<\/strong>. Del duelo de ma\u00f1ana entre el UCAM y el Unicaja (9.15 horas) y el del Manresa ante el Joventut (11.15 horas), los cuatro segundos, se decidir\u00e1n otras dos plazas para la cita final de la Minicopa. Cabe recordar que el Valencia, como anfitri\u00f3n y el Bar\u00e7a, como vigente campe\u00f3n, tienen plaza reservada en el torneo de Valencia en febrero.<\/p>\n","protected":false},"excerpt":{"rendered":"A la espera de que el Dreamland Gran Canaria rectifique su rumbo err\u00e1tico para poder clasificarse para la&hellip;\n","protected":false},"author":2,"featured_media":262787,"comment_status":"","ping_status":"","sticky":false,"template":"","format":"standard","meta":{"footnotes":""},"categories":[269],"tags":[299,298,7221,2609,2425,168,65425,25,24,3956,1897,11993,53242,65424,23,167,9413,235],"class_list":{"0":"post-262786","1":"post","2":"type-post","3":"status-publish","4":"format-standard","5":"has-post-thumbnail","7":"category-baloncesto","8":"tag-baloncesto","9":"tag-basketball","10":"tag-canaria","11":"tag-cb","12":"tag-cb-gran-canaria","13":"tag-deportes","14":"tag-ensenan","15":"tag-es","16":"tag-espana","17":"tag-gran","18":"tag-gran-canaria","19":"tag-manresa","20":"tag-minicopa","21":"tag-peques","22":"tag-spain","23":"tag-sports","24":"tag-ucam","25":"tag-valencia"},"share_on_mastodon":{"url":"https:\/\/pubeurope.com\/@es\/115635585376048489","error":""},"_links":{"self":[{"href":"https:\/\/www.europesays.com\/es\/wp-json\/wp\/v2\/posts\/262786","targetHints":{"allow":["GET"]}}],"collection":[{"href":"https:\/\/www.europesays.com\/es\/wp-json\/wp\/v2\/posts"}],"about":[{"href":"https:\/\/www.europesays.com\/es\/wp-json\/wp\/v2\/types\/post"}],"author":[{"embeddable":true,"href":"https:\/\/www.europesays.com\/es\/wp-json\/wp\/v2\/users\/2"}],"replies":[{"embeddable":true,"href":"https:\/\/www.europesays.com\/es\/wp-json\/wp\/v2\/comments?post=262786"}],"version-history":[{"count":0,"href":"https:\/\/www.europesays.com\/es\/wp-json\/wp\/v2\/posts\/262786\/revisions"}],"wp:featuredmedia":[{"embeddable":true,"href":"https:\/\/www.europesays.com\/es\/wp-json\/wp\/v2\/media\/262787"}],"wp:attachment":[{"href":"https:\/\/www.europesays.com\/es\/wp-json\/wp\/v2\/media?parent=262786"}],"wp:term":[{"taxonomy":"category","embeddable":true,"href":"https:\/\/www.europesays.com\/es\/wp-json\/wp\/v2\/categories?post=262786"},{"taxonomy":"post_tag","embeddable":true,"href":"https:\/\/www.europesays.com\/es\/wp-json\/wp\/v2\/tags?post=262786"}],"curies":[{"name":"wp","href":"https:\/\/api.w.org\/{rel}","templated":true}]}}