{"id":26279,"date":"2025-08-05T02:08:10","date_gmt":"2025-08-05T02:08:10","guid":{"rendered":"https:\/\/www.europesays.com\/es\/26279\/"},"modified":"2025-08-05T02:08:10","modified_gmt":"2025-08-05T02:08:10","slug":"maite-galdeano-se-posiciona-en-la-polemica-entre-sus-hijos-sofia-y-cristian-suescun","status":"publish","type":"post","link":"https:\/\/www.europesays.com\/es\/26279\/","title":{"rendered":"Maite Galdeano se posiciona en la pol\u00e9mica entre sus hijos Sof\u00eda y Cristian Suescun"},"content":{"rendered":"<p data-journey-content=\"true\" data-node-id=\"2\" class=\"css-i9p093 emevuu60\">La familia Galdeano atraviesa su momento m\u00e1s cr\u00edtico, marcada por la ruptura total entre Sof\u00eda Suescun y su madre, Maite Galdeano. Madre e hija siguen sin tener relaci\u00f3n y era su hermano, Cristian Suescun, el que ha intentado mediar todo este tiempo pero sin resultado. Ahora parece que el hermano de la influencer se ha posicionado del lado de su madre y Sof\u00eda ha dado un golpe en la mesa. <\/p>\n<p data-journey-content=\"true\" data-node-id=\"3\" class=\"css-i9p093 emevuu60\">Exactamente <a href=\"https:\/\/www.diezminutos.es\/famosos-corazon\/famosos-espanoles\/a65588061\/cristian-suescun-mensaje-sofia-suescun-distanciamiento\/\" target=\"_blank\" data-vars-ga-outbound-link=\"https:\/\/www.diezminutos.es\/famosos-corazon\/famosos-espanoles\/a65588061\/cristian-suescun-mensaje-sofia-suescun-distanciamiento\/\" data-vars-ga-ux-element=\"Hyperlink\" data-vars-ga-call-to-action=\"Cristian se dejaba ver por sus redes sociales pasando por un duro momento.\" data-node-id=\"3.1\" class=\"body-link css-177bzfx emevuu60\" rel=\"nofollow noopener\">Cristian se dejaba ver por sus redes sociales pasando por un duro momento.<\/a> El joven public\u00f3 una foto explicando que <a href=\"https:\/\/www.diezminutos.es\/famosos-corazon\/famosos-espanoles\/a65574893\/preocupacion-salud-cristian-suescun-preocupante-imagen-hospital\/\" target=\"_blank\" data-vars-ga-outbound-link=\"https:\/\/www.diezminutos.es\/famosos-corazon\/famosos-espanoles\/a65574893\/preocupacion-salud-cristian-suescun-preocupante-imagen-hospital\/\" data-vars-ga-ux-element=\"Hyperlink\" data-vars-ga-call-to-action=\"le hicieron una gastroscopia y le encontraron &quot;algo raro&quot;\" data-node-id=\"3.3\" data-mrf-link=\"https:\/\/www.diezminutos.es\/famosos-corazon\/famosos-espanoles\/a65574893\/preocupacion-salud-cristian-suescun-preocupante-imagen-hospital\/\" class=\"body-link css-177bzfx emevuu60\" rel=\"nofollow noopener\">le hicieron una gastroscopia y le encontraron \u00abalgo raro\u00bb<\/a> por lo que aprovecharon para hacerle una biopsia y ahora est\u00e1 esperando los resultados. <strong data-node-id=\"3.5\">\u00abEstoy muy rayado con los resultados. No ha venido nadie al hospital.<\/strong> Me voy solo, solo, solo a la playa\u00bb, <a href=\"https:\/\/www.diezminutos.es\/famosos-corazon\/famosos-espanoles\/a65584443\/kiko-jimenez-estalla-cristian-suescun-estoy-cansado-fiesta\/\" target=\"_blank\" data-vars-ga-outbound-link=\"https:\/\/www.diezminutos.es\/famosos-corazon\/famosos-espanoles\/a65584443\/kiko-jimenez-estalla-cristian-suescun-estoy-cansado-fiesta\/\" data-vars-ga-ux-element=\"Hyperlink\" data-vars-ga-call-to-action=\"una declaraci\u00f3n que su cu\u00f1ado, Kiko Jim\u00e9nez, no entend\u00eda\" data-node-id=\"3.7\" data-mrf-link=\"https:\/\/www.diezminutos.es\/famosos-corazon\/famosos-espanoles\/a65584443\/kiko-jimenez-estalla-cristian-suescun-estoy-cansado-fiesta\/\" class=\"body-link css-177bzfx emevuu60\" rel=\"nofollow noopener\">una declaraci\u00f3n que su cu\u00f1ado, Kiko Jim\u00e9nez, no entend\u00eda<\/a> y desment\u00eda.<\/p>\n<p><img alt=\"maite galdeano\" title=\"Maite Galdeano\" loading=\"lazy\" width=\"1200\" height=\"800\" decoding=\"async\" data-nimg=\"1\" style=\"color:transparent;width:100%;height:auto;\"   src=\"https:\/\/www.europesays.com\/es\/wp-content\/uploads\/2025\/08\/maite-galdeano-habla-bien-de-kiko-1594064417.jpg\" class=\"css-0 e1g79fud0\"\/><\/p>\n<p>Telecinco<\/p>\n<p data-journey-content=\"true\" data-node-id=\"5\" class=\"css-i9p093 emevuu60\">\u00ab<strong data-node-id=\"5.1\">Menos mal que mi hijo est\u00e1 abriendo los ojos<\/strong>\u2026.\u00bb, escrib\u00eda Maite mientras deja clara su postura. \u00abSi mi hijo est\u00e1 as\u00ed es por su hermana, porque \u00e9l es lo mejor de la familia, mi Cristian\u00bb, dec\u00eda por su cuenta de Tik Tok. Este lunes, 4 de agosto, <a href=\"https:\/\/www.diezminutos.es\/tardear\/\" target=\"_blank\" data-vars-ga-outbound-link=\"https:\/\/www.diezminutos.es\/tardear\/\" data-vars-ga-ux-element=\"Hyperlink\" data-vars-ga-call-to-action=\"&#039;TardeAR&#039;\" data-node-id=\"5.3\" class=\"body-link css-177bzfx emevuu60\" rel=\"nofollow noopener\">&#8216;TardeAR&#8217;<\/a> ha conseguido hablar en directo con Maite Galdeano para abordar el delicado momento que atraviesan sus hijos. Al principio, la autoproclamada como &#8216;elegida de Dios&#8217; se ha mostrado reticente y esquiva, sin embargo, tras la insistencia del reportero que se pon\u00eda en contacto con ella, terminaba cediendo<strong data-node-id=\"5.5\">: \u00abA mis hijos siempre los he apoyado y les voy a apoyar<\/strong>, hasta la muerte y detr\u00e1s de la muerte. Los amo. A los dos\u00bb. <\/p>\n<p data-journey-content=\"true\" data-node-id=\"7\" class=\"css-i9p093 emevuu60\">\u00bfY porqu\u00e9 se han enfadado los hermanos? Omar Su\u00e1rez lo explicaba en el programa de Telecinco: \u00abTodo esto se debe a que Sof\u00eda no ha parado de repetirle a su hermano meses y meses que se ponga a trabajar. \u00c9l ahora lo \u00fanico que hace es tener una plataforma de contenido para adultos que no va muy all\u00e1\u00bb. Tambi\u00e9n aseguraban desde plat\u00f3 que Tanto Sof\u00eda como Kiko Jim\u00e9nez creen que esta estrategia de \u00abv\u00edctima\u00bb de Cristian es orquestada por Maite Galdeano. <\/p>\n<p><img src=\"https:\/\/www.europesays.com\/es\/wp-content\/uploads\/2025\/08\/1754359690_795_efed3e56-411c-4c5f-aad1-8194ce4fe362_1700500172.file\" alt=\"Headshot of Redacci\u00f3n Diez Minutos\" title=\"Headshot of Redacci\u00f3n Diez Minutos\" width=\"100%\" height=\"100%\" decoding=\"async\" loading=\"lazy\" class=\"css-o0wq4v ev8dhu53\"\/><\/p>\n<p>\u00a0En Diez Minutos somos especialistas en cubrir todas las noticias del coraz\u00f3n y de la monarqu\u00eda para acercarte a las vidas de todos esos personajes a los que admiras.<\/p>\n<p>Descubre con nosotros la \u00faltima hora de los famosos nacionales e internacionales m\u00e1s relevantes: sus pol\u00e9micas, sus historias amorosas y familiares y sus proyectos profesionales con nuestras entrevistas, videos y reportajes. Tambi\u00e9n te mostramos el d\u00eda a d\u00eda de la realeza, cont\u00e1ndote con especial detalle la vida personal y familiar de nuestros Reyes: Felipe VI y Letizia y sus hijas Leonor y Sof\u00eda.<\/p>\n<p>Diez Minutos es mucho m\u00e1s que cr\u00f3nica social. Queremos hacerte la vida m\u00e1s f\u00e1cil y cuidar de ti. Por eso, publicamos una amplia selecci\u00f3n de contenidos pr\u00e1cticos para ayudarte en tu econom\u00eda dom\u00e9stica, en la decoraci\u00f3n de tu casa o en tu bienestar f\u00edsico y emocional. Tambi\u00e9n encontrar\u00e1s todo tipo de noticias y reportajes sobre el embarazo y la maternidad para facilitarte este proceso de la vida.<\/p>\n<p>La cocina es otra parte fundamental de esta gu\u00eda pr\u00e1ctica con la mejor selecci\u00f3n de recetas y consejos para llevar una dieta saludable y variada. Y todo ello sin olvidarnos de los contenidos de moda y belleza que te har\u00e1n estar a la \u00faltima en las tendencias del momento con numerosas propuestas, ofertas y novedades.<\/p>\n<p>Te lo contamos todo con la misma rigurosidad y cercan\u00eda con la que te llevamos acompa\u00f1ando desde hace 72 a\u00f1os, cuando un 1 de septiembre de 1951 la revista vio la luz por primera vez. Muchas cosas han cambiado en lo que se refiere a la parte t\u00e9cnica, pero lo que te aseguramos es que el equipo que forma esta redacci\u00f3n realiza su trabajo con entusiasmo y entrega pensando en cada uno de vosotros para que encontr\u00e9is aqu\u00ed el sitio ideal donde disfrutar de la vida.<\/p>\n<p>El equipo digital de Diez Minutos est\u00e1 formado por:<\/p>\n<p><a href=\"https:\/\/www.diezminutos.es\/author\/15369\/rosa-prieto\/\" rel=\"nofollow noopener\" target=\"_blank\">Rosa Prieto:<\/a> Directora digital.<\/p>\n<p><a href=\"https:\/\/www.diezminutos.es\/author\/18095\/silvia-criado\/\" rel=\"nofollow noopener\" target=\"_blank\">Silvia Criado:<\/a> Jefa de secci\u00f3n digital.<\/p>\n<p><a href=\"https:\/\/www.diezminutos.es\/author\/16262\/magdalena-pinero\/\" rel=\"nofollow noopener\" target=\"_blank\">Magdalena Pi\u00f1ero:<\/a> redactora digital.\u00a0<\/p>\n<p><a href=\"https:\/\/www.diezminutos.es\/author\/16270\/daniel-reyes\/\" rel=\"nofollow noopener\" target=\"_blank\">Daniel Reyes:<\/a> redactor digital.<\/p>\n<p><a href=\"https:\/\/www.diezminutos.es\/author\/221934\/ignacio-herruzo\/\" rel=\"nofollow noopener\" target=\"_blank\">Ignacio Herruzo<\/a>: redactor digital.<\/p>\n<p><a href=\"https:\/\/www.diezminutos.es\/author\/740003\/nora-camara\/\" rel=\"nofollow noopener\" target=\"_blank\">Nora C\u00e1mara<\/a>: redactora digital.\u00a0<\/p>\n","protected":false},"excerpt":{"rendered":"La familia Galdeano atraviesa su momento m\u00e1s cr\u00edtico, marcada por la ruptura total entre Sof\u00eda Suescun y su&hellip;\n","protected":false},"author":2,"featured_media":26280,"comment_status":"","ping_status":"","sticky":false,"template":"","format":"standard","meta":{"footnotes":""},"categories":[174],"tags":[255,253,146,147,25,24,256,23],"class_list":{"0":"post-26279","1":"post","2":"type-post","3":"status-publish","4":"format-standard","5":"has-post-thumbnail","7":"category-famosos","8":"tag-celebrities","9":"tag-discover","10":"tag-entertainment","11":"tag-entretenimiento","12":"tag-es","13":"tag-espana","14":"tag-famosos","15":"tag-spain"},"share_on_mastodon":{"url":"","error":""},"_links":{"self":[{"href":"https:\/\/www.europesays.com\/es\/wp-json\/wp\/v2\/posts\/26279","targetHints":{"allow":["GET"]}}],"collection":[{"href":"https:\/\/www.europesays.com\/es\/wp-json\/wp\/v2\/posts"}],"about":[{"href":"https:\/\/www.europesays.com\/es\/wp-json\/wp\/v2\/types\/post"}],"author":[{"embeddable":true,"href":"https:\/\/www.europesays.com\/es\/wp-json\/wp\/v2\/users\/2"}],"replies":[{"embeddable":true,"href":"https:\/\/www.europesays.com\/es\/wp-json\/wp\/v2\/comments?post=26279"}],"version-history":[{"count":0,"href":"https:\/\/www.europesays.com\/es\/wp-json\/wp\/v2\/posts\/26279\/revisions"}],"wp:featuredmedia":[{"embeddable":true,"href":"https:\/\/www.europesays.com\/es\/wp-json\/wp\/v2\/media\/26280"}],"wp:attachment":[{"href":"https:\/\/www.europesays.com\/es\/wp-json\/wp\/v2\/media?parent=26279"}],"wp:term":[{"taxonomy":"category","embeddable":true,"href":"https:\/\/www.europesays.com\/es\/wp-json\/wp\/v2\/categories?post=26279"},{"taxonomy":"post_tag","embeddable":true,"href":"https:\/\/www.europesays.com\/es\/wp-json\/wp\/v2\/tags?post=26279"}],"curies":[{"name":"wp","href":"https:\/\/api.w.org\/{rel}","templated":true}]}}