{"id":262790,"date":"2025-11-29T23:30:21","date_gmt":"2025-11-29T23:30:21","guid":{"rendered":"https:\/\/www.europesays.com\/es\/262790\/"},"modified":"2025-11-29T23:30:21","modified_gmt":"2025-11-29T23:30:21","slug":"me-van-a-hacer-una-operacion","status":"publish","type":"post","link":"https:\/\/www.europesays.com\/es\/262790\/","title":{"rendered":"Me van a hacer una operaci\u00f3n"},"content":{"rendered":"<p><strong>Karina<\/strong> ha utilizado sus redes sociales para mandar un mensaje que ha preocupado a sus seguidores. Desde hace un tiempo, la cantante crea contenido en Instagram, plataforma que utiliza para estar en contacto con sus fans. Ya ha despertado el inter\u00e9s de <strong>89.000 usuarios<\/strong> y no quiere que nadie empiece a especular, por eso ha dado un paso adelante y ha explicado que va a estar un tiempo desaparecida porque le tienen que operar de la cadera.<\/p>\n<p>\u00abHola, queridos amigos.<strong> Os comento que voy a estar unos d\u00edas, o quiz\u00e1s un par de semanas<\/strong>, sin hacer v\u00eddeos\u00bb, ha empezado diciendo con total naturalidad. Su intenci\u00f3n es contar la verdad desde el primer momento para que nadie se haga una idea equivocada. \u00ab<strong>Me van a hacer una operaci\u00f3n en la sanidad p\u00fablica en mi cadera derecha<\/strong>, que ya sab\u00e9is que siempre me ha dado molestias\u00bb.<\/p>\n<p>\n<img decoding=\"async\" loading=\"lazy\" class=\"size-medium wp-image-1515081\" alt=\"Karina en un plat\u00f3 de televisi\u00f3n \/ Gtres\" width=\"620\" height=\"413\"  src=\"https:\/\/www.europesays.com\/es\/wp-content\/uploads\/2025\/10\/placeholder.jpg\"  bad-src=\"https:\/\/www.europesays.com\/es\/wp-content\/uploads\/2025\/10\/placeholder.jpg\"\/><\/p>\n<p><img decoding=\"async\" loading=\"lazy\" class=\"size-medium wp-image-1515081\" src=\"https:\/\/www.europesays.com\/es\/wp-content\/uploads\/2025\/11\/karina-uno-620x413.jpg\" alt=\"Karina en un plat\u00f3 de televisi\u00f3n \/ Gtres\" width=\"620\" height=\"413\"  \/><\/p>\n<p> Karina en un plat\u00f3 de televisi\u00f3n. (Foto: Gtres)\n<\/p>\n<p>Tal y como ella misma ha explicado, no es la primera vez que pasa por quir\u00f3fano por este motivo, pero<strong> no tiene miedo<\/strong> y sabe que todo va a salir estupendamente.<strong> Espera pasar las fiestas fuera del hospital<\/strong>, por eso quiere operarse pronto y recuperarse antes de que llegue la Nochebuena. Recordemos que tiene 79 a\u00f1os, a pesar de que se conserva estupendamente.<\/p>\n<p>Karina tranquiliza a su p\u00fablico<\/p>\n<p><a href=\"https:\/\/okdiario.com\/look\/actualidad\/karina-rompe-silencio-muerte-encarnita-polo-da-mucho-miedo-2426984\" rel=\"nofollow noopener\" target=\"_blank\">Karina arranc\u00f3 su carrera profesional en 1961<\/a> tras ganar un concurso de radio. Su primer sencillo se titul\u00f3 Bikini Amarillo y le abri\u00f3 muchas puertas. No fueron pocos los que se interesaron en ella y comenzaron a seguir sus pasos. Tanto es as\u00ed que lleg\u00f3 a representar a Espa\u00f1a en <strong>Eurovisi\u00f3n<\/strong> en 1971 con una canci\u00f3n llamada Un mundo nuevo.<\/p>\n<p>\n<img decoding=\"async\" loading=\"lazy\" class=\"size-medium wp-image-1831051\" alt=\"Karina en 'Gran Hermano VIP' \/ GTRES\" width=\"620\" height=\"349\"  src=\"https:\/\/www.europesays.com\/es\/wp-content\/uploads\/2025\/10\/placeholder.jpg\"  bad-src=\"https:\/\/www.europesays.com\/es\/wp-content\/uploads\/2025\/10\/placeholder.jpg\"\/><\/p>\n<p><img decoding=\"async\" loading=\"lazy\" class=\"size-medium wp-image-1831051\" src=\"https:\/\/www.europesays.com\/es\/wp-content\/uploads\/2025\/11\/karina-620x349.jpg\" alt=\"Karina en 'Gran Hermano VIP' \/ GTRES\" width=\"620\" height=\"349\"  \/><\/p>\n<p> Karina en \u2018Gran Hermano VIP\u2019. (Foto: Gtres)\n<\/p>\n<p>Con todo lo anterior, podemos decir que<strong> Karina lleva toda la vida trabajando, llenando escenarios, protagonizando espect\u00e1culos y sacando discos<\/strong>. Sin embargo, una parte del p\u00fablico la conoce por su participaci\u00f3n en Gran Hermano VIP y por los v\u00eddeos que publica en Instagram. Esto quiere decir que su audiencia es bastante amplia, de ah\u00ed que haya considerado necesario emitir un comunicado antes de desaparecer temporalmente de los medios.<\/p>\n<blockquote class=\"instagram-media\" style=\"background: #FFF; border: 0; border-radius: 3px; box-shadow: 0 0 1px 0 rgba(0,0,0,0.5),0 1px 10px 0 rgba(0,0,0,0.15); margin: 1px; max-width: 540px; min-width: 326px; padding: 0; width: calc(100% - 2px);\" data-instgrm-captioned=\"\" data-instgrm-permalink=\"https:\/\/www.instagram.com\/reel\/DRjXotqjLt2\/?utm_source=ig_embed&amp;utm_campaign=loading\" data-instgrm-version=\"14\">\n<\/blockquote>\n<p>La int\u00e9rprete de Flechas del amor ha dejado claro que no tiene miedo, sabe que est\u00e1 en buenas manos y no quiere que nadie se ponga en lo peor. \u00abEstoy s\u00faper confiada en la sanidad p\u00fablica.<strong> Va a salir todo de 10<\/strong>. Os mando much\u00edsimos besos, cuidaos mucho y deciros que esta operaci\u00f3n es para estar bien estas Navidades, que hay que cantar villancicos, y tengo que salir con <strong>la pandereta, el burrito, la campana<\/strong> y toda esa serie de cosas. Hay que ponerle \u00e1nimo y alegr\u00eda a la vida\u00bb.<\/p>\n<p>El \u00faltimo golpe de Karina<\/p>\n<p>\n<img decoding=\"async\" loading=\"lazy\" class=\"size-medium wp-image-1829478\" alt=\"Karina haciendo la curva de la vida de 'GH VIP' \/ Telecinco\" width=\"620\" height=\"353\"  src=\"https:\/\/www.europesays.com\/es\/wp-content\/uploads\/2025\/10\/placeholder.jpg\"  bad-src=\"https:\/\/www.europesays.com\/es\/wp-content\/uploads\/2025\/10\/placeholder.jpg\"\/><\/p>\n<p><img decoding=\"async\" loading=\"lazy\" class=\"size-medium wp-image-1829478\" src=\"https:\/\/www.europesays.com\/es\/wp-content\/uploads\/2025\/11\/2-copia-1-620x353.jpg\" alt=\"Karina haciendo la curva de la vida de 'GH VIP' \/ Telecinco\" width=\"620\" height=\"353\"  \/><\/p>\n<p> Karina haciendo la curva de la vida de \u2018GH VIP\u2019. (Foto: Telecinco)\n<\/p>\n<p>Aunque es optimista y positiva por naturaleza, <strong>Karina tambi\u00e9n ha dejado entrever sus momentos de mayor vulnerabilidad<\/strong>, como por ejemplo cuando falleci\u00f3 su hermano Paco. La artista aprovech\u00f3 el respaldo que ha encontrado en sus fans virtuales para expresar su dolor y recibi\u00f3 muchos mensajes de \u00e1nimo.<\/p>\n<p>\u00abHoy <strong>tengo el coraz\u00f3n roto<\/strong>, nos ha dejado mi hermano Paco. Me ense\u00f1\u00f3 a nadar, a montar en bicicleta, fue mi mejor amigo, mi representante y compa\u00f1ero de viajes y aventuras desde peque\u00f1os. Gracias a \u00e9l me enamor\u00e9 de la m\u00fasica. Paco, descansa en paz, <strong>all\u00ed est\u00e1n Salva, pap\u00e1 y mam\u00e1<\/strong>. Cuidad de los que nos quedamos aqu\u00ed. Os llevo en mi coraz\u00f3n. Te quiero mucho, hermano m\u00edo\u00bb, escribi\u00f3 en una carta que no tard\u00f3 en movilizar a su p\u00fablico.<\/p>\n<p>\t\t\t\t\t\t\t<script async src=\"\/\/www.instagram.com\/embed.js\"><\/script><\/p>\n","protected":false},"excerpt":{"rendered":"Karina ha utilizado sus redes sociales para mandar un mensaje que ha preocupado a sus seguidores. Desde hace&hellip;\n","protected":false},"author":2,"featured_media":262791,"comment_status":"","ping_status":"","sticky":false,"template":"","format":"standard","meta":{"footnotes":""},"categories":[174],"tags":[255,146,147,25,24,256,32324,23],"class_list":{"0":"post-262790","1":"post","2":"type-post","3":"status-publish","4":"format-standard","5":"has-post-thumbnail","7":"category-famosos","8":"tag-celebrities","9":"tag-entertainment","10":"tag-entretenimiento","11":"tag-es","12":"tag-espana","13":"tag-famosos","14":"tag-karina","15":"tag-spain"},"share_on_mastodon":{"url":"https:\/\/pubeurope.com\/@es\/115635593580873181","error":""},"_links":{"self":[{"href":"https:\/\/www.europesays.com\/es\/wp-json\/wp\/v2\/posts\/262790","targetHints":{"allow":["GET"]}}],"collection":[{"href":"https:\/\/www.europesays.com\/es\/wp-json\/wp\/v2\/posts"}],"about":[{"href":"https:\/\/www.europesays.com\/es\/wp-json\/wp\/v2\/types\/post"}],"author":[{"embeddable":true,"href":"https:\/\/www.europesays.com\/es\/wp-json\/wp\/v2\/users\/2"}],"replies":[{"embeddable":true,"href":"https:\/\/www.europesays.com\/es\/wp-json\/wp\/v2\/comments?post=262790"}],"version-history":[{"count":0,"href":"https:\/\/www.europesays.com\/es\/wp-json\/wp\/v2\/posts\/262790\/revisions"}],"wp:featuredmedia":[{"embeddable":true,"href":"https:\/\/www.europesays.com\/es\/wp-json\/wp\/v2\/media\/262791"}],"wp:attachment":[{"href":"https:\/\/www.europesays.com\/es\/wp-json\/wp\/v2\/media?parent=262790"}],"wp:term":[{"taxonomy":"category","embeddable":true,"href":"https:\/\/www.europesays.com\/es\/wp-json\/wp\/v2\/categories?post=262790"},{"taxonomy":"post_tag","embeddable":true,"href":"https:\/\/www.europesays.com\/es\/wp-json\/wp\/v2\/tags?post=262790"}],"curies":[{"name":"wp","href":"https:\/\/api.w.org\/{rel}","templated":true}]}}