{"id":262792,"date":"2025-11-29T23:33:09","date_gmt":"2025-11-29T23:33:09","guid":{"rendered":"https:\/\/www.europesays.com\/es\/262792\/"},"modified":"2025-11-29T23:33:09","modified_gmt":"2025-11-29T23:33:09","slug":"hay-que-tener-un-poquito-de-sentido-comun","status":"publish","type":"post","link":"https:\/\/www.europesays.com\/es\/262792\/","title":{"rendered":"Hay que tener un poquito de sentido com\u00fan"},"content":{"rendered":"<p class=\"c-paragraph\">Horas despu\u00e9s de que <b>Gabriela Guill\u00e9n<\/b> acudiese a \u00a1De viernes! para hablar de c\u00f3mo se encuentra su relaci\u00f3n con Bert\u00edn Osborne, <b>Fabiola Mart\u00ednez<\/b> ha vuelto a pronunciarse y <b>ha lanzado varios mensajes<\/b> tanto al artista como a la esteticista.\u00a0<\/p>\n<p class=\"c-paragraph\">En un primer momento, Fabiola Mart\u00ednez ha asegurado no tener ni idea de las declaraciones de Guill\u00e9n. \u00ab<b>Poco puedo aportar ah\u00ed porque realmente yo no s\u00e9 lo que pasa<\/b>, ni lo que ellos hablan. Cualquier cosa que diga es pillarme los dedos\u00bb, ha explicado ante las c\u00e1maras de Europa Press.\u00a0<\/p>\n<p class=\"c-paragraph\">Aun as\u00ed, la venezolana, a modo de consejo para Gabriela, ha comentado que, conociendo a<b>\u00a0<\/b>Bert\u00edn,\u00a0\u00abno puede ir a la fuerza con nada\u00bb porque\u00a0<b>\u00abpor las malas no vas a conseguir nunca nada\u00bb.\u00a0<\/b><\/p>\n<p class=\"c-paragraph\"><b>\u00abCada uno es responsable de lo que da<\/b>, de lo que habla y de lo que dice\u00bb, ha a\u00f1adido Fabiola Mart\u00ednez, dejando claro que el artista \u00abha sido siempre as\u00ed\u00bb. <b>\u00abSi fuerzas algo con \u00e9l, olv\u00eddate, no tienes nada que hacer\u00bb<\/b>, ha asegurado.\u00a0<\/p>\n<p class=\"c-paragraph\">La venezolana ha aprovechado para recordarles tanto a Bert\u00edn Osborne como a Gabriela Guill\u00e9n que \u00abtodo lo que se dice, lo que se puede quedar registrado, <b>el d\u00eda de ma\u00f1ana te puede explotar en la cara\u00bb<\/b>. \u00abEse ni\u00f1o crecer\u00e1 y ver\u00e1 lo que se ha dicho en su nombre y <b>hay que tener un poquito de sentido com\u00fan\u00bb<\/b>, ha expresado.\u00a0<\/p>\n<p class=\"c-paragraph\">Aunque <b>entiende la desesperaci\u00f3n de Gabriela \u00abcomo madre\u00bb <\/b>por ver que el artista se mantiene ausente en la vida de su hijo, Fabiola Mart\u00ednez le ha recordado que <b>no puede obligarlo a ser como no es. <\/b>\u00abEs responsabilidad de cada uno c\u00f3mo intentas hacer ver c\u00f3mo tienes que cambiar esa actitud\u00bb, ha a\u00f1adido.<\/p>\n<p class=\"c-paragraph\">Fabiola Mart\u00ednez ha aclarado que no pretende que haya \u00abni clases ni diferencias\u00bb entre sus hijos, pero ha recordado que <b>cuando sus hijos con Osborne nacen lo hacen \u00aben un matrimonio\u00bb,<\/b> con \u00abesa paternidad en conjunto\u00bb y que ese \u00abno ha sido el caso\u00bb del hijo de Gabriela. <b>\u00abEse ni\u00f1o no ha nacido en un n\u00facleo familiar,<\/b> aunque eso no quita que tenga a su padre y su madre\u00bb, ha a\u00f1adido. \u00a0<\/p>\n<p class=\"c-paragraph\"><b>\u00abHay que dejar\u00a0tiempo,<\/b> el ni\u00f1o crecer\u00e1, van pasando cosas y Dios quiera que la vida sea muy larga para que de tiempo a muchas cosas\u00bb, ha continuado Fabiola, a\u00f1adiendo que <b>no\u00a0pueden \u00abpretender que todo pase ya\u00bb.<\/b><\/p>\n<p class=\"c-paragraph\"><b>\u00abTiene seis hijos, si le juzgamos por uno, la balanza no est\u00e1 compensada\u00bb<\/b>, ha reflexionado Fabiola Mart\u00ednez, que ha mandado un \u00faltimo mensaje: <b>\u00abSabemos lo que cuenta una parte, pero&#8230;\u00bb.<\/b><\/p>\n","protected":false},"excerpt":{"rendered":"Horas despu\u00e9s de que Gabriela Guill\u00e9n acudiese a \u00a1De viernes! para hablar de c\u00f3mo se encuentra su relaci\u00f3n&hellip;\n","protected":false},"author":2,"featured_media":262793,"comment_status":"","ping_status":"","sticky":false,"template":"","format":"standard","meta":{"footnotes":""},"categories":[171],"tags":[146,147,3141,25,24,61624,24056,825,6461,23,214],"class_list":{"0":"post-262792","1":"post","2":"type-post","3":"status-publish","4":"format-standard","5":"has-post-thumbnail","7":"category-tv","8":"tag-entertainment","9":"tag-entretenimiento","10":"tag-entrevista","11":"tag-es","12":"tag-espana","13":"tag-fabiola","14":"tag-gabriela","15":"tag-martinez","16":"tag-reacciona","17":"tag-spain","18":"tag-tv"},"share_on_mastodon":{"url":"https:\/\/pubeurope.com\/@es\/115635604920072376","error":""},"_links":{"self":[{"href":"https:\/\/www.europesays.com\/es\/wp-json\/wp\/v2\/posts\/262792","targetHints":{"allow":["GET"]}}],"collection":[{"href":"https:\/\/www.europesays.com\/es\/wp-json\/wp\/v2\/posts"}],"about":[{"href":"https:\/\/www.europesays.com\/es\/wp-json\/wp\/v2\/types\/post"}],"author":[{"embeddable":true,"href":"https:\/\/www.europesays.com\/es\/wp-json\/wp\/v2\/users\/2"}],"replies":[{"embeddable":true,"href":"https:\/\/www.europesays.com\/es\/wp-json\/wp\/v2\/comments?post=262792"}],"version-history":[{"count":0,"href":"https:\/\/www.europesays.com\/es\/wp-json\/wp\/v2\/posts\/262792\/revisions"}],"wp:featuredmedia":[{"embeddable":true,"href":"https:\/\/www.europesays.com\/es\/wp-json\/wp\/v2\/media\/262793"}],"wp:attachment":[{"href":"https:\/\/www.europesays.com\/es\/wp-json\/wp\/v2\/media?parent=262792"}],"wp:term":[{"taxonomy":"category","embeddable":true,"href":"https:\/\/www.europesays.com\/es\/wp-json\/wp\/v2\/categories?post=262792"},{"taxonomy":"post_tag","embeddable":true,"href":"https:\/\/www.europesays.com\/es\/wp-json\/wp\/v2\/tags?post=262792"}],"curies":[{"name":"wp","href":"https:\/\/api.w.org\/{rel}","templated":true}]}}