{"id":262794,"date":"2025-11-29T23:35:12","date_gmt":"2025-11-29T23:35:12","guid":{"rendered":"https:\/\/www.europesays.com\/es\/262794\/"},"modified":"2025-11-29T23:35:12","modified_gmt":"2025-11-29T23:35:12","slug":"michael-b-jordan-confirma-que-creed-iv-llegara-tarde-o-temprano-y-anuncia-cambios-en-la-serie-delphi-vereis-diferentes-partes-del-creedverso","status":"publish","type":"post","link":"https:\/\/www.europesays.com\/es\/262794\/","title":{"rendered":"Michael B. Jordan confirma que &#8216;Creed IV&#8217; llegar\u00e1 tarde o temprano y anuncia cambios en la serie &#8216;Delphi&#8217;. \u00abVer\u00e9is diferentes partes del CreedVerso\u00bb"},"content":{"rendered":"<p>Ya han pasado cerca de dos a\u00f1os y medio desde que Michael B. Jordan debut\u00f3 en la direcci\u00f3n haciendo doblete frente a las c\u00e1maras con la electrizante <a class=\"text-outboundlink\" href=\"https:\/\/www.espinof.com\/criticas\/creed-iii-michael-b-jordan-insufla-azucar-pasion-anime-a-notable-espectaculo-que-demuestra-que-saga-no-necesita-a-rocky-para-sobrevivir\" data-vars-post-title=\"&#039;Creed III&#039;: Michael B. Jordan insufla az\u00facar y pasi\u00f3n por el anime a un notable espect\u00e1culo que demuestra que la saga no necesita a Rocky para sobrevivir\" data-vars-post-url=\"https:\/\/www.espinof.com\/criticas\/creed-iii-michael-b-jordan-insufla-azucar-pasion-anime-a-notable-espectaculo-que-demuestra-que-saga-no-necesita-a-rocky-para-sobrevivir\" rel=\"nofollow noopener\" target=\"_blank\">&#8216;Creed III&#8217;<\/a>. Desde entonces, los spin-off de la saga &#8216;Rocky&#8217; se han quedado en trilog\u00eda, pero como suele ocurrir con las franquicias \u2014sobre todo las que reportan beneficios a los estudios responsables\u2014, <strong>las aventuras de Adonis y compa\u00f1\u00eda en el cuadril\u00e1tero<\/strong> est\u00e1n lejos de darse por terminadas.<\/p>\n<p>No se acaban los guantazos<\/p>\n<p>Durante una entrevista con <a rel=\"noopener, noreferrer nofollow\" href=\"https:\/\/variety.com\/2025\/film\/awards\/michael-b-jordan-sinners-thomas-crown-affair-creed-4-1236591214\/\" target=\"_blank\">Variety<\/a>, Jordan ha dado pistas sobre <strong>una m\u00e1s que probable &#8216;Creed IV&#8217;<\/strong> que se materializar\u00e1 tarde o temprano y para la que, seg\u00fan asegura, tiene material e ideas de sobra:<\/p>\n<blockquote><p>\u00abCon el tiempo, definitivamente. Es una franquicia que ha sido muy generosa conmigo a lo grande. Me encanta MGM e Irwin Winkler y todo lo que tienen entre manos. Creo que a\u00fan queda algo m\u00e1s de historia que se puede exprimir ah\u00ed.<\/p><\/blockquote>\n<blockquote><p>\u00bfQuiero estar en el ring boxeando los pr\u00f3ximos 15 a\u00f1os? No tanto. Pero creo que hay formas ingeniosas y personajes interesantes que hemos establecido y que quiz\u00e1 queramos ver hacia d\u00f3nde van, junto con la introducci\u00f3n de otros nuevos que tengo en mente. Todav\u00eda podr\u00eda dar un par de buenos golpes m\u00e1s dentro de la franquicia\u00bb.<\/p><\/blockquote>\n<p>    <a href=\"https:\/\/www.espinof.com\/listas\/sylvester-stallone-pone-nota-a-todas-sus-peliculas-rocky-pone-diez-tambien-solido-cero\" class=\"pivot-outboundlink\" data-vars-post-title=\"Sylvester Stallone pone nota a las pel\u00edculas de la saga &#039;Rocky&#039;. Tiene muy clara la mejor y ninguna piedad con la peor: &quot;Un cero&quot;\" rel=\"nofollow noopener\" target=\"_blank\"><br \/>\n     <img loading=\"lazy\" decoding=\"async\" alt=\"Sylvester Stallone pone nota a las pel\u00edculas de la saga 'Rocky'. Tiene muy clara la mejor y ninguna piedad con la peor: &quot;Un cero&quot;\" width=\"375\" height=\"142\" src=\"https:\/\/www.europesays.com\/es\/wp-content\/uploads\/2025\/11\/1764459312_881_375_142.jpeg\"\/><br \/>\n    <\/a><\/p>\n<p>Ahora bien, siguiendo nuevamente con las tendencias de la industria, no es de extra\u00f1ar que la IP vaya a dar tambi\u00e9n el salto a la peque\u00f1a pantalla con <a class=\"text-outboundlink\" href=\"https:\/\/www.espinof.com\/proyectos\/legado-adonis-continua-delphi-nueva-serie-universo-creed-rocky-que-trae-vuelta-al-ring-a-michael-b-jordan\" data-vars-post-title=\"El legado de Adonis contin\u00faa con &#039;Delphi&#039;, la nueva serie del universo &#039;Creed&#039; y &#039;Rocky&#039; que trae de vuelta al ring a Michael B. Jordan \" data-vars-post-url=\"https:\/\/www.espinof.com\/proyectos\/legado-adonis-continua-delphi-nueva-serie-universo-creed-rocky-que-trae-vuelta-al-ring-a-michael-b-jordan\" rel=\"nofollow noopener\" target=\"_blank\">&#8216;Delphi&#8217;<\/a>, una serie de televisi\u00f3n que, seg\u00fan trascendi\u00f3 hace unos siete meses, estar\u00eda centrada en los atletas del gimnasio de boxeo que aparece en los largometrajes. Nada m\u00e1s lejos de la realidad, porque parece que <strong>la gente de Amazon ha optado por dar un lavado de cara a la premisa<\/strong> y dejarlo todo en familia.\u00a0<\/p>\n<blockquote><p>\u00abEstamos haciendo un spin-off sobre la historia de Amara, la hija de Adonis, la serie de televisi\u00f3n que ha encargado Amazon. As\u00ed que vais a ver diferentes partes del Creed-verso, como yo lo llamo. Estas peque\u00f1as IP van a mantener vivo el universo sin que dependa completamente de m\u00ed para llevarlo hasta la meta cada vez como boxeador. Yo estar\u00e9 en paralelo\u00bb.<\/p><\/blockquote>\n<p>Dicho queda. Tras el MonsterVerso y el WarrenVerso, tendremos un CreedVerso que, a la larga, <strong>no depender\u00e1 de Michael B. Jordan para mantener viva la llama<\/strong> y, con suerte, la audiencia y la taquilla de unos dramas deportivos que contin\u00faan casi tan frescos como el primer d\u00eda.<\/p>\n<p>Si quieres una raci\u00f3n semanal de informaci\u00f3n y otras cosas relacionadas con el mundo del cine, date una vuelta por nuestra Newsletter,\u00a0<a class=\"text-outboundlink\" href=\"https:\/\/www.espinof.com\/espinof\/llega-espinofrenia-newsletter-gratuita-espinof-opiniones-tapujos-mejor-semana-horribles-juegos-palabras-marca-casa\" data-vars-post-title=\"\u00a1Llega Espinofrenia! La newsletter gratuita de Espinof con opiniones sin tapujos, lo mejor de la semana y horribles juegos de palabras marca de la casa \" data-vars-post-url=\"https:\/\/www.espinof.com\/espinof\/llega-espinofrenia-newsletter-gratuita-espinof-opiniones-tapujos-mejor-semana-horribles-juegos-palabras-marca-casa\" rel=\"nofollow noopener\" target=\"_blank\">Espinofrenia<\/a>.<\/p>\n<p>En Espinof |\u00a0<a class=\"text-outboundlink\" href=\"https:\/\/www.espinof.com\/listas\/mejores-peliculas-2025\" data-vars-post-title=\"Las 15 mejores pel\u00edculas de 2025 (por ahora)\" data-vars-post-url=\"https:\/\/www.espinof.com\/listas\/mejores-peliculas-2025\" rel=\"nofollow noopener\" target=\"_blank\">Las mejores pel\u00edculas de 2025<\/a><\/p>\n<p>En Espinof |\u00a0<a class=\"text-outboundlink\" href=\"https:\/\/www.espinof.com\/listas\/mejores-series-2025\" data-vars-post-title=\"Las 15 mejores series de 2025 (por ahora)\" data-vars-post-url=\"https:\/\/www.espinof.com\/listas\/mejores-series-2025\" rel=\"nofollow noopener\" target=\"_blank\">Las mejores series de 2025<\/a>\u00a0<\/p>\n","protected":false},"excerpt":{"rendered":"Ya han pasado cerca de dos a\u00f1os y medio desde que Michael B. Jordan debut\u00f3 en la direcci\u00f3n&hellip;\n","protected":false},"author":2,"featured_media":262795,"comment_status":"","ping_status":"","sticky":false,"template":"","format":"standard","meta":{"footnotes":""},"categories":[169],"tags":[177,146,147,25,24,176,175,23],"class_list":{"0":"post-262794","1":"post","2":"type-post","3":"status-publish","4":"format-standard","5":"has-post-thumbnail","7":"category-cine","8":"tag-cine","9":"tag-entertainment","10":"tag-entretenimiento","11":"tag-es","12":"tag-espana","13":"tag-film","14":"tag-movies","15":"tag-spain"},"share_on_mastodon":{"url":"https:\/\/pubeurope.com\/@es\/115635613151351835","error":""},"_links":{"self":[{"href":"https:\/\/www.europesays.com\/es\/wp-json\/wp\/v2\/posts\/262794","targetHints":{"allow":["GET"]}}],"collection":[{"href":"https:\/\/www.europesays.com\/es\/wp-json\/wp\/v2\/posts"}],"about":[{"href":"https:\/\/www.europesays.com\/es\/wp-json\/wp\/v2\/types\/post"}],"author":[{"embeddable":true,"href":"https:\/\/www.europesays.com\/es\/wp-json\/wp\/v2\/users\/2"}],"replies":[{"embeddable":true,"href":"https:\/\/www.europesays.com\/es\/wp-json\/wp\/v2\/comments?post=262794"}],"version-history":[{"count":0,"href":"https:\/\/www.europesays.com\/es\/wp-json\/wp\/v2\/posts\/262794\/revisions"}],"wp:featuredmedia":[{"embeddable":true,"href":"https:\/\/www.europesays.com\/es\/wp-json\/wp\/v2\/media\/262795"}],"wp:attachment":[{"href":"https:\/\/www.europesays.com\/es\/wp-json\/wp\/v2\/media?parent=262794"}],"wp:term":[{"taxonomy":"category","embeddable":true,"href":"https:\/\/www.europesays.com\/es\/wp-json\/wp\/v2\/categories?post=262794"},{"taxonomy":"post_tag","embeddable":true,"href":"https:\/\/www.europesays.com\/es\/wp-json\/wp\/v2\/tags?post=262794"}],"curies":[{"name":"wp","href":"https:\/\/api.w.org\/{rel}","templated":true}]}}