{"id":262796,"date":"2025-11-29T23:36:13","date_gmt":"2025-11-29T23:36:13","guid":{"rendered":"https:\/\/www.europesays.com\/es\/262796\/"},"modified":"2025-11-29T23:36:13","modified_gmt":"2025-11-29T23:36:13","slug":"mensaje-de-flick-y-contagioso-raphinha-por-lobo-carrasco","status":"publish","type":"post","link":"https:\/\/www.europesays.com\/es\/262796\/","title":{"rendered":"Mensaje de Flick y contagioso Raphinha, por Lobo Carrasco"},"content":{"rendered":"<p data-gtm-element-container=\"modulo-texto-link\" class=\"paragraph\"><strong>1.Mensaje de Flick y contagioso Raphinha<\/strong><\/p>\n<p data-gtm-element-container=\"modulo-texto-link\" class=\"paragraph\">Comienzo inesperado, 0-1 sin llegar al primer minuto de juego, para un once de La Masia con ganas de desquite frente al Alav\u00e9s. Un c\u00f3rner, un mal despeje y gol de <strong>Pablo Ib\u00e1\u00f1ez<\/strong> para fastidio azulgrana. Pero quedaba demasiado tiempo para subsanar el fallo y r\u00e1pidamente, se lo hicieron saber al conjunto babazorro los compa\u00f1eros de <strong>Joan Garcia<\/strong>. Viendo c\u00f3mo buscaban la profundidad y cu\u00e1nto presionaban los blaugranas, cuesti\u00f3n de tiempo.<\/p>\n<p data-gtm-element-container=\"modulo-texto-link\" class=\"paragraph\">Tras el mensaje enviado por <strong>Hansi Flick<\/strong> al plantel (\u201cquien no apriete mand\u00edbulas y quien no trabaje con hambre quedar\u00e1 relegado\u201d), la vuelta de <strong>Raphinha<\/strong> fue determinante para <strong>Balde<\/strong>, <strong>Marc Bernal<\/strong>, <strong>Casad\u00f3 <\/strong>y <strong>Olmo<\/strong>. Con y sin pelota, el capit\u00e1n del Bar\u00e7a contagi\u00f3 al equipo el ritmo que le faltaba.<\/p>\n<p data-gtm-element-container=\"modulo-texto-link\" class=\"paragraph\">De su profundidad, buen pase de <strong>Gerard Mart\u00edn<\/strong> jugando ayer de central junto a <strong>Cubars\u00ed<\/strong>, sac\u00f3 el conjunto blaugrana el 1-1 logrado por <strong>Lamine<\/strong>. Fue en el minuto ocho tras un arrastre de <strong>Lewandowski <\/strong>y <strong>Olmo<\/strong> para disgusto de <strong>Tenaglia<\/strong>, <strong>Pacheco<\/strong>, el mediocentro <strong>Blanco <\/strong>y <strong>Sivera<\/strong>. A\u00fan quedaba mucho tiempo.<\/p>\n<p data-gtm-element-container=\"modulo-texto-link\" class=\"paragraph\"><strong>2. Salva Joan Garcia, casi finiquita Lamine Yamal<\/strong><\/p>\n<p data-gtm-element-container=\"modulo-texto-link\" class=\"paragraph\">Frente al 4-1-4-1 visitante en el \u00faltimo cuarto, el Bar\u00e7a opon\u00eda m\u00e1s dominio, instinto rematador y buena prevenci\u00f3n defensiva por parte de <strong>Pau Cubars\u00ed<\/strong> y del propio <strong>Gerard Mart\u00edn,<\/strong>\u00a0evitando que <strong>Lucas Boy\u00e9<\/strong> pudiera jugar de cara al \u00e1rea blaugrana. Pero el Alav\u00e9s fue valiente, metiendo muchos jugadores por delante de la pelota, y en los pocos proyecto ofensivos que gener\u00f3 en el primer acto, volvi\u00f3 a ilusionarse. No sucedi\u00f3 lo que deseaban: en otro ataque <strong>Raphinha<\/strong>, misma banda, la izquierda, <strong>Dani Olmo<\/strong> factur\u00f3 limpiamente el 2-1 entrando en \u00e1rea alavesista.<\/p>\n<p data-gtm-element-container=\"modulo-texto-link\" class=\"paragraph\">Eso ocurri\u00f3 en el minuto veintis\u00e9is, justo despu\u00e9s de ver la parada de la tarde lograda por <strong>Joan Garcia<\/strong> para grand\u00edsima sorpresa de <strong>Jonny Otto<\/strong> y enorme j\u00fabilo blaugrana. Evidentemente, no estaba finiquitado el partido. Quien lo pudo cerrar fue <strong>Lamine <\/strong>marc\u00e1ndose un jugad\u00f3n antes de cerrar el primer tiempo: cuando ten\u00eda a <strong>Sivera <\/strong>eliminado, remat\u00f3 sin girar el tobillo de su diestra y la pelota fue al poste.<\/p>\n<p data-gtm-element-container=\"modulo-texto-link\" class=\"paragraph\"><strong>3. Y lo de Pedri<\/strong><\/p>\n<p data-gtm-element-container=\"modulo-texto-link\" class=\"paragraph\">Es otro f\u00fatbol el que aplica el centrocampista del Bar\u00e7a. En la media hora que estuvo sobre el cuidado c\u00e9sped del Nou Camp Nou entusiasm\u00f3 regalando una clase de c\u00f3mo ir hacia delante sin que te quiten la pelota. Con sus giros y elecciones, siempre acertadas, el equipo de <strong>Flick <\/strong>oli\u00f3 el tercer gol permanentemente.<\/p>\n<p data-gtm-element-container=\"modulo-texto-link\" class=\"paragraph\">Y lleg\u00f3 el ansiado 3-1 en el tiempo final de la forma m\u00e1s esperada: contragolpe para <strong>Lamine <\/strong>y acierto rematador de <strong>Dani Olmo<\/strong> con casi todo el Alav\u00e9s metido en campo azulgrana. Los cambios efectuados por <strong>Coudet<\/strong>, sobre todo el de <strong>Carlos Vicente<\/strong>, casi le dan premio pero volvi\u00f3 a ser decisivo <strong>Joan Garcia<\/strong>; esta vez ante <strong>Guridi <\/strong>(en caso de revisi\u00f3n v\u00eda VAR).<\/p>\n<p data-gtm-element-container=\"modulo-texto-link\" class=\"paragraph\">Concluyendo, se not\u00f3 el hambre de titularidad por parte de <strong>Casad\u00f3<\/strong>, <strong>Bernal <\/strong>y <strong>Gerard Mart\u00edn<\/strong> en un Bar\u00e7a que necesitaba el vuelo sostenido de <strong>Raphinha <\/strong>m\u00e1s el f\u00fatbol de <strong>Pedri<\/strong>. Liderato conseguido con sensaciones muy positivas aunque mejorables.<\/p>\n","protected":false},"excerpt":{"rendered":"1.Mensaje de Flick y contagioso Raphinha Comienzo inesperado, 0-1 sin llegar al primer minuto de juego, para un&hellip;\n","protected":false},"author":2,"featured_media":262797,"comment_status":"","ping_status":"","sticky":false,"template":"","format":"standard","meta":{"footnotes":""},"categories":[93],"tags":[168,25,24,23,167],"class_list":{"0":"post-262796","1":"post","2":"type-post","3":"status-publish","4":"format-standard","5":"has-post-thumbnail","7":"category-deportes","8":"tag-deportes","9":"tag-es","10":"tag-espana","11":"tag-spain","12":"tag-sports"},"share_on_mastodon":{"url":"https:\/\/pubeurope.com\/@es\/115635616675775782","error":""},"_links":{"self":[{"href":"https:\/\/www.europesays.com\/es\/wp-json\/wp\/v2\/posts\/262796","targetHints":{"allow":["GET"]}}],"collection":[{"href":"https:\/\/www.europesays.com\/es\/wp-json\/wp\/v2\/posts"}],"about":[{"href":"https:\/\/www.europesays.com\/es\/wp-json\/wp\/v2\/types\/post"}],"author":[{"embeddable":true,"href":"https:\/\/www.europesays.com\/es\/wp-json\/wp\/v2\/users\/2"}],"replies":[{"embeddable":true,"href":"https:\/\/www.europesays.com\/es\/wp-json\/wp\/v2\/comments?post=262796"}],"version-history":[{"count":0,"href":"https:\/\/www.europesays.com\/es\/wp-json\/wp\/v2\/posts\/262796\/revisions"}],"wp:featuredmedia":[{"embeddable":true,"href":"https:\/\/www.europesays.com\/es\/wp-json\/wp\/v2\/media\/262797"}],"wp:attachment":[{"href":"https:\/\/www.europesays.com\/es\/wp-json\/wp\/v2\/media?parent=262796"}],"wp:term":[{"taxonomy":"category","embeddable":true,"href":"https:\/\/www.europesays.com\/es\/wp-json\/wp\/v2\/categories?post=262796"},{"taxonomy":"post_tag","embeddable":true,"href":"https:\/\/www.europesays.com\/es\/wp-json\/wp\/v2\/tags?post=262796"}],"curies":[{"name":"wp","href":"https:\/\/api.w.org\/{rel}","templated":true}]}}