{"id":262798,"date":"2025-11-29T23:38:10","date_gmt":"2025-11-29T23:38:10","guid":{"rendered":"https:\/\/www.europesays.com\/es\/262798\/"},"modified":"2025-11-29T23:38:10","modified_gmt":"2025-11-29T23:38:10","slug":"eduardo-casanova-no-guarda-silencio-y-lo-cuenta-todo-sobre-su-primera-serie","status":"publish","type":"post","link":"https:\/\/www.europesays.com\/es\/262798\/","title":{"rendered":"Eduardo Casanova no guarda \u00abSilencio\u00bb y lo cuenta todo sobre su primera serie"},"content":{"rendered":"<p>Un viaje del siglo XIV al a\u00f1o 2030 de la mano de varias generaciones de mujeres vampiras sedientas de sangre humana limpia le sirve al director y guionista Eduardo Casanova para hacer un retrato del estigma ante el vih, en las v\u00edsperas del D\u00eda Mundial de la Lucha contra el VIH.<\/p>\n<p>Ya sabe el vecindario que aqu\u00ed todas somos fans del universo de Eduardo Casanova y no nos \u00edbamos a perder la oportunidad de charlar con \u00e9l de \u201cSilencio\u201d, la miniserie, de 3 episodios, que se estrena en Movistar + y que \u00e9l ha dirigido. De vampiras, de activismo, de amor y de todo lo que se nos ocurra hablamos con Eduardo Casanova.<\/p>\n","protected":false},"excerpt":{"rendered":"Un viaje del siglo XIV al a\u00f1o 2030 de la mano de varias generaciones de mujeres vampiras sedientas&hellip;\n","protected":false},"author":2,"featured_media":262799,"comment_status":"","ping_status":"","sticky":false,"template":"","format":"standard","meta":{"footnotes":""},"categories":[91],"tags":[65427,146,147,25,24,133,1448,1986,1987,23,65426],"class_list":{"0":"post-262798","1":"post","2":"type-post","3":"status-publish","4":"format-standard","5":"has-post-thumbnail","7":"category-entretenimiento","8":"tag-eduardo-casanova-no-guarda-silencio-y-lo-cuenta-todo-sobre-su-primera-serie","9":"tag-entertainment","10":"tag-entretenimiento","11":"tag-es","12":"tag-espana","13":"tag-online","14":"tag-radio","15":"tag-rne","16":"tag-rtve-play","17":"tag-spain","18":"tag-wisteria-lane"},"share_on_mastodon":{"url":"https:\/\/pubeurope.com\/@es\/115635624975228739","error":""},"_links":{"self":[{"href":"https:\/\/www.europesays.com\/es\/wp-json\/wp\/v2\/posts\/262798","targetHints":{"allow":["GET"]}}],"collection":[{"href":"https:\/\/www.europesays.com\/es\/wp-json\/wp\/v2\/posts"}],"about":[{"href":"https:\/\/www.europesays.com\/es\/wp-json\/wp\/v2\/types\/post"}],"author":[{"embeddable":true,"href":"https:\/\/www.europesays.com\/es\/wp-json\/wp\/v2\/users\/2"}],"replies":[{"embeddable":true,"href":"https:\/\/www.europesays.com\/es\/wp-json\/wp\/v2\/comments?post=262798"}],"version-history":[{"count":0,"href":"https:\/\/www.europesays.com\/es\/wp-json\/wp\/v2\/posts\/262798\/revisions"}],"wp:featuredmedia":[{"embeddable":true,"href":"https:\/\/www.europesays.com\/es\/wp-json\/wp\/v2\/media\/262799"}],"wp:attachment":[{"href":"https:\/\/www.europesays.com\/es\/wp-json\/wp\/v2\/media?parent=262798"}],"wp:term":[{"taxonomy":"category","embeddable":true,"href":"https:\/\/www.europesays.com\/es\/wp-json\/wp\/v2\/categories?post=262798"},{"taxonomy":"post_tag","embeddable":true,"href":"https:\/\/www.europesays.com\/es\/wp-json\/wp\/v2\/tags?post=262798"}],"curies":[{"name":"wp","href":"https:\/\/api.w.org\/{rel}","templated":true}]}}