{"id":262800,"date":"2025-11-29T23:39:14","date_gmt":"2025-11-29T23:39:14","guid":{"rendered":"https:\/\/www.europesays.com\/es\/262800\/"},"modified":"2025-11-29T23:39:14","modified_gmt":"2025-11-29T23:39:14","slug":"nintendo-presenta-oficialmente-a-los-companeros-de-samus-en-metroid-prime-4-beyond","status":"publish","type":"post","link":"https:\/\/www.europesays.com\/es\/262800\/","title":{"rendered":"Nintendo presenta oficialmente a los compa\u00f1eros de Samus en Metroid Prime 4: Beyond"},"content":{"rendered":"<p>Parece que tenemos novedades sobre los personajes que acompa\u00f1ar\u00e1n a Samus en esta aventura. Ya sab\u00e9is que<strong>\u00a0Retro Studios<\/strong>, la desarrolladora que ha estado trabajando en\u00a0<a href=\"https:\/\/www.nintenderos.com\/2024\/01\/se-cumplen-5-anos-desde-el-reinicio-de-metroid-prime-4\/\" rel=\"nofollow noopener\" target=\"_blank\">Metroid Prime 4<\/a>, por fin confirm\u00f3 hace unos meses\u00a0<a href=\"https:\/\/www.nintenderos.com\/2024\/06\/metroid-prime-4-beyond-por-fin-se-desvela-oficialmente\/\" rel=\"nofollow noopener\" target=\"_blank\">novedades del juego<\/a>\u00a0en el \u00faltimo Nintendo Direct, tras\u00a0<a href=\"https:\/\/www.nintenderos.com\/2024\/06\/se-cumplen-7-anos-desde-el-anuncio-original-de-metroid-prime-4-repaso-a-los-ultimos-detalles-y-rumores\/\" rel=\"nofollow noopener\" target=\"_blank\">a\u00f1os de espera<\/a>. \u00a1Y ahora traemos m\u00e1s noticias de Metroid Prime 4: Beyond!<\/p>\n<p>El esperad\u00edsimo Metroid Prime 4: Beyond<\/p>\n<p data-start=\"60\" data-end=\"204\"><strong data-start=\"60\" data-end=\"87\">Metroid Prime 4: Beyond<\/strong> presenta una historia completamente nueva en la que Samus Aran es transportada al planeta desconocido <strong data-start=\"190\" data-end=\"201\" data-is-only-node=\"\">Viewros<\/strong>. Sin embargo, ya sab\u00e9is que Samus no estar\u00e1 sola: la acompa\u00f1a un <strong data-start=\"244\" data-end=\"293\">equipo de soldados de la Federaci\u00f3n Gal\u00e1ctica<\/strong>, tambi\u00e9n transportados al mismo lugar.<\/p>\n<p data-start=\"60\" data-end=\"204\">Nintendo ahora ha presentado oficialmente al grupo de soldados que acompa\u00f1ar\u00e1n a Samus:<\/p>\n<p>Otros contenidos en esta categor\u00eda:<\/p>\n<ul>\n<li data-start=\"527\" data-end=\"651\"><strong data-start=\"527\" data-end=\"546\">Myles MacKenzie<\/strong>: ingeniero hablador, curioso pero precavido, con una fuerte \u00e9tica y habilidad para resolver problemas.<\/li>\n<\/ul>\n<p><img decoding=\"async\" src=\"https:\/\/www.europesays.com\/es\/wp-content\/uploads\/2025\/11\/1da4601f7888bad574b8b35d51b28f56.jpg\"\/><\/p>\n<ul>\n<li data-start=\"657\" data-end=\"786\"><strong data-start=\"657\" data-end=\"667\">Tokabi<\/strong>: cazador solitario que se uni\u00f3 al ej\u00e9rcito buscando estabilidad; lleva un talism\u00e1n de tigre que considera protector.<\/li>\n<\/ul>\n<p><img decoding=\"async\" src=\"https:\/\/www.europesays.com\/es\/wp-content\/uploads\/2025\/11\/a379716f0f6685e2ddd2124fe003d134.jpg\"\/><\/p>\n<ul>\n<li data-start=\"792\" data-end=\"920\"><strong data-start=\"792\" data-end=\"811\">Sargento \u201cDuke\u201d<\/strong>: veterano de muchas batallas contra los Piratas Espaciales; testarudo pero sincero y confiable en combate.<\/li>\n<\/ul>\n<p><img decoding=\"async\" src=\"https:\/\/www.europesays.com\/es\/wp-content\/uploads\/2025\/11\/5de992b86de5fdb90b4b654fab39e6a6.jpg\"\/><\/p>\n<ul>\n<li data-start=\"926\" data-end=\"1028\"><strong data-start=\"926\" data-end=\"960\">Soldado de Primera \u201cArmstrong\u201d<\/strong>: experta intuitiva en veh\u00edculos, proactiva y admiradora de Samus.<\/li>\n<\/ul>\n<p><img decoding=\"async\" src=\"https:\/\/www.europesays.com\/es\/wp-content\/uploads\/2025\/11\/5e1eb7f4908edbda28536bbd33e22a39.jpg\"\/><\/p>\n<ul>\n<li data-start=\"1034\" data-end=\"1170\"><strong data-start=\"1034\" data-end=\"1056\">Androide \u201cVUE-995\u201d<\/strong>: unidad de combate que opera veh\u00edculos y mechas; no tiene emociones reales, pero puede generar seudoe\u00admociones.<\/li>\n<\/ul>\n<p><img decoding=\"async\" src=\"https:\/\/www.europesays.com\/es\/wp-content\/uploads\/2025\/11\/9b8b8468f08036b16f222c5675a75406.jpg\"\/><\/p>\n<p>Tras la\u00a0<a href=\"https:\/\/www.nintenderos.com\/nintendo-switch-2\/metroid-prime-4-beyond-lista-de-mejoras-y-comparativa-en-video-entre-switch-1-y-switch-2\/\" rel=\"nofollow noopener\" target=\"_blank\">primera comparativa<\/a>, ahora tenemos estos detalles. Hace un tiempo tambi\u00e9n os ofrecimos sus primeras\u00a0<a href=\"https:\/\/www.nintenderos.com\/2024\/06\/metroid-prime-4-beyond-luce-simplemente-increible-en-sus-primeras-capturas-de-pantalla\/\" rel=\"nofollow noopener\" target=\"_blank\">capturas de pantalla<\/a>, as\u00ed como su\u00a0<a href=\"https:\/\/www.nintenderos.com\/2024\/06\/metroid-prime-4-beyond\/\" rel=\"nofollow noopener\" target=\"_blank\">primer an\u00e1lisis t\u00e9cnico<\/a>\u00a0y\u00a0<a href=\"https:\/\/www.nintenderos.com\/2024\/06\/nuevo-video-oficial-de-metroid-prime-4-beyond-muestra-mas-entornos\/\" rel=\"nofollow noopener\" target=\"_blank\">un nuevo v\u00eddeo de sus entornos<\/a>.<\/p>\n<p>Nosotros seguiremos atentos para ver qu\u00e9 sucede con esta entrega finalmente. Mientras tanto, \u00bfqu\u00e9 pens\u00e1is al respecto?<\/p>\n<p><a href=\"https:\/\/www.nintendolife.com\/news\/2025\/11\/metroid-prime-4-beyond-meet-the-team\" class=\"external\" rel=\"nofollow noopener\" target=\"_blank\">Fuente<\/a>.<\/p>\n","protected":false},"excerpt":{"rendered":"Parece que tenemos novedades sobre los personajes que acompa\u00f1ar\u00e1n a Samus en esta aventura. Ya sab\u00e9is que\u00a0Retro Studios,&hellip;\n","protected":false},"author":2,"featured_media":262801,"comment_status":"","ping_status":"","sticky":false,"template":"","format":"standard","meta":{"footnotes":""},"categories":[81],"tags":[119,123,124,25,24,40035,3885,117,121,122,23,118,120],"class_list":{"0":"post-262800","1":"post","2":"type-post","3":"status-publish","4":"format-standard","5":"has-post-thumbnail","7":"category-ciencia-y-tecnologia","8":"tag-ciencia","9":"tag-ciencia-y-tecnologia","10":"tag-cienciaytecnologia","11":"tag-es","12":"tag-espana","13":"tag-metroid-prime-4-beyond","14":"tag-personajes","15":"tag-science","16":"tag-science-and-technology","17":"tag-scienceandtechnology","18":"tag-spain","19":"tag-technology","20":"tag-tecnologia"},"share_on_mastodon":{"url":"https:\/\/pubeurope.com\/@es\/115635629086092950","error":""},"_links":{"self":[{"href":"https:\/\/www.europesays.com\/es\/wp-json\/wp\/v2\/posts\/262800","targetHints":{"allow":["GET"]}}],"collection":[{"href":"https:\/\/www.europesays.com\/es\/wp-json\/wp\/v2\/posts"}],"about":[{"href":"https:\/\/www.europesays.com\/es\/wp-json\/wp\/v2\/types\/post"}],"author":[{"embeddable":true,"href":"https:\/\/www.europesays.com\/es\/wp-json\/wp\/v2\/users\/2"}],"replies":[{"embeddable":true,"href":"https:\/\/www.europesays.com\/es\/wp-json\/wp\/v2\/comments?post=262800"}],"version-history":[{"count":0,"href":"https:\/\/www.europesays.com\/es\/wp-json\/wp\/v2\/posts\/262800\/revisions"}],"wp:featuredmedia":[{"embeddable":true,"href":"https:\/\/www.europesays.com\/es\/wp-json\/wp\/v2\/media\/262801"}],"wp:attachment":[{"href":"https:\/\/www.europesays.com\/es\/wp-json\/wp\/v2\/media?parent=262800"}],"wp:term":[{"taxonomy":"category","embeddable":true,"href":"https:\/\/www.europesays.com\/es\/wp-json\/wp\/v2\/categories?post=262800"},{"taxonomy":"post_tag","embeddable":true,"href":"https:\/\/www.europesays.com\/es\/wp-json\/wp\/v2\/tags?post=262800"}],"curies":[{"name":"wp","href":"https:\/\/api.w.org\/{rel}","templated":true}]}}