{"id":262806,"date":"2025-11-29T23:42:08","date_gmt":"2025-11-29T23:42:08","guid":{"rendered":"https:\/\/www.europesays.com\/es\/262806\/"},"modified":"2025-11-29T23:42:08","modified_gmt":"2025-11-29T23:42:08","slug":"varias-protestas-denuncian-en-ciudades-espanolas-que-sigue-el-genocidio-contra-el-pueblo-palestino","status":"publish","type":"post","link":"https:\/\/www.europesays.com\/es\/262806\/","title":{"rendered":"Varias protestas denuncian en ciudades espa\u00f1olas que sigue el genocidio contra el pueblo palestino"},"content":{"rendered":"<p class=\"L6-news-detail__text\">Numerosas ciudades espa\u00f1olas han albergado este s\u00e1bado<b> nuevas manifestaciones en apoyo al pueblo palestino<\/b> y han denunciado que Israel contin\u00faa perpetrando un \u00abgenocidio\u00bb pese <b><a title=\"al plan de paz alcanzado con la mediaci\u00f3n de Estados Unidos\" href=\"https:\/\/www.lasexta.com\/noticias\/internacional\/donald-trump-pone-gaza-segundo-plano-convierte-firma-acuerdo-paz-espectaculo-ego_2025101368ed4c9a0e3c6c509833b9fa.html\" target=\"_blank\" rel=\"nofollow noopener\">al plan de paz alcanzado con la mediaci\u00f3n de Estados Unidos<\/a><\/b>.<\/p>\n<p class=\"L6-news-detail__text\">En el D\u00eda Internacional de Solidaridad con el Pueblo Palestino, en Madrid se ha celebrado nueva marcha ciudadana <b>para exigir al Gobierno el embargo de armas y la ruptura de relaciones con Israel porque \u00abel genocidio contin\u00faa\u00bb. <\/b><\/p>\n<p class=\"L6-news-detail__text\">La manifestaci\u00f3n, que ha cubierto el recorrido desde Atocha a Gran V\u00eda, ha sido convocada por las Asambleas con la Resistencia Palestina, Embargo de Armas ya y la Red Solidaria contra la Ocupaci\u00f3n de Palestina.<\/p>\n<p class=\"L6-news-detail__text\">Por su parte,<b> en Barcelona, alrededor de 800 personas<\/b> seg\u00fan la Guardia Urbana se han manifestado tambi\u00e9n para reclamar el embargo de armas a Israel y la ruptura total de relaciones con este pa\u00eds a causa de su actuaci\u00f3n en Palestina.<\/p>\n<p class=\"L6-news-detail__text\">Medio millar de personas han secundado otra marcha en <b>Logro\u00f1o<\/b> para que no se olvide la situaci\u00f3n que vive el pueblo palestino y para llamar la atenci\u00f3n sobre el papel de Europa en este conflicto.<\/p>\n<p class=\"L6-news-detail__text\">Una bicicletada ha recorrido, por su parte, las calles de <b>Santander<\/b> para reclamar el fin del \u00abgenocidio\u00bb y la plataforma Palestinarekin Elkartasuna (Solidaridad con Palestina) ha realizado este s\u00e1bado movilizaciones en las tres capitales vascas para acusar a Israel de \u00abincumplir su palabra\u00bb y denunciar la \u00abfalsedad\u00bb del alto el fuego en Gaza.<\/p>\n<p class=\"L6-news-detail__text\">Los convocantes han responsabilizado adem\u00e1s al Estado jud\u00edo de mantener \u00ablos bombardeos, los asesinatos y el bloqueo de ayuda humanitaria\u00bb dos meses despu\u00e9s de que se firmase el acuerdo de alto el fuego.<\/p>\n<p class=\"L6-news-detail__text\">Otras ciudades tambi\u00e9n han marchado para apoyar al pueblo palestino, entre ellas, Toledo, Palencia, Cuenca, Guadalajara, Burgos y Le\u00f3n.<\/p>\n<p class=\"L6-news-detail__text\"><b><a title=\"*Sigue a laSexta en Google. Toda la actualidad y el mejor contenido aqu\u00ed.\" href=\"https:\/\/profile.google.com\/cp\/CgkvbS8wZG5xejA\" target=\"_blank\" rel=\"nofollow noopener\">*Sigue a laSexta en Google. Toda la actualidad y el mejor contenido aqu\u00ed.<\/a><\/b><\/p>\n<p class=\"L6-support-news-video__title\">Accidente laboral<\/p>\n<p>            <a href=\"https:\/\/www.lasexta.com\/noticias\/sociedad\/muere-trabajador-labores-reconstruccion-dana-casinos-quedar-atrapado-dos-maquinas_20251129692b32859261f37ec735ad0e.html\" class=\"L6-news__link\" rel=\"nofollow noopener\" target=\"_blank\"><br \/>\n                Muere un trabajador al quedar atrapado entre dos m\u00e1quinas durante las labores de reconstrucci\u00f3n de la DANA en Casinos<\/p>\n<p class=\"recirculation-video-desc\">Los detalles El hombre, de 56 a\u00f1os, era un empleado de una empresa subcontratada por Tragsa, que es la encargada de ejecutar trabajos de reconstrucci\u00f3n para diferentes administraciones.<\/p>\n<p>            <\/a><\/p>\n","protected":false},"excerpt":{"rendered":"Numerosas ciudades espa\u00f1olas han albergado este s\u00e1bado nuevas manifestaciones en apoyo al pueblo palestino y han denunciado que&hellip;\n","protected":false},"author":2,"featured_media":262807,"comment_status":"","ping_status":"","sticky":false,"template":"","format":"standard","meta":{"footnotes":""},"categories":[8],"tags":[17,18,25,24,13,14,11,19,20,9,10,15,16,23,12,21,22],"class_list":{"0":"post-262806","1":"post","2":"type-post","3":"status-publish","4":"format-standard","5":"has-post-thumbnail","7":"category-espana","8":"tag-breaking-news","9":"tag-breakingnews","10":"tag-es","11":"tag-espana","12":"tag-featured-news","13":"tag-featurednews","14":"tag-headlines","15":"tag-latest-news","16":"tag-latestnews","17":"tag-news","18":"tag-noticias","19":"tag-noticias-destacadas","20":"tag-noticiasdestacadas","21":"tag-spain","22":"tag-titulares","23":"tag-ultimas-noticias","24":"tag-ultimasnoticias"},"share_on_mastodon":{"url":"https:\/\/pubeurope.com\/@es\/115635640473647696","error":""},"_links":{"self":[{"href":"https:\/\/www.europesays.com\/es\/wp-json\/wp\/v2\/posts\/262806","targetHints":{"allow":["GET"]}}],"collection":[{"href":"https:\/\/www.europesays.com\/es\/wp-json\/wp\/v2\/posts"}],"about":[{"href":"https:\/\/www.europesays.com\/es\/wp-json\/wp\/v2\/types\/post"}],"author":[{"embeddable":true,"href":"https:\/\/www.europesays.com\/es\/wp-json\/wp\/v2\/users\/2"}],"replies":[{"embeddable":true,"href":"https:\/\/www.europesays.com\/es\/wp-json\/wp\/v2\/comments?post=262806"}],"version-history":[{"count":0,"href":"https:\/\/www.europesays.com\/es\/wp-json\/wp\/v2\/posts\/262806\/revisions"}],"wp:featuredmedia":[{"embeddable":true,"href":"https:\/\/www.europesays.com\/es\/wp-json\/wp\/v2\/media\/262807"}],"wp:attachment":[{"href":"https:\/\/www.europesays.com\/es\/wp-json\/wp\/v2\/media?parent=262806"}],"wp:term":[{"taxonomy":"category","embeddable":true,"href":"https:\/\/www.europesays.com\/es\/wp-json\/wp\/v2\/categories?post=262806"},{"taxonomy":"post_tag","embeddable":true,"href":"https:\/\/www.europesays.com\/es\/wp-json\/wp\/v2\/tags?post=262806"}],"curies":[{"name":"wp","href":"https:\/\/api.w.org\/{rel}","templated":true}]}}