{"id":262808,"date":"2025-11-29T23:43:32","date_gmt":"2025-11-29T23:43:32","guid":{"rendered":"https:\/\/www.europesays.com\/es\/262808\/"},"modified":"2025-11-29T23:43:32","modified_gmt":"2025-11-29T23:43:32","slug":"ugt-reafirma-su-solidaridad-con-el-pueblo-palestino","status":"publish","type":"post","link":"https:\/\/www.europesays.com\/es\/262808\/","title":{"rendered":"UGT reafirma su solidaridad con el pueblo palestino"},"content":{"rendered":"<p>Estos dos a\u00f1os de genocidio en Gaza bajo los ataques del Ej\u00e9rcito israel\u00ed han dejado un saldo tenebroso, que reflejan que estamos ante uno de los grandes desastres humanitarias del siglo XXI. Alrededor de 67.000 menores de edad han sido asesinados o heridos, maltrechos en la mayor\u00eda de casos con mutilaciones.<\/p>\n<p>En el d\u00eda internacional de la solidaridad con el pueblo palestino la Uni\u00f3n General de Trabajadoras y Trabajadores (UGT) reafirma una vez m\u00e1s que el horror que se ha vivido en Gaza sigue presente y no debe ser olvidado, que la dif\u00edcil situaci\u00f3n palestina no comenz\u00f3 hace dos a\u00f1os y que las problem\u00e1ticas del pueblo palestino no solo se encuentran en Gaza, sino tambi\u00e9n en Cisjordania y los territorios ilegalmente ocupados por los colonos israel\u00edes.<\/p>\n<p>UGT considera que la defensa del pueblo palestino es un deber de cualquier organizaci\u00f3n democr\u00e1tica y que este d\u00eda recuerda la que los pa\u00edses occidentales han promovido la ocupaci\u00f3n y el empoderamiento militar de Israel generando un Estado que ya no responde al derecho internacional, sino a sus propios intereses pol\u00edticos.\u00a0<\/p>\n<p>Adem\u00e1s, en este actual gobierno ultraderechista liderado por Netanyahu, muchos de los intereses tienen una perspectiva que parte del extremismo religioso. Occidente ha armado, legitimado y apoyado a un pa\u00eds que rige sus acciones bajo argumentos religiosos, un peligroso ejercicio que ha tenido como consecuencias un genocidio contra los palestinos.<\/p>\n<p>En esta jornada reafirmamos nuestro compromiso con el pueblo palestino y los leg\u00edtimos representantes de los trabajadores palestinos, particularmente los compa\u00f1eros y las compa\u00f1eras de la PGFTU, que unen a su labor sindical un trabajo humanitario que les ha puesto en grandes riesgos, como demuestran la ocupaci\u00f3n de su sede en Nablus por parte del ej\u00e9rcito israel\u00ed el pasado mes de octubre.<\/p>\n<p>Asimismo, exigimos a la comunidad internacional que deje de mirar hacia otro lado y asuma su responsabilidad hist\u00f3rica y presente en este conflicto. No basta con declaraciones simb\u00f3licas: es imprescindible que los Estados, las instituciones multilaterales y los organismos de derechos humanos act\u00faen con firmeza para garantizar el fin inmediato de toda agresi\u00f3n, el levantamiento total del bloqueo a Gaza y la protecci\u00f3n efectiva de la poblaci\u00f3n civil palestina.\u00a0<\/p>\n<p>La inacci\u00f3n, o peor a\u00fan, la complicidad mediante apoyo militar o diplom\u00e1tico a Israel, perpet\u00faa un sistema de opresi\u00f3n que ning\u00fan pueblo deber\u00eda soportar. La solidaridad debe traducirse en mecanismos reales de presi\u00f3n que obliguen al cumplimiento del derecho internacional y al reconocimiento efectivo de los derechos del pueblo palestino.<\/p>\n<p>Del mismo modo, rechazamos el actual acuerdo de paz impulsado desde la Administraci\u00f3n Trump, que, en lugar de responder a las demandas leg\u00edtimas del pueblo palestino, reproduce l\u00f3gicas coloniales y busca imponer una soluci\u00f3n dise\u00f1ada sin su participaci\u00f3n plena y soberana del pueblo palestino. Un acuerdo que no garantiza un plan claro para la autodeterminaci\u00f3n y que legitima hechos consumados producto de la ocupaci\u00f3n y la violencia no puede considerarse un camino hacia la paz, sino una prolongaci\u00f3n del sometimiento. La paz no puede construirse desde la imposici\u00f3n ni desde el desequilibrio de fuerzas, sino desde la justicia, la reparaci\u00f3n y el respeto absoluto a los derechos humanos y nacionales de Palestina.<br \/>\u00a0<\/p>\n<p>\u00a0<\/p>\n<p class=\"rtecenter\"><a href=\"https:\/\/www.ugt.es\/ficha-de-afiliacion\" target=\"_blank\" rel=\"nofollow noopener\"><img decoding=\"async\" src=\"https:\/\/www.europesays.com\/es\/wp-content\/uploads\/2025\/09\/ugt_afiliate_ok.jpeg\" width=\"333\" height=\"130\" loading=\"lazy\"\/><\/a><\/p>\n","protected":false},"excerpt":{"rendered":"Estos dos a\u00f1os de genocidio en Gaza bajo los ataques del Ej\u00e9rcito israel\u00ed han dejado un saldo tenebroso,&hellip;\n","protected":false},"author":2,"featured_media":262809,"comment_status":"","ping_status":"","sticky":false,"template":"","format":"standard","meta":{"footnotes":""},"categories":[5],"tags":[17,18,25,24,13,14,11,19,20,9,10,15,16,23,12,21,22],"class_list":{"0":"post-262808","1":"post","2":"type-post","3":"status-publish","4":"format-standard","5":"has-post-thumbnail","7":"category-titulares","8":"tag-breaking-news","9":"tag-breakingnews","10":"tag-es","11":"tag-espana","12":"tag-featured-news","13":"tag-featurednews","14":"tag-headlines","15":"tag-latest-news","16":"tag-latestnews","17":"tag-news","18":"tag-noticias","19":"tag-noticias-destacadas","20":"tag-noticiasdestacadas","21":"tag-spain","22":"tag-titulares","23":"tag-ultimas-noticias","24":"tag-ultimasnoticias"},"share_on_mastodon":{"url":"https:\/\/pubeurope.com\/@es\/115635644693962513","error":""},"_links":{"self":[{"href":"https:\/\/www.europesays.com\/es\/wp-json\/wp\/v2\/posts\/262808","targetHints":{"allow":["GET"]}}],"collection":[{"href":"https:\/\/www.europesays.com\/es\/wp-json\/wp\/v2\/posts"}],"about":[{"href":"https:\/\/www.europesays.com\/es\/wp-json\/wp\/v2\/types\/post"}],"author":[{"embeddable":true,"href":"https:\/\/www.europesays.com\/es\/wp-json\/wp\/v2\/users\/2"}],"replies":[{"embeddable":true,"href":"https:\/\/www.europesays.com\/es\/wp-json\/wp\/v2\/comments?post=262808"}],"version-history":[{"count":0,"href":"https:\/\/www.europesays.com\/es\/wp-json\/wp\/v2\/posts\/262808\/revisions"}],"wp:featuredmedia":[{"embeddable":true,"href":"https:\/\/www.europesays.com\/es\/wp-json\/wp\/v2\/media\/262809"}],"wp:attachment":[{"href":"https:\/\/www.europesays.com\/es\/wp-json\/wp\/v2\/media?parent=262808"}],"wp:term":[{"taxonomy":"category","embeddable":true,"href":"https:\/\/www.europesays.com\/es\/wp-json\/wp\/v2\/categories?post=262808"},{"taxonomy":"post_tag","embeddable":true,"href":"https:\/\/www.europesays.com\/es\/wp-json\/wp\/v2\/tags?post=262808"}],"curies":[{"name":"wp","href":"https:\/\/api.w.org\/{rel}","templated":true}]}}