{"id":262810,"date":"2025-11-29T23:48:13","date_gmt":"2025-11-29T23:48:13","guid":{"rendered":"https:\/\/www.europesays.com\/es\/262810\/"},"modified":"2025-11-29T23:48:13","modified_gmt":"2025-11-29T23:48:13","slug":"asi-fue-la-primera-final-de-espana-en-copa-davis","status":"publish","type":"post","link":"https:\/\/www.europesays.com\/es\/262810\/","title":{"rendered":"As\u00ed fue la primera final de Espa\u00f1a en Copa Davis"},"content":{"rendered":"<p class=\"quota-display text-align-center\">\n        <a href=\"https:\/\/www.puntodebreak.com\/MDBA-B3-PDB-QUOTA-25\" rel=\"sponsored nofollow noopener\" title=\"Apuesta en bet365\" target=\"_blank\"><\/p>\n<p>            <img decoding=\"async\" alt=\"Bet365\" class=\"bet-logo lazyload\" loading=\"lazy\" src=\"https:\/\/www.europesays.com\/es\/wp-content\/uploads\/2025\/11\/1764017829_940_b365.jpg\"\/>Streaming Challenger Temuco en directo<\/p>\n<p> \ud83c\udfbe Federico Agustin Gomez vs Lautaro Midon<\/p>\n<ol class=\"stream-card__steps\">\n<li>Entra aqu\u00ed y reg\u00edstrate en Bet365<\/li>\n<li>Haz tu primer dep\u00f3sito de m\u00ednimo 5\u00a0\u20ac<\/li>\n<li>Entra en la secci\u00f3n \u00abDirecto\u00bb y ve todos los partidos<\/li>\n<\/ol>\n<p>\n                                Ver partido en Bet365\n                            <\/p>\n<p>        <\/a>\n      <\/p>\n<p class=\"text-align-justify\">Hace justo una semana, <b>Espa\u00f1a<\/b> estaba contando las horas para enfrentarse a Italia por la <a href=\"https:\/\/www.puntodebreak.com\/tenis\/copa-davis-2025\" rel=\"nofollow noopener\" target=\"_blank\"><b>Copa Davis 2025<\/b><\/a>. Y hace casi 60 a\u00f1os, nuestra selecci\u00f3n aterrizaba por primera vez en una final, dejando un legado infinito para todos los jugadores que vinieron despu\u00e9s.<\/p>\n<p class=\"text-align-justify\">Todav\u00eda hay gente que recita de memoria la convocatoria: <b>Juan Manuel Couder<\/b> (1934), <a href=\"https:\/\/www.puntodebreak.com\/2025\/04\/20\/manolo-manuel\" rel=\"nofollow noopener\" target=\"_blank\"><b>Manuel Santana<\/b><\/a> (1938), <b>Jos\u00e9 Luis Arilla<\/b> (1941) y <b>Juan Gisbert<\/b> (1942). No nos olvidamos del capit\u00e1n, <b>Jaime Bartrol\u00ed <\/b>(1918). Era la Espa\u00f1a de 1965, la Espa\u00f1a en blanco y negro, la primera Espa\u00f1a que fue capaz de reunir el equipo y el talento para plantarse en una final de la <b>Copa Davis<\/b>. Un hecho hist\u00f3rico que, seis d\u00e9cadas despu\u00e9s, todav\u00eda nos conmueve al recordarlo. Qu\u00e9 dif\u00edcil fue regresar de Australia sin el t\u00edtulo, pero qu\u00e9 valiosa experiencia aquella para seguir creciendo y hoy presumir de seis Ensaladeras en nuestra vitrina.<\/p>\n<p class=\"text-align-justify\">Persiguiendo desde hace tiempo una oportunidad de tal calibre, Espa\u00f1a arranc\u00f3 la temporada 1965 con la sensaci\u00f3n de que algo grande pod\u00eda pasar. Primero derrotaron a <b>Grecia<\/b> (5-0), <b>Chile<\/b> (5-0), <b>Alemania<\/b> (4-1), <b>Checoslovaquia<\/b> (4-1) y <b>Sud\u00e1frica <\/b>(4-1) en la Zona Europa. Todas los cruces, excepto el de Praga, se disputaron en nuestro pa\u00eds. M\u00e1s adelante, en la Zona Interzonal, toc\u00f3 vencer a <b>Estados Unidos<\/b> en agosto (4-1) y a la <b>India<\/b> en noviembre (3-2). En total fueron siete eliminatorias, de las cuales seis se disputaron sobre la tierra batida del RCTB 1899. Era la magia de Barcelona, un lugar emblem\u00e1tico donde la Armada siempre supo hacer valer su imperio.<\/p>\n<p class=\"text-align-justify\">As\u00ed se lleg\u00f3 a la gran final, denominada <b>Challenge Round<\/b>, donde esperaba <b>Australia<\/b>. El formato \u2013utilizado tambi\u00e9n en otras disciplinas deportivas\u2013 consist\u00eda en que el vigente campe\u00f3n del torneo avanzaba directamente hasta la final del pr\u00f3ximo a\u00f1o. Un privilegio excesivo que no caducar\u00eda hasta 1972, haciendo que se abriera mucho m\u00e1s la competici\u00f3n y ofreciendo las mismas posibilidades a todos los participantes. Pero no fue as\u00ed en 1965, donde despu\u00e9s de ver a 43 naciones peleando por un mismo objetivo, Espa\u00f1a fue quien tom\u00f3 el avi\u00f3n rumbo a Sydney para retar a los actuales reyes del circuito.<\/p>\n<p><img decoding=\"async\" alt=\"Espa\u00f1a y Australia en la final de la Copa Davis 1965. Fuente: Getty\" data-entity-type=\"file\" data-entity-uuid=\"acb4f376-c190-4286-9235-57d7b31cc6e2\" class=\"align-center lazyload\" width=\"784\" height=\"537\" loading=\"lazy\" src=\"https:\/\/www.europesays.com\/es\/wp-content\/uploads\/2025\/11\/Copa-Davis-1965-Primera-Final-Espa\u00f1a-Australia.png\"\/><\/p>\n<p class=\"text-align-justify\">\u00a0<\/p>\n<p class=\"text-align-justify\">La final se disput\u00f3 en el White City Stadium del 27 al 29 de diciembre. El pa\u00eds anfitri\u00f3n, adem\u00e1s de jugar en casa, eleg\u00eda tambi\u00e9n la superficie. Teniendo en cuenta que Espa\u00f1a ven\u00eda arrasando a todos sus rivales sobre polvo de ladrillo, podr\u00e9is imaginar qu\u00e9 condiciones escogieron. Para Santana y compa\u00f1\u00eda ya era duro tener que volar casi 18.000km hasta el destino, pero lo que de verdad molestaba era tener que jugarse el t\u00edtulo sobre hierba. El reto era may\u00fasculo, aunque las principales adversidades ven\u00edan de m\u00e1s atr\u00e1s: <b>mientras que en Espa\u00f1a hab\u00eda por aquel entonces unas 350 pistas de tenis \u2013ninguna de hierba\u2013, en Australia contaban con unas 50.000<\/b>. Suena crudo, pero aquel desaf\u00edo se afront\u00f3 siendo conscientes de que ganar era imposible. No hab\u00eda nada que hacer.<\/p>\n<p class=\"text-align-justify\">Pero hab\u00eda que intentarlo, por supuesto, qu\u00e9 menos despu\u00e9s de tantos a\u00f1os de espera. Manolo Santana, que multiplic\u00f3 su cach\u00e9 dentro del circuito tras ganar en Forest Hills meses atr\u00e1s su tercer t\u00edtulo de Grand Slam \u2013el cuarto y \u00faltimo llegar\u00eda en Wimbledon 1966\u2013, tir\u00f3 de contactos para que el equipo espa\u00f1ol tuviera unos \u2018sparrings\u2019 de lujo a su llegada a las Ant\u00edpodas. As\u00ed fue como decidieron viajar unas semanas antes a Australia, donde les esperaban un tal <b><a href=\"https:\/\/www.puntodebreak.com\/2022\/12\/30\/rod-profesional\" rel=\"nofollow noopener\" target=\"_blank\">Rod Laver<\/a> <\/b>y un tal<b> Ken Rosewall.<\/b> Ambos campeones se hab\u00edan pasado al profesionalismo, por lo que ten\u00edan prohibido participar en la Copa Davis, aunque lo \u00faltimo que esperaba el aficionado aussie era ver a sus dos mayores leyendas entrenando con el equipo rival.<\/p>\n<p class=\"text-align-justify\">La escena provoc\u00f3 que m\u00e1s de uno dudara sobre su pron\u00f3stico final. \u00bfY si Espa\u00f1a daba la sorpresa? \u00bfY si no eran tan malos en hierba? \u00bfPodr\u00eda Santana tirar del equipo jugando individual y dobles? El madrile\u00f1o era la gran amenaza espa\u00f1ola, el hombre que podr\u00eda equilibrar algo m\u00e1s la balanza, pero tambi\u00e9n el jugador que m\u00e1s presi\u00f3n iba a tener sobre sus hombros. Todos estos elementos, los buenos y los malos, se notaron ya desde el primer partido.<\/p>\n<p><b>As\u00ed fue la primera final de Espa\u00f1a en Copa Davis<\/b><\/p>\n<p class=\"text-align-justify\">Fred Stolle y Manolo Santana fueron los encargados de abrir la eliminatoria, siendo el espa\u00f1ol quien arranc\u00f3 m\u00e1s suelto. Con el marcador claramente a su favor (12-10, 6-3), Espa\u00f1a estaba a un solo set de empezar dando un golpe sobre la mesa en la final. Sin embargo, a Santana le pudo la presi\u00f3n, se hizo peque\u00f1o y encaj\u00f3 una remontada tortuosa en cinco mangas que jam\u00e1s pudo olvidar. \u201cUna de las derrotas m\u00e1s dolorosas de mi carrera\u201d, escribi\u00f3 muchos a\u00f1os despu\u00e9s en su autobiograf\u00eda.<\/p>\n<p><img decoding=\"async\" alt=\"Recuerdos de la Copa Davis 1965. Fuente: Getty\" data-entity-type=\"file\" data-entity-uuid=\"6ab47547-b9d8-4faa-821e-15d3e08e5fc8\" class=\"align-center lazyload\" width=\"740\" height=\"530\" loading=\"lazy\" src=\"https:\/\/www.europesays.com\/es\/wp-content\/uploads\/2025\/11\/Copa-Davis-1965-Primera-Final-Espa\u00f1a-Recuerdos.png\"\/><\/p>\n<p class=\"text-align-justify\">\u00a0<\/p>\n<p class=\"text-align-justify\">Para muchos, aquel fue el primer y \u00fanico momento de esperanza en todo el fin de semana, ese peque\u00f1o segundo donde la mente del aficionado espa\u00f1ol pens\u00f3: \u2018Se puede\u2019. A todo esto, en nuestro pa\u00eds se vivi\u00f3 al m\u00e1ximo el evento, mandando varios periodistas in-situ a cubrirlo. Por otra parte, la embajada espa\u00f1ola en Australia y el Ministerio de Asuntos Exteriores hicieron todo lo posible para que la colonia espa\u00f1ola pudiera estar presente en los partidos, que se sintiera nuestra fuerza y pudieran animar. Algunas emisoras de radio apoyaron diversas iniciativas para enviar a sus compatriotas todo tipo de banderas, gorros y objetos para que nuestros colores estuvieran vivos en las gradas. L\u00e1stima que no sirviera de mucho.<\/p>\n<p class=\"text-align-justify\">Despu\u00e9s de perder el primer punto en cinco mangas llegar\u00eda la derrota de Juan Gisbert ante Roy Emerson. Y al d\u00eda siguiente, la de Santana-Arilla ante Newcombe-Roche. Es decir, que <b>el sue\u00f1o de ganar nuestra primera Copa Davis se hab\u00eda esfumado en menos de 24 horas<\/b>. Juan Manuel Couder, el m\u00e1s veterano del equipo, acept\u00f3 desde un primer momento su rol de suplente, ejerciendo otras funciones dentro del vestuario que tambi\u00e9n son fundamentales para hacer pi\u00f1a. Dice que a Juanito le encantaba viajar, que siempre andaba cargado con libros, de ah\u00ed que terminara sacando la carrera de Ingenier\u00eda Industrial.<\/p>\n<p class=\"text-align-justify\">Ya con la final entregada, Santana todav\u00eda sacar\u00eda fuerzas el \u00faltimo d\u00eda para darle a Espa\u00f1a el punto del honor. Es verdad que no cambiaba nada, pero aquel triunfo ante Roy Emerson en cuatro mangas se celebr\u00f3 entre el p\u00fablico espa\u00f1ol como si fuera un t\u00edtulo. Fue la manera de quitarse la espina, de demostrar su car\u00e1cter competitivo, de disfrutar sin presi\u00f3n sobre la pista. En ese momento \u00e9l no lo sab\u00eda, pero esa terminar\u00eda siendo la \u00fanica derrota individual de Emerson en todo su recorrido en Copa Davis.<\/p>\n<p><img decoding=\"async\" alt=\"Los resultados de la Copa Davis 1965 entre Espa\u00f1a y Australia.\" data-entity-type=\"file\" data-entity-uuid=\"2fc5b8f7-4bbe-41d5-b21a-d61b96b202e8\" class=\"align-center lazyload\" width=\"635\" height=\"361\" loading=\"lazy\" src=\"https:\/\/www.europesays.com\/es\/wp-content\/uploads\/2025\/11\/Copa-Davis-1965-Primera-Final-Espa\u00f1a-Marcador.png\"\/><\/p>\n<p class=\"text-align-justify\">\u00a0<\/p>\n<p class=\"text-align-justify\">Australia, que disputaba su 34\u00aa final en la competici\u00f3n, se alz\u00f3 campeona por 20\u00aa ocasi\u00f3n tras un resultado definitivo de 4-1. Espa\u00f1a, inmersa en su primera final, sufri\u00f3 las injusticias del Challenge Round, un formato que auspici\u00f3 que Estados Unidos y Australia se repartieran todos los t\u00edtulos de Copa Davis entre 1937 y 1970. <b>La RFET les hab\u00eda prometido un mill\u00f3n de pesetas a repartir entre todo el equipo si volv\u00edan con el t\u00edtulo<\/b>. Ricos no se hicieron, pero dejaron abierta para siempre la senda hacia la gloria, esa que d\u00e9cadas m\u00e1s tarde transitar\u00edan los Costa, Ferrero, Corretja y Balcells.<\/p>\n<p class=\"text-align-justify\">Por cierto, el que s\u00ed tuvo un detalle con la Espa\u00f1a de 1965 fue <b>Juan Antonio Samaranch<\/b>, que les regal\u00f3 un reloj de oro a cada uno. Algo es algo.<\/p>\n","protected":false},"excerpt":{"rendered":"Streaming Challenger Temuco en directo \ud83c\udfbe Federico Agustin Gomez vs Lautaro Midon Entra aqu\u00ed y reg\u00edstrate en Bet365&hellip;\n","protected":false},"author":2,"featured_media":262811,"comment_status":"","ping_status":"","sticky":false,"template":"","format":"standard","meta":{"footnotes":""},"categories":[274],"tags":[168,25,24,23,167,327,326],"class_list":{"0":"post-262810","1":"post","2":"type-post","3":"status-publish","4":"format-standard","5":"has-post-thumbnail","7":"category-tenis","8":"tag-deportes","9":"tag-es","10":"tag-espana","11":"tag-spain","12":"tag-sports","13":"tag-tenis","14":"tag-tennis"},"share_on_mastodon":{"url":"https:\/\/pubeurope.com\/@es\/115635664358529741","error":""},"_links":{"self":[{"href":"https:\/\/www.europesays.com\/es\/wp-json\/wp\/v2\/posts\/262810","targetHints":{"allow":["GET"]}}],"collection":[{"href":"https:\/\/www.europesays.com\/es\/wp-json\/wp\/v2\/posts"}],"about":[{"href":"https:\/\/www.europesays.com\/es\/wp-json\/wp\/v2\/types\/post"}],"author":[{"embeddable":true,"href":"https:\/\/www.europesays.com\/es\/wp-json\/wp\/v2\/users\/2"}],"replies":[{"embeddable":true,"href":"https:\/\/www.europesays.com\/es\/wp-json\/wp\/v2\/comments?post=262810"}],"version-history":[{"count":0,"href":"https:\/\/www.europesays.com\/es\/wp-json\/wp\/v2\/posts\/262810\/revisions"}],"wp:featuredmedia":[{"embeddable":true,"href":"https:\/\/www.europesays.com\/es\/wp-json\/wp\/v2\/media\/262811"}],"wp:attachment":[{"href":"https:\/\/www.europesays.com\/es\/wp-json\/wp\/v2\/media?parent=262810"}],"wp:term":[{"taxonomy":"category","embeddable":true,"href":"https:\/\/www.europesays.com\/es\/wp-json\/wp\/v2\/categories?post=262810"},{"taxonomy":"post_tag","embeddable":true,"href":"https:\/\/www.europesays.com\/es\/wp-json\/wp\/v2\/tags?post=262810"}],"curies":[{"name":"wp","href":"https:\/\/api.w.org\/{rel}","templated":true}]}}