{"id":262812,"date":"2025-11-29T23:49:11","date_gmt":"2025-11-29T23:49:11","guid":{"rendered":"https:\/\/www.europesays.com\/es\/262812\/"},"modified":"2025-11-29T23:49:11","modified_gmt":"2025-11-29T23:49:11","slug":"mathieu-van-der-poel-estara-en-benidorm-13-carreras-en-mes-y-medio","status":"publish","type":"post","link":"https:\/\/www.europesays.com\/es\/262812\/","title":{"rendered":"Mathieu van der Poel estar\u00e1 en Benidorm: 13 carreras en mes y medio"},"content":{"rendered":"<p>El equipo Alpecin Decenuninck ha anunciado el calendario de ciclocross de Mathieu van der Poel para la temporada 2025-2026. En total, hay previstas hasta 13 competiciones en un mes y medio, lo que significa que el campe\u00f3n mundial estar\u00e1 presente pr\u00e1cticamente en todas las carreras de las Navidades.<\/p>\n<p>El equipo neerland\u00e9s ha comentado que <strong>la prueba de Namur (14 de diciembre) y la de Benidorm (18 de enero)<\/strong> no est\u00e1n confirmadas al ciento por ciento, aunque si todo sigue con la previsi\u00f3n inicial, Mathieu van der Poel estar\u00e1 presente en ambas. Lo cierto es que en apenas un mes y medio disputar\u00e1 hasta 13 carreras. Por tanto, apenas se saltar\u00e1 tres carreras: Zolder (23), Dendermonde (28) y Diegem (30) dentro de un calendario que finalizar\u00e1 con una cita que Mathieu van der Poel siempre quiere disputar: <strong>el campeonato del Mundo de ciclocross.\u00a0<\/strong><\/p>\n<p><strong>CALENDARIO DE VAN DER POEL PARA 2025-2026<\/strong><\/p>\n<ul id=\"8c2a601a-c0fb-4b25-84d7-e92e09f7dcfb\">\n<li>December 14 \u2013 UCI Cyclo-cross World Cup, Namur (TBC)<\/li>\n<li>December 20 \u2013 UCI Cyclo-cross World Cup, Antwerp<\/li>\n<li>December 21 \u2013 UCI Cyclo-cross World Cup, Koksijde<\/li>\n<li>December 22 \u2013 X2O Trofee, Hofstade<\/li>\n<li>December 26 \u2013 UCI Cyclo-cross World Cup, Gavere<\/li>\n<li>December 29 \u2013 X2O Trofee, Loenhout<\/li>\n<li>January 1 \u2013 X2O Trofee, Baal<\/li>\n<li>January 2 \u2013 Exact Cross, Mol<\/li>\n<li>January 4 \u2013 UCI Cyclo-cross World Cup, Zonhoven<\/li>\n<li>January 18 \u2013 UCI Cyclo-cross World Cup, Benidorm<\/li>\n<li>January 24 \u2013 UCI Cyclo-cross World Cup, Maasmechelen<\/li>\n<li>January 25 \u2013 UCI Cyclo-cross World Cup, Hoogerheide<\/li>\n<li>February 1 \u2013 UCI Cyclo-cross World Championships, Hulst<\/li>\n<\/ul>\n","protected":false},"excerpt":{"rendered":"El equipo Alpecin Decenuninck ha anunciado el calendario de ciclocross de Mathieu van der Poel para la temporada&hellip;\n","protected":false},"author":2,"featured_media":262813,"comment_status":"","ping_status":"","sticky":false,"template":"","format":"standard","meta":{"footnotes":""},"categories":[273],"tags":[313,312,168,25,24,23,167],"class_list":{"0":"post-262812","1":"post","2":"type-post","3":"status-publish","4":"format-standard","5":"has-post-thumbnail","7":"category-ciclismo","8":"tag-ciclismo","9":"tag-cycling","10":"tag-deportes","11":"tag-es","12":"tag-espana","13":"tag-spain","14":"tag-sports"},"share_on_mastodon":{"url":"https:\/\/pubeurope.com\/@es\/115635667822693349","error":""},"_links":{"self":[{"href":"https:\/\/www.europesays.com\/es\/wp-json\/wp\/v2\/posts\/262812","targetHints":{"allow":["GET"]}}],"collection":[{"href":"https:\/\/www.europesays.com\/es\/wp-json\/wp\/v2\/posts"}],"about":[{"href":"https:\/\/www.europesays.com\/es\/wp-json\/wp\/v2\/types\/post"}],"author":[{"embeddable":true,"href":"https:\/\/www.europesays.com\/es\/wp-json\/wp\/v2\/users\/2"}],"replies":[{"embeddable":true,"href":"https:\/\/www.europesays.com\/es\/wp-json\/wp\/v2\/comments?post=262812"}],"version-history":[{"count":0,"href":"https:\/\/www.europesays.com\/es\/wp-json\/wp\/v2\/posts\/262812\/revisions"}],"wp:featuredmedia":[{"embeddable":true,"href":"https:\/\/www.europesays.com\/es\/wp-json\/wp\/v2\/media\/262813"}],"wp:attachment":[{"href":"https:\/\/www.europesays.com\/es\/wp-json\/wp\/v2\/media?parent=262812"}],"wp:term":[{"taxonomy":"category","embeddable":true,"href":"https:\/\/www.europesays.com\/es\/wp-json\/wp\/v2\/categories?post=262812"},{"taxonomy":"post_tag","embeddable":true,"href":"https:\/\/www.europesays.com\/es\/wp-json\/wp\/v2\/tags?post=262812"}],"curies":[{"name":"wp","href":"https:\/\/api.w.org\/{rel}","templated":true}]}}